{"id":2269,"date":"2018-03-31T11:30:32","date_gmt":"2018-03-31T17:30:32","guid":{"rendered":"https:\/\/entretejidos.iconos.edu.mx\/thesite\/?p=2269"},"modified":"2020-02-25T13:58:14","modified_gmt":"2020-02-25T19:58:14","slug":"alternativa-para-combatir-la-obesidad-infantil","status":"publish","type":"post","link":"https:\/\/entretejidos.iconos.edu.mx\/thesite\/alternativa-para-combatir-la-obesidad-infantil\/","title":{"rendered":"Alternativa para combatir la obesidad infantil"},"content":{"rendered":"<p>&nbsp;<\/p>\n<p>La pandemia del sobrepeso y la obesidad que aqueja al mundo contempor\u00e1neo ha pasado de ser un problema de s\u00f3lo adultos a afectar a la poblaci\u00f3n infantil. Si bien el estilo de vida moderno ha fomentado su expansi\u00f3n,\u00a0las grandes compa\u00f1\u00edas de alimentos tambi\u00e9n se han visto se\u00f1aladas como posibles culpables de las enfermedades mencionadas, tras la exposici\u00f3n de algunas de\u00a0las estrategias que utilizan con el fin de incrementar el consumo de sus productos.<\/p>\n<p>El presente art\u00edculo tiene como objetivos: destacar la importancia que ha adquirido el problema del sobrepeso y obesidad en el mundo que afecta especialmente a los infantes; y conocer\u00a0algunas t\u00e9cnicas de mercado utilizadas por grandes compa\u00f1\u00edas fabricantes de productos ultraprocesados\u00a0basadas en la neurociencia, para entender el porqu\u00e9 estas herramientas funcionan en las personas y proponer opciones de c\u00f3mo se pueden adaptar estas t\u00e9cnicas para\u00a0aplicarlas en casa.<\/p>\n<p><strong><span style=\"color: #d23a63; font-size: 14pt;\">Palabras clave<\/span><\/strong><\/p>\n<p>Obesidad, neurociencia, ni\u00f1os, alimentaci\u00f3n, mercadotecnia.<\/p>\n<p><strong><span style=\"font-size: 14pt;\"><em><span style=\"color: #d23a63;\">Abstract<\/span><\/em><\/span><\/strong><\/p>\n<p><em>The overweight and obesity pandemic that afflicts our contemporary world has gone from being an adult-only problem to also affect children population now.<\/em><\/p>\n<p><em>Although, our modern lifestyle has promoted its expansion. Big companies have been spotted as guilty of these aforementioned ailments. With the exposure of some of the strategies that large food companies have in order to increase the consumption of their products.<\/em><\/p>\n<p><em>The current article is aimed to highlight the importance that overweight and obesity have acquired around the world. Mainly the ones that are affecting the kids. To know some marketing techniques used by big companies of ultraprocessed products based on Neuroscience. So we can understand why these tools work on people and propose options to adapt and apply these techniques at home.<\/em><\/p>\n<p><span style=\"font-size: 14pt;\"><em><span style=\"color: #d23a63;\"><b>Keywords<\/b><\/span><\/em><\/span><\/p>\n<p><em>Obesity, neuroscience, children, nutrition, marketing.<\/em><\/p>\n<p><span style=\"font-size: 14pt;\"><a href=\"https:\/\/entretejidos.iconos.edu.mx\/thesite\/wp-content\/uploads\/2020\/02\/Entretejidos_obesidad_infantil.pdf\">PDF<\/a><\/span><\/p>\n<p><!--more--><\/p>\n<p><strong><span style=\"color: #d23a63; font-size: 14pt;\">Introducci\u00f3n<\/span><\/strong><\/p>\n<p>Seg\u00fan datos de la Organizaci\u00f3n Mundial de la Salud (OMS) la obesidad se ha m\u00e1s que duplicado alrededor del planeta en los \u00faltimos 30 a\u00f1os, con alarmantes consecuencias, como que cuatro de cada diez adultos\u00a0sufren de sobrepeso y uno de cada diez padece obesidad (Organizaci\u00f3n Mundial de la Salud, b 3). Desafortunadamente los ni\u00f1os han pasado a ser estad\u00edstica al igual que los adultos y ahora se sabe que 41 millones de los menores de cinco a\u00f1os, se integran a las filas del sobrepeso. (Organizaci\u00f3n Mundial de la Salud\u00a0 c 1).<\/p>\n<p>El Fondo de las Naciones Unidas para la Infancia (UNICEF) nos confirma la alarmante situaci\u00f3n que vive nuestro pa\u00eds,\u00a0al declarar en su sitio de Internet que\u00a0M\u00e9xico ocupa el segundo lugar en obesidad general (hombres y mujeres) y el primero en obesidad infantil y femenil. Se calcula que el 80% de las muertes en M\u00e9xico son ligadas al sobrepeso y la obesidad. Todo lo anterior cuesta\u00a0al gobierno alrededor de 120 mil millones de pesos (S\u00e1nchez p\u00e1rr 1).<\/p>\n<p>\u00bfEs posible hacer algo para detener la marcha acelerada de esta pandemia? S\u00ed, ya que tanto el sobrepeso como la obesidad pueden prevenirse.\u00a0Al entender lo que son y sus causas, se podr\u00e1 intervenir oportunamente y de una manera adecuada, para reducir el desarrollo de este mal.<\/p>\n<p>La misma Organizaci\u00f3n Mundial de la Salud\u00a0presenta algunas alternativas que se piensa causar\u00edan un efecto positivo en el tratamiento de estas enfermedades como lo es el modificar el estilo de vida, a trav\u00e9s de la correcta alimentaci\u00f3n y la actividad f\u00edsica. Pero tambi\u00e9n la instituci\u00f3n es consciente de que\u00a0los cambios no se dan solos y que en un panorama m\u00e1s id\u00f3neo ser\u00eda medular no s\u00f3lo el apostar a modificaciones en los individuos, sino integrar a la industria alimentaria. Las grandes transnacionales juegan un papel muy importante en las recomendaciones que hace la instituci\u00f3n de salud, ya que gran parte ellas participan en este c\u00edrculo vicioso, que ha hecho proliferar el sobrepeso y la obesidad a nivel global.<\/p>\n<p>Sin embargo, parecer\u00eda que las compa\u00f1\u00edas\u00a0mucho inter\u00e9s en seguir estas recomendaciones, por el contrario, se especializan, cada vez en mayor medida,\u00a0en encontrar nuevas formas de mantener los productos que promueven por m\u00e1s tiempo en la mente del consumidor. Esto ha llevado a buscar respuestas en campos nuevos y a hacer alianzas que anteriormente no exist\u00edan; lo que ha dado pie\u00a0al surgimiento del neuromercadeo o <em>neuromarketing<\/em>.<\/p>\n<p>\u00bfQu\u00e9 es el <em>neuromarketing<\/em> y qu\u00e9 relaci\u00f3n tiene con enfermedades como la obesidad y sobrepeso? \u00bfEs posible competir con los voceros del <em>marketing<\/em> por un lugar en la mente de nuestros ni\u00f1os y fomentar una dieta m\u00e1s acorde a la recomendada por la OMS? \u00bfTenemos alguna oportunidad de\u00a0enfrentarnos de manera \u201cjusta\u201d a las estrategias de grandes compa\u00f1\u00edas que traen detr\u00e1s de ellas fuertes cantidades de dinero con\u00a0un presupuesto much\u00edsimo menor?<\/p>\n<p>En el presente art\u00edculo se busca dar respuesta a estas preguntas al mostrar\u00a0algunas alternativas desde las ense\u00f1anzas de la uni\u00f3n entre ciencia y mercadeo.<\/p>\n<ol>\n<li><strong><span style=\"color: #d23a63; font-size: 14pt;\">1. Definici\u00f3n de sobrepeso y obesidad\u00a0<\/span><\/strong><\/li>\n<\/ol>\n<p>En el mundo actual se encuentra que m\u00e1s de mil millones de adultos presentan sobrepeso y al menos 300 millones de ellos son cl\u00ednicamente obesos.\u00a0(Rodr\u00edguez, 95-98).<\/p>\n<p>Se diagnostica sobrepeso en un individuo cuando la salud de \u00e9ste se pone en riesgo, a causa de tener una acumulaci\u00f3n anormal de grasa en su cuerpo y se le considera obeso, cuando esta acumulaci\u00f3n de grasa corporal es excesiva. Pero \u00bfc\u00f3mo saber la cantidad de grasa que tiene nuestro cuerpo? Para saber el nivel de grasa que poseemos\u00a0la OMS se vale del \u00cdndice de Masa Corporal, el cual se calcula de la siguiente forma:<\/p>\n<a href=\"https:\/\/entretejidos.iconos.edu.mx\/thesite\/wp-content\/uploads\/2018\/04\/2.jpg\"><img loading=\"lazy\" decoding=\"async\" class=\" wp-image-2274 aligncenter\" src=\"https:\/\/entretejidos.iconos.edu.mx\/thesite\/wp-content\/uploads\/2018\/04\/2-300x231.jpg\" alt=\"\" width=\"451\" height=\"347\" srcset=\"https:\/\/entretejidos.iconos.edu.mx\/thesite\/wp-content\/uploads\/2018\/04\/2-300x231.jpg 300w, https:\/\/entretejidos.iconos.edu.mx\/thesite\/wp-content\/uploads\/2018\/04\/2.jpg 348w\" sizes=\"auto, (max-width: 451px) 100vw, 451px\" \/><\/a>\n<p style=\"text-align: center;\"><span style=\"font-size: 8pt;\">Imagen 01. Lavanderos, F\u00f3rmula para obtener el \u00cdndice de Masa Corporal, 2016.<\/span><\/p>\n<p>Si el resultado que se obtiene es de 25 a 29.90 se considera que la persona cae en el sobrepeso, si el resultado es igual o mayor a 30 se considera obesa. (Ver imagen 1)<\/p>\n<a href=\"https:\/\/entretejidos.iconos.edu.mx\/thesite\/wp-content\/uploads\/2018\/04\/3.jpg\"><img loading=\"lazy\" decoding=\"async\" class=\" wp-image-2278 aligncenter\" src=\"https:\/\/entretejidos.iconos.edu.mx\/thesite\/wp-content\/uploads\/2018\/04\/3-300x231.jpg\" alt=\"\" width=\"451\" height=\"347\" srcset=\"https:\/\/entretejidos.iconos.edu.mx\/thesite\/wp-content\/uploads\/2018\/04\/3-300x231.jpg 300w, https:\/\/entretejidos.iconos.edu.mx\/thesite\/wp-content\/uploads\/2018\/04\/3-768x592.jpg 768w, https:\/\/entretejidos.iconos.edu.mx\/thesite\/wp-content\/uploads\/2018\/04\/3.jpg 792w\" sizes=\"auto, (max-width: 451px) 100vw, 451px\" \/><\/a>\n<p style=\"text-align: center;\"><span style=\"font-size: 8pt;\">Imagen 02. Lavanderos, Tipo de peso basado en el IMC, 2016.<\/span><\/p>\n<p>En otras palabras, el sobrepeso y la obesidad ocurren cuando la ingesta de calor\u00edas sobrepasa la energ\u00eda gastada\u00a0al realizar nuestras actividades diarias, lo que ocasiona\u00a0un incremento en los dep\u00f3sitos de grasa corporal y, por ende, conlleva a la ganancia de peso.<\/p>\n<p><span style=\"color: #d23a63; font-size: 12pt;\"><strong>\u2022 Causas y consecuencias<\/strong><\/span><\/p>\n<p>Estas enfermedades encuentran su causa en diversos factores de curso habitual, en los cuales se involucran aspectos ambientales, gen\u00e9ticos y de estilo de vida. Por ejemplo, por una parte, en la \u00e9poca contempor\u00e1nea se ha aumentado el consumo de alimentos de bajo contenido nutricional, pero con calor\u00edas excesivas que adem\u00e1s son ricos en grasas, az\u00facares y sal; por la otra, la sociedad se vuelve cada vez m\u00e1s sedentaria, es decir, la actividad f\u00edsica ha disminuido dr\u00e1sticamente dado el crecimiento de las ciudades y el tipo de traslado dentro de ellas, los diferentes trabajos que requieren de poco esfuerzo, etc. En consecuencia, pareciera que las calor\u00edas que consume una persona, sobrepasan por mucho aquellas que son realmente requeridas por el cuerpo.<\/p>\n<p>En cuanto a sus consecuencias caer\u00edamos en un grave error si consider\u00e1ramos que \u00e9stas son meramente est\u00e9ticas, puesto que de acuerdo con datos de la OMS, ese tipo de vida son factores de riesgo para numerosos padecimientos, por ejemplo:<\/p>\n<ul>\n<li style=\"list-style-type: none;\">\n<ul>\n<li>\u2022 Diabetes (44% de los casos a nivel mundial)<\/li>\n<li>\u2022 Enfermedades cardiovasculares (23% de cardiopat\u00eda isqu\u00e9mica)<\/li>\n<li>\u2022 C\u00e1ncer (7-41%)<\/li>\n<li>\u2022 Trastornos del aparato locomotor<\/li>\n<\/ul>\n<\/li>\n<li><\/li>\n<li><a href=\"https:\/\/entretejidos.iconos.edu.mx\/thesite\/wp-content\/uploads\/2018\/04\/4_5_6.png\"><img loading=\"lazy\" decoding=\"async\" class=\" wp-image-2287 aligncenter\" src=\"https:\/\/entretejidos.iconos.edu.mx\/thesite\/wp-content\/uploads\/2018\/04\/4_5_6-300x123.png\" alt=\"\" width=\"450\" height=\"185\" srcset=\"https:\/\/entretejidos.iconos.edu.mx\/thesite\/wp-content\/uploads\/2018\/04\/4_5_6-300x123.png 300w, https:\/\/entretejidos.iconos.edu.mx\/thesite\/wp-content\/uploads\/2018\/04\/4_5_6.png 551w\" sizes=\"auto, (max-width: 450px) 100vw, 450px\" \/><\/a><\/li>\n<li>\n<p style=\"text-align: center;\"><span style=\"font-size: 8pt;\">Imagen 03. Lavanderos, Algunos efectos del sobrepeso y obesidad en adultos, 2016.<\/span><\/p>\n<\/li>\n<li>Vemos que el sobrepeso y la obesidad se han vuelto foco de atenci\u00f3n, ya no s\u00f3lo en pa\u00edses desarrollados donde hay un mayor n\u00famero de obesos, sino tambi\u00e9n en pa\u00edses subdesarrollados, pues en estos \u00faltimos se enfrentan; adem\u00e1s de a la morbilidad a\u00a0los problemas que conllevan enfermedades de tipo infeccioso y de desnutrici\u00f3n; sumado a las\u00a0repercusiones econ\u00f3micas que representa atender los incrementos en dichas enfermedades no transmisibles.<\/li>\n<\/ul>\n<p><span style=\"font-size: 12pt;\"><strong><span style=\"color: #d23a63;\">\u2022 Infancia obesa<\/span><\/strong><\/span><\/p>\n<p>Vivimos en un pa\u00eds cuyas caracter\u00edsticas econ\u00f3micas favorecen la obesidad y el sobrepeso, como apunta la OMS. En M\u00e9xico\u00a0las mujeres son m\u00e1s propensas a tener deficiencias en su nutrici\u00f3n, lo que afecta\u00a0a sus hijos durante la etapa prenatal, lactancia y ni\u00f1ez.\u00a0Como vemos, el tipo de problemas de nutrici\u00f3n al que se ven expuestos los adultos afecta a los m\u00e1s peque\u00f1os de nuestra poblaci\u00f3n.<\/p>\n<p>Los efectos\u00a0del presente art\u00edculo no pretenden abarcar las causas econ\u00f3micas o de desarrollo, que causan la obesidad y sobrepeso en la poblaci\u00f3n, pero s\u00ed resaltar otras sobre las que se puede tener m\u00e1s control: la exposici\u00f3n que tenemos y tienen los cr\u00edos a los medios de comunicaci\u00f3n; y la\u00a0sobreexposici\u00f3n a productos ultraprocesados, que si bien son percibidos por los padres como pr\u00e1cticos y de bajo costo, son ricos en calor\u00edas, grasas, az\u00facares y sal, lo cual\u00a0coadyuva al aumento de peso y repercute a largo plazo en el gasto familiar y de los gobiernos.\u00a0Como prueba de ello, en el 2008 el costo directo de atenci\u00f3n a enfermedades relacionadas con la obesidad fue de $42 mil millones de pesos (Animal pol\u00edtico a 15).<\/p>\n<p>Seg\u00fan la OMS en el 2016, m\u00e1s de 41 millones de ni\u00f1os menores de cinco a\u00f1os ten\u00edan sobrepeso. Lo que hace considerar a la obesidad\u00a0infantil como uno de los problemas de salud p\u00fablica m\u00e1s graves del siglo XXI (Organizaci\u00f3n Mundial de la Salud c1).\u00a0<span id='easy-footnote-1-2269' class='easy-footnote-margin-adjust'><\/span><span class='easy-footnote'><a href='https:\/\/entretejidos.iconos.edu.mx\/thesite\/alternativa-para-combatir-la-obesidad-infantil\/#easy-footnote-bottom-1-2269' title='[1]&lt;span lang=&quot;ES-MX&quot; style=&quot;font-size: 12pt;&quot;&gt;En los lactantes y los ni\u00f1os que est\u00e1n creciendo, la obesidad se mide seg\u00fan los \u00abpatrones de crecimiento infantil\u00bb (talla\/estatura para la edad, peso para la edad, peso para la talla, peso para la estatura e \u00edndice de masa corporal para la edad) y los datos de referencia sobre el crecimiento entre los 5 y los 19 a\u00f1os (\u00edndice de masa corporal para la edad).&lt;\/span&gt;'><sup>1<\/sup><\/a><\/span><\/p>\n<p>Los riesgos que corren los ni\u00f1os con obesidad oscilan entre los siguientes (Organizaci\u00f3n Mundial de la Salud\u00a0 d 1-4):<\/p>\n<ul>\n<li>\u2022 Algunos tipos de c\u00e1ncer (endometrio, mama y colon)<\/li>\n<li>\u2022 Diabetes (a edad m\u00e1s temprana)<\/li>\n<li>\u2022 Dificultad respiratoria<\/li>\n<li>\u2022 Discapacidad<\/li>\n<li>\u2022 Efectos psicol\u00f3gicos<\/li>\n<li>\u2022 Enfermedades cardiovasculares (a edad m\u00e1s temprana)<\/li>\n<li>\u2022 Mayor riesgo de fracturas<\/li>\n<li>\u2022 Mayor riesgo de hipertensi\u00f3n<\/li>\n<li>\u2022 Muerte prematura<\/li>\n<li>\u2022 Trastornos osteomusculares<\/li>\n<li>\u2022 Resistencia a la insulina<\/li>\n<\/ul>\n<a href=\"https:\/\/entretejidos.iconos.edu.mx\/thesite\/wp-content\/uploads\/2018\/04\/7.jpg\"><img loading=\"lazy\" decoding=\"async\" class=\" wp-image-2296 aligncenter\" src=\"https:\/\/entretejidos.iconos.edu.mx\/thesite\/wp-content\/uploads\/2018\/04\/7-300x157.jpg\" alt=\"\" width=\"451\" height=\"236\" srcset=\"https:\/\/entretejidos.iconos.edu.mx\/thesite\/wp-content\/uploads\/2018\/04\/7-300x157.jpg 300w, https:\/\/entretejidos.iconos.edu.mx\/thesite\/wp-content\/uploads\/2018\/04\/7.jpg 595w\" sizes=\"auto, (max-width: 451px) 100vw, 451px\" \/><\/a>\n<p style=\"text-align: center;\"><span style=\"font-size: 8pt;\">Imagen 04. Saunite, Consecuencias de la Obesidad Infantil, 2016.<\/span><\/p>\n<p><span style=\"color: #d23a63; font-size: 14pt;\"><strong><span style=\"font-size: 12pt;\">\u2022 Recomendaciones de la OMS<\/span> <\/strong><\/span><\/p>\n<p>Las principales recomendaciones de la OMS toman en cuenta los siguientes puntos:<\/p>\n<ol>\n<li>\u00a0 \u00a01) Actividad f\u00edsica<\/li>\n<li>\u00a0 \u00a02) Dieta<\/li>\n<\/ol>\n<a href=\"https:\/\/entretejidos.iconos.edu.mx\/thesite\/wp-content\/uploads\/2018\/04\/8.jpg\"><img loading=\"lazy\" decoding=\"async\" class=\" wp-image-2300 aligncenter\" src=\"https:\/\/entretejidos.iconos.edu.mx\/thesite\/wp-content\/uploads\/2018\/04\/8-300x231.jpg\" alt=\"\" width=\"451\" height=\"347\" srcset=\"https:\/\/entretejidos.iconos.edu.mx\/thesite\/wp-content\/uploads\/2018\/04\/8-300x231.jpg 300w, https:\/\/entretejidos.iconos.edu.mx\/thesite\/wp-content\/uploads\/2018\/04\/8.jpg 488w\" sizes=\"auto, (max-width: 451px) 100vw, 451px\" \/><\/a>\n<p style=\"text-align: center;\"><span style=\"font-size: 8pt;\">Imagen 05. Lavanderos, Recomendaciones OMS, 2016. (Organizaci\u00f3n Mundial de la Salud, b 31-35)<\/span><\/p>\n<p>La propuesta consiste en reducir el peso mediante actividad f\u00edsica durante 60 minutos,\u00a0la mayor\u00eda de los d\u00edas de la semana y en\u00a0disminuir el consumo de grasas y az\u00facar, e incrementar la ingesta de frutas y verduras en la dieta de los infantes. Con esto se pretende que la ingesta de calor\u00edas sea equiparable a la cantidad de calor\u00edas quemadas por el ejercicio, sin embargo, la popularidad de los h\u00e1bitos\u00a0sedentarios como estar frente a alg\u00fan medio electr\u00f3nico (ll\u00e1mese televisi\u00f3n, computadora o celular), la falta de espacios, la contaminaci\u00f3n ambiental y la incertidumbre e inseguridad,\u00a0hacen dif\u00edcil\u00a0llevar a la realidad estas pr\u00e1cticas.<\/p>\n<p>La misma OMS se\u00f1ala que\u00a0las elecciones de los ni\u00f1os, su dieta y el h\u00e1bito de realizar actividades f\u00edsicas, dependen del entorno que les rodea. Esta situaci\u00f3n fomenta el aumento de peso y provoca la prevalencia de la obesidad infantil.<\/p>\n<p><span style=\"color: #d23a63;\"><strong>\u2022 Retos en la actualidad<\/strong><\/span><\/p>\n<p>Hace algunos a\u00f1os el tener un beb\u00e9 regordete distaba mucho de ser una alarma para los padres y si el sobrepeso continuaba en la ni\u00f1ez, se pensaba que la grasa corporal ir\u00eda desapareciendo con el tiempo. En cuanto el ni\u00f1o entrara a la adolescencia y \u201cdiera el estir\u00f3n\u201d se resolver\u00eda el problema. En el presente, en sentido contrario, el peso de los beb\u00e9s es monitoreado minuciosamente, ya que si no se interviene a una edad temprana, se piensa,\u00a0los beb\u00e9s obesos ser\u00e1n luego ni\u00f1os y adolescentes obesos,\u00a0que se convertir\u00e1n finalmente en adultos obesos; peso a ello, la obesidad infantil es una constante.<\/p>\n<p>Pero entonces, \u00bfqu\u00e9 ha cambiado? Una respuesta r\u00e1pida ser\u00eda \u00a1todo! Aunque parezca una exageraci\u00f3n, no est\u00e1 lejos de ser realidad. Los alimentos son diferentes, contienen una mayor cantidad de conservadores, grasas, sal y az\u00facares que el cuerpo no asimila f\u00e1cilmente de manera natural. El ritmo de vida es diferente, las personas se encuentran bajo m\u00e1s estr\u00e9s y las veinticuatro horas del d\u00eda parecen no ser suficientes para realizar nuestras tareas diarias. El estilo de vida tambi\u00e9n ha sido modificado, ya no son frecuentes las comidas en familia o si quiera el pasear por el parque los fines de semana. Ahora las familias est\u00e1n m\u00e1s dentro de sus casas y\/o centros de trabajo. El sedentarismo se incrementa entre los individuos, sin importar su edad.<\/p>\n<p>Esta nueva forma de pasividad se encuentra acompa\u00f1ada de una exposici\u00f3n a los medios de comunicaci\u00f3n en detrimento de pr\u00e1cticas que activan al cuerpo. Ser sedentarios incrementa el estr\u00e9s y la ingesta cal\u00f3rica, que se vuelve m\u00e1s dif\u00edcil de consumir, lo que se convierte en un c\u00edrculo vicioso que produce sobrepeso y obesidad.<\/p>\n<p>Hay m\u00e1s factores que participan\u00a0en este c\u00edrculo, mas para efectos de este art\u00edculo, no es necesaria su menci\u00f3n.<\/p>\n<ol>\n<li><span style=\"color: #d23a63; font-size: 14pt;\"><strong>2. Medios,\u00a0<em>marketing<\/em> y sobrepeso y obesidad infantiles<\/strong><\/span><\/li>\n<li><\/li>\n<\/ol>\n<p>El problema con los medios no son ellos en s\u00ed, sino la forma\u00a0en que se han desarrollado para persuadir las mentes de los consumidores y c\u00f3mo ha crecido el p\u00fablico\u00a0al que se dirigen. Por eso las marcas han aumentado su inversi\u00f3n en estudios de mercado, con el fin de entender la mente de sus clientes.<\/p>\n<p>La forma en que lo hacen hoy\u00a0va m\u00e1s all\u00e1 de las simples entrevistas de opini\u00f3n, porque pareciera que es prescindible este tipo de informaci\u00f3n. De este modo el contacto humano se deja de lado para buscar simplemente la ra\u00edz de las reacciones de sus clientes. Ahora se interpretan los est\u00edmulos del cerebro dejando de lado los argumentos sesgados\u00a0por la opini\u00f3n de los dem\u00e1s o por el miedo al qu\u00e9 dir\u00e1n, que una entrevista pudiera arrojar. En ese sentido y con el apoyo de las neurociencias, el mercadeo puede saber de primera mano los efectos que una estrategia de\u00a0publicidad tiene en el ser humano. Como ejemplo de esta tendencia se tienen los siguientes campos (Gonz\u00e1lez y Olivera 12):<\/p>\n<table style=\"width: 731px;\">\n<tbody>\n<tr style=\"height: 71px;\">\n<td style=\"width: 192px; text-align: center; height: 617.859px;\" rowspan=\"6\"><a href=\"https:\/\/entretejidos.iconos.edu.mx\/thesite\/wp-content\/uploads\/2018\/04\/9.jpg\"><img loading=\"lazy\" decoding=\"async\" class=\" wp-image-2305 aligncenter\" src=\"https:\/\/entretejidos.iconos.edu.mx\/thesite\/wp-content\/uploads\/2018\/04\/9-65x300.jpg\" alt=\"\" width=\"120\" height=\"554\" srcset=\"https:\/\/entretejidos.iconos.edu.mx\/thesite\/wp-content\/uploads\/2018\/04\/9-65x300.jpg 65w, https:\/\/entretejidos.iconos.edu.mx\/thesite\/wp-content\/uploads\/2018\/04\/9.jpg 163w\" sizes=\"auto, (max-width: 120px) 100vw, 120px\" \/><\/a><span style=\"font-size: 8pt; color: #808080;\">Neuromarketing, 2016 <\/span><\/td>\n<td style=\"width: 538px; height: 71px;\"><strong>Neuroanatom\u00eda: <\/strong>se encarga de estudiar la conectividad del cerebro con el sistema nervioso, con base a su estructura anat\u00f3mica y morfolog\u00eda.<\/td>\n<\/tr>\n<tr style=\"height: 98px;\">\n<td style=\"width: 538px; height: 98px;\"><strong>Neuroeconom\u00eda \/ neurofinanzas:<\/strong> muy relacionadas con la econom\u00eda y finanzas, se interesan por las emociones emergentes y su rol al momento de la toma de decisiones de los agentes econ\u00f3micos.<\/td>\n<\/tr>\n<tr style=\"height: 98px;\">\n<td style=\"width: 538px; height: 98px;\"><strong>Neuroendocrinolog\u00eda: <\/strong>se ocupa de la relaci\u00f3n que hay entre sistema hormonal y nervioso.<\/td>\n<\/tr>\n<tr style=\"height: 99px;\">\n<td style=\"width: 538px; height: 99px;\"><strong>Neurolog\u00eda:<\/strong> estudia las diferentes patolog\u00edas que aquejan al cerebro y el c\u00f3mo tratar las mismas.<\/td>\n<\/tr>\n<tr style=\"height: 125px;\">\n<td style=\"width: 538px; height: 125px;\"><strong>Neuropsicolog\u00eda:<\/strong> le interesa el manejo de las emociones, los aspectos cognitivos e inteligencia, y las consecuencias cl\u00ednicas de las enfermedades del sistema nervioso.<\/td>\n<\/tr>\n<tr style=\"height: 126.859px;\">\n<td style=\"width: 538px; height: 126.859px;\"><strong>Neurociencias cognitivas:<\/strong> estudia las interconexiones entre el sistema nervioso y procesos como la memoria, emociones, lenguaje, el an\u00e1lisis de la percepci\u00f3n, etc., pertenecientes al sistema cognitivo.<\/td>\n<\/tr>\n<\/tbody>\n<\/table>\n<p>Por otro lado, la uni\u00f3n de una o m\u00e1s de estas ciencias con el mercadeo fue bautizada como <em>neuromarketing <\/em>por el Dr. Ale Smidts en el a\u00f1o 2002. Este campo emergente tiene como objetivo principal guiar a las marcas\u00a0iluminando (literalmente) el cerebro de los consumidores para identificar\u00a0el tipo de activaci\u00f3n cerebral que ocurre durante la exposici\u00f3n\u00a0que el consumidor experimenta en un ambiente particular, bajo una serie de\u00a0creencias, pensamientos y actitudes frente a la(s) marca(s) con las que ha tenido contacto en dicho contexto.<\/p>\n<p>Por medio del estudio del cerebro se ha descubierto que las emociones son las responsables en nuestras decisiones en un 90% (Garc\u00e9s 6). Se sabe entonces, que las emociones juegan un papel crucial en la toma de decisiones de los individuos, y que est\u00e1n\u00a0directamente relacionadas con las conductas que adopta para la compra, uso, mantenimiento y disposici\u00f3n de bienes tangibles o intangibles.<\/p>\n<p>Sin embargo, aunque se sabe que nuestra decisi\u00f3n de compra se ve influenciada por la emoci\u00f3n. No sabemos a ciencia cierta porqu\u00e9 realizamos la compra de un producto y no la de otro.<\/p>\n<p>Ahora bien, si no se sabe porqu\u00e9 se compra, una alternativa que toman las grandes empresas, es aumentar el n\u00famero de personas que pueden comprar sus productos, por ejemplo ampl\u00edan el rango de edad de su p\u00fablico objetivo.<\/p>\n<p>Es aqu\u00ed donde la mente infantil se vuelve un terreno codiciado. En Estados Unidos, por ejemplo,\u00a0las compa\u00f1\u00edas han llegado a invertir m\u00e1s de diez mil millones de d\u00f3lares en publicidad para ni\u00f1os (Bruce 1). En M\u00e9xico este dato no sol\u00eda variar tanto, como consecuencia de la prohibici\u00f3n\u00a0de anuncios publicitarios de productos altos en az\u00facar en horario infantil, que en 2014, proyect\u00f3 la salida del aire del 40% de los anuncios; justamente\u00a0promocionales de botanas, chocolates, dulces y refrescos (Animal pol\u00edtico 1).<\/p>\n<p>Por otro lado, si bien no hay un estudio como tal en el que se haya medido especialmente el comportamiento del cerebro infantil, se sabe que las reacciones son similares a las adultas. Tal vez por ello, las compa\u00f1\u00edas arman campa\u00f1as publicitarias enfocadas al p\u00fablico infantil y as\u00ed responden a la intensa\u00a0competencia por el reconocimiento, la preferencia y la lealtad del mercado pueril.\u00a0(Bruce y otros 1).<\/p>\n<p>Cabe recordar que una de las variables por la que los ni\u00f1os se encuentran m\u00e1s expuestos a la publicidad en medios electr\u00f3nicos, es por el sedentarismo. Un estudio hecho por investigadores espa\u00f1oles en el 2014 dio como resultado que la exposici\u00f3n a medios de comunicaci\u00f3n aumentaba las voluntades de los ni\u00f1os por comer comida chatarra y esto repercut\u00eda\u00a0en el aumento de las probabilidades de sufrir sobrepeso u obesidad.\u00a0(Mart\u00ednez-Moy\u00e1 y otros 203).<\/p>\n<p style=\"text-align: center;\"><a href=\"https:\/\/entretejidos.iconos.edu.mx\/thesite\/wp-content\/uploads\/2018\/04\/10.jpg\"><img loading=\"lazy\" decoding=\"async\" class=\" wp-image-2311 aligncenter\" src=\"https:\/\/entretejidos.iconos.edu.mx\/thesite\/wp-content\/uploads\/2018\/04\/10-300x231.jpg\" alt=\"\" width=\"451\" height=\"347\" srcset=\"https:\/\/entretejidos.iconos.edu.mx\/thesite\/wp-content\/uploads\/2018\/04\/10-300x231.jpg 300w, https:\/\/entretejidos.iconos.edu.mx\/thesite\/wp-content\/uploads\/2018\/04\/10.jpg 393w\" sizes=\"auto, (max-width: 451px) 100vw, 451px\" \/><\/a><span style=\"font-size: 8pt; color: #808080;\">Imagen 07. Lavanderos, Exposici\u00f3n a medios, 2016.<\/span><\/p>\n<p>Este estudio que tuvo como nombre \u201cAsociaci\u00f3n entre horas de televisi\u00f3n, actividad f\u00edsica, horas de sue\u00f1o y exceso de peso en poblaci\u00f3n adulta joven\u201d se\u00f1ala que: los ni\u00f1os que ven tan solo una hora de tv por d\u00eda, son m\u00e1s propensos al sobrepeso y la obesidad que quienes lo hacen menos de 60 minutos diarios. M\u00e1s a\u00fan, por excederse de la hora diaria de tele, los ni\u00f1os quedan un 50% m\u00e1s propensos al sobrepeso y tienen un 58% de probabilidad de ser obesos.<\/p>\n<p>Tratando de disminuir el efecto de ver televisi\u00f3n en los ni\u00f1os, en nuestro pa\u00eds se prohibi\u00f3 a partir del 16 de julio de 2014 la publicidad de alimentos con alto contenido cal\u00f3rico (Animal pol\u00edtico 2). Sin embargo, un monitoreo realizado por \u201cEl Poder del Consumidor\u201d, muestra que los m\u00e1rgenes discriminativos son muy laxos y a\u00fan se encuentran anuncios de alimentos poco nutritivos y muy altos en az\u00facar insertados en horarios de programas infantiles.<\/p>\n<ol>\n<li><span style=\"color: #d23a63; font-size: 14pt;\"><strong>3. Neuromercadeo aplicado<\/strong><\/span><\/li>\n<\/ol>\n<p>Claramente las compa\u00f1\u00edas no dejar\u00e1n de ofrecer sus productos a los infantes, por el contrario, se valdr\u00e1n de herramientas cada vez m\u00e1s complejas avaladas por la ciencia y la tecnolog\u00eda, como\u00a0es el caso del <em>neuromarketing<\/em>, para acercarse a ellos. Pero no es que todo est\u00e9 perdido en este campo, \u00bfacaso no es posible aplicar las ense\u00f1anzas patrocinadas por transnacionales a nuestro favor? O mejor dicho \u00bfa favor de la infancia?<\/p>\n<p>Veamos algunos de los aspectos que utiliza el <em>neuromarketing,<\/em> que es posible aterrizar para fomentar una dieta m\u00e1s saludable en los ni\u00f1os, oponi\u00e9ndose a los intentos publicitarios\u00a0de la industria de alimentos ultraprocesados.<\/p>\n<p>Gracias a las neurociencias ahora sabemos que a los humanos nos atrae instintivamente (Sivori y Fros Campelo Cap 3):<\/p>\n<ul>\n<li>\u2022 La exageraci\u00f3n<\/li>\n<li>\u2022 Lo novedoso<\/li>\n<li>\u2022 Los h\u00e1bitos de los dem\u00e1s<\/li>\n<li>\u2022 La opini\u00f3n de los famosos<\/li>\n<li>\u2022 El peligro<\/li>\n<\/ul>\n<a href=\"https:\/\/entretejidos.iconos.edu.mx\/thesite\/wp-content\/uploads\/2018\/04\/11.jpg\"><img loading=\"lazy\" decoding=\"async\" class=\" wp-image-2312 aligncenter\" src=\"https:\/\/entretejidos.iconos.edu.mx\/thesite\/wp-content\/uploads\/2018\/04\/11-300x225.jpg\" alt=\"\" width=\"451\" height=\"338\" srcset=\"https:\/\/entretejidos.iconos.edu.mx\/thesite\/wp-content\/uploads\/2018\/04\/11-300x225.jpg 300w, https:\/\/entretejidos.iconos.edu.mx\/thesite\/wp-content\/uploads\/2018\/04\/11.jpg 415w\" sizes=\"auto, (max-width: 451px) 100vw, 451px\" \/><\/a>\n<p style=\"text-align: center;\"><span style=\"font-size: 8pt;\">Imagen 08. Saunite, Atractivos instintivos, 2016.<\/span><\/p>\n<p><span style=\"color: #d23a63;\"><strong>\u2022 La exageraci\u00f3n<\/strong><\/span><\/p>\n<p>Nuestro cerebro primitivo se ve altamente atra\u00eddo por elementos que son dif\u00edcilmente hallados en la naturaleza. Esta caracter\u00edstica la compartimos con otras especies no necesariamente primates, por eso se cree que es una de las partes m\u00e1s arcaicas del cerebro.<\/p>\n<p>El et\u00f3logo holand\u00e9s y ganador del premio Nobel de Fisiolog\u00eda y Medicina en 1973, Nikolaas Timbergen fue uno de los pioneros en el estudio del comportamiento de los animales. En una de sus investigaciones descubri\u00f3 que si a un grupo de gansos se les dejaba huevos falsos en sus nidos, estos animales no eran capaces de distinguir la diferencia. M\u00e1s a\u00fan, si se les pon\u00edan huevos exageradamente grandes y blancos, los gansos prestaban m\u00e1s atenci\u00f3n a estos, que a sus propios huevos. Ya que como especie est\u00e1n programados para prestar atenci\u00f3n a ciertos detalles como lo es el tama\u00f1o y el color de sus huevos. As\u00ed que en lugar de identificar que los huevos enormes y anormalmente blancos eran artificiales, estos estimulaban sus sentidos y se hac\u00edan particularmente atrayentes, mandando un mensaje al cerebro de los gansos del tipo: \u201csoy prioridad, debes cuidarme m\u00e1s\u201d.<\/p>\n<a href=\"https:\/\/entretejidos.iconos.edu.mx\/thesite\/wp-content\/uploads\/2018\/04\/12.jpg\"><img loading=\"lazy\" decoding=\"async\" class=\" wp-image-2313 aligncenter\" src=\"https:\/\/entretejidos.iconos.edu.mx\/thesite\/wp-content\/uploads\/2018\/04\/12-300x225.jpg\" alt=\"\" width=\"451\" height=\"338\" srcset=\"https:\/\/entretejidos.iconos.edu.mx\/thesite\/wp-content\/uploads\/2018\/04\/12-300x225.jpg 300w, https:\/\/entretejidos.iconos.edu.mx\/thesite\/wp-content\/uploads\/2018\/04\/12.jpg 415w\" sizes=\"auto, (max-width: 451px) 100vw, 451px\" \/><\/a>\n<p style=\"text-align: center;\"><span style=\"font-size: 8pt;\">Imagen 09. Saunite, Artificialidad atrayente, 2016.<\/span><\/p>\n<p>A los humanos nos pasa algo muy parecido, prueba de ello est\u00e1 en el maquillaje, el cual exagera las caracter\u00edsticas otorgadas por la naturaleza\u00a0a una persona (especialmente mujeres): labios m\u00e1s coloridos, ojos m\u00e1s delineados, etc.<\/p>\n<p>Otro caso reciente es el de la tecnolog\u00eda para el hogar, espec\u00edficamente con las pantallas de televisi\u00f3n. No es casualidad que las personas nos veamos atra\u00eddos hacia las enormes pantallas planas de alta definici\u00f3n, con sus luces brillantes y colores exageradamente vivos. Despu\u00e9s de reflexionar un poco sobre la apariencia de las im\u00e1genes mostradas en estos aparatos, nos podr\u00edan parecer \u201cmuy artificiales\u201d en vez de \u201ccon una calidad estupenda\u201d. La brillantez e intensidad revelada por esos medios, es imposible de encontrar alrededor de una forma natural. Precisamente lo que hacen las marcas en este caso es magnificar ciertos elementos, creando un ambiente exagerado y artificial sobre lo conocido y que el ojo encuentra dif\u00edcil de rechazar.<\/p>\n<p>En el <em>marketing<\/em> esto es utilizado para resaltar atributos de productos que son hiperreales pero que posteriormente se vuelven reales. El mismo Tinbergen bautiz\u00f3 a estos componentes dramatizados como est\u00edmulos supernormales (Sivori y Fros Campelo Cap 7). En el caso de la comida, los alimentos ultraprocesados se valen de estos est\u00edmulos para hacer sus productos m\u00e1s irresistibles a nivel neuronal.<\/p>\n<p>Para ni\u00f1os encontramos que son bastante comunes los colorantes artificiales, por ejemplo \u00bfqui\u00e9n ha hecho un agua de naranja que quede naturalmente como cualquier gaseosa del mismo sabor? Encontramos en este hecho una explicaci\u00f3n de la popularidad entre los infantes de productos que tienen gran cantidad de colorantes artificiales, por ejemplo: las paletas que dejan la lengua y dientes de color azul. Ahora bien, tomemos estas experiencias y arriesgu\u00e9monos a ofrecer a los ni\u00f1os manzanas p\u00farpuras, naranjas azules, verduras incre\u00edblemente coloridas. La hip\u00f3tesis es que al utilizar colores vegetales que no sean nocivos, se\u00a0pueden realizar combinaciones totalmente fuera de la realidad, cuyas combinaciones nuevas y atrayentes estimulen el consumo infantil de alimentos sanos.<\/p>\n<a href=\"https:\/\/entretejidos.iconos.edu.mx\/thesite\/wp-content\/uploads\/2018\/04\/13.png\"><img loading=\"lazy\" decoding=\"async\" class=\" wp-image-2314 aligncenter\" src=\"https:\/\/entretejidos.iconos.edu.mx\/thesite\/wp-content\/uploads\/2018\/04\/13-300x102.png\" alt=\"\" width=\"450\" height=\"153\" srcset=\"https:\/\/entretejidos.iconos.edu.mx\/thesite\/wp-content\/uploads\/2018\/04\/13-300x102.png 300w, https:\/\/entretejidos.iconos.edu.mx\/thesite\/wp-content\/uploads\/2018\/04\/13-768x261.png 768w, https:\/\/entretejidos.iconos.edu.mx\/thesite\/wp-content\/uploads\/2018\/04\/13.png 923w\" sizes=\"auto, (max-width: 450px) 100vw, 450px\" \/><\/a>\n<p style=\"text-align: center;\"><span style=\"font-size: 8pt;\">Imagen 10. Saunite, Artificialidad aplicada, 2016.<\/span><\/p>\n<p><span style=\"color: #d23a63;\"><strong>\u2022 Lo novedoso<\/strong><\/span><\/p>\n<p>Lo nuevo, tambi\u00e9n es un estimulo que encanta a nuestro cerebro, en \u00e9l:\u00a0\u201cM\u00e1s vale bueno por conocido, que malo por conocer\u2026\u201d no aplica. Nuestro cerebro siempre busca cosas nuevas y se ver\u00e1 muy atra\u00eddo a todo lo que lleve la etiqueta (literalmente) novedoso.\u00a0Aunque sea s\u00f3lo un cambio insignificante en el empaque, con que se le ponga la palabra \u201cNuevo\u201d, es probable que nuestro cerebro caiga redondo y efect\u00fae la compra (Sivori y Fros Campelo Cap 3).<\/p>\n<p>Hoy en d\u00eda se sabe que la informaci\u00f3n que se muestra\u00a0en el envase o el discurso que se maneja\u00a0en la publicidad, es lo que se registra en nuestro cerebro y es la idea que nos hacemos del producto, ya que con esta informaci\u00f3n se crea\u00a0una carpeta de informaci\u00f3n entre los estantes de nuestra mente.<\/p>\n<p>As\u00ed que, m\u00e1s all\u00e1 de lamentarnos acerca de la ingenuidad aparente de nuestro \u00f3rgano regente, podemos utilizar esta simpleza a nuestro favor.<\/p>\n<p>Entonces etiquetemos los alimentos que deseamos sean consumidos con la palabra \u201cnuevo\u201d y no mentiremos\u00a0si llegamos a casa con la fruta de la semana, ya que \u00e9stas son totalmente diferentes a las que ten\u00edamos en d\u00edas pasados \u00bfcierto? Etiquetar as\u00ed, s\u00ed es bueno.<\/p>\n<a href=\"https:\/\/entretejidos.iconos.edu.mx\/thesite\/wp-content\/uploads\/2018\/04\/14.png\"><img loading=\"lazy\" decoding=\"async\" class=\" wp-image-2315 aligncenter\" src=\"https:\/\/entretejidos.iconos.edu.mx\/thesite\/wp-content\/uploads\/2018\/04\/14-300x148.png\" alt=\"\" width=\"450\" height=\"222\" srcset=\"https:\/\/entretejidos.iconos.edu.mx\/thesite\/wp-content\/uploads\/2018\/04\/14-300x148.png 300w, https:\/\/entretejidos.iconos.edu.mx\/thesite\/wp-content\/uploads\/2018\/04\/14-768x380.png 768w, https:\/\/entretejidos.iconos.edu.mx\/thesite\/wp-content\/uploads\/2018\/04\/14.png 916w\" sizes=\"auto, (max-width: 450px) 100vw, 450px\" \/><\/a>\n<p style=\"text-align: center;\"><span style=\"font-size: 8pt;\">Imagen 11. Saunite, Novedad aplicada, 2016.<\/span><\/p>\n<p><span style=\"color: #d23a63;\"><strong>\u2022 Los h\u00e1bitos de los dem\u00e1s<\/strong><\/span><\/p>\n<p>La tendencia que tenemos a imitar lo que hace la mayor\u00eda de las personas es innata, ya que en el cerebro se encuentra algo as\u00ed como un <em>software<\/em> preinstalado que nos hace preferir lo que vemos frecuentemente en nuestros alrededores.<\/p>\n<p>De ese modo, si algo est\u00e1 de moda en la poblaci\u00f3n, tiene que ser bueno, pues nuestro cerebro se ha quedado con\u00a0la informaci\u00f3n recibida por nuestros antepasados, donde se hac\u00edan las cosas en manada si se quer\u00eda sobrevivir. As\u00ed que, de primera instancia y de forma instintiva,\u00a0haremos lo que los dem\u00e1s hacen (Sivori y Fros Campelo Cap 3).<\/p>\n<table>\n<tbody>\n<tr>\n<td><a href=\"https:\/\/entretejidos.iconos.edu.mx\/thesite\/wp-content\/uploads\/2018\/04\/15.png\"><img loading=\"lazy\" decoding=\"async\" class=\"size-full wp-image-2316 aligncenter\" src=\"https:\/\/entretejidos.iconos.edu.mx\/thesite\/wp-content\/uploads\/2018\/04\/15.png\" alt=\"\" width=\"246\" height=\"184\" \/><\/a><\/p>\n<p style=\"text-align: center;\"><span style=\"font-size: 8pt;\">Imagen 12. Saunite, Imitaci\u00f3n, 2016<\/span><\/p>\n<\/td>\n<td>\u00a0<a href=\"https:\/\/entretejidos.iconos.edu.mx\/thesite\/wp-content\/uploads\/2018\/04\/16.png\"><img loading=\"lazy\" decoding=\"async\" class=\"wp-image-2317 aligncenter\" src=\"https:\/\/entretejidos.iconos.edu.mx\/thesite\/wp-content\/uploads\/2018\/04\/16.png\" alt=\"\" width=\"250\" height=\"189\" \/><\/a><\/p>\n<p style=\"text-align: center;\"><span style=\"font-size: 8pt;\">Imagen 13. Saunite, Imitaci\u00f3n 02, 2016 <\/span><\/p>\n<\/td>\n<\/tr>\n<\/tbody>\n<\/table>\n<p>Claro que hay sus excepciones, como cuando despu\u00e9s de varias veces de haber seguido a la manada, aprendemos que no es lo que funciona mejor para nosotros. Es decir, en el momento que se nos presenta tomar una decisi\u00f3n, las preferencias aprendidas le ganan a la corriente de la manada, porque se ha registrado no imitar ciertas compras o h\u00e1bitos, pero esto es de manera consciente y no deliberada. La alternativa para esto es iniciar una pr\u00e1ctica en casa, por ejemplo: fomentar una semana de la ensalada de frutas, con sus respectivas banderitas de nueva y patrocinada por el personaje del momento.<\/p>\n<p><span style=\"color: #d23a63;\"><strong>\u2022 La opini\u00f3n de los famosos <\/strong><\/span><\/p>\n<p>\u00bfPor qu\u00e9 es importante que el personaje de moda me lo diga? El efecto que tiene sobre los infantes, se explica en un experimento con ni\u00f1os en la Universidad Cornell, en Estados Unidos. Se junt\u00f3 un grupo de 109 ni\u00f1os y\u00a0 99 ni\u00f1as, entre los 8 y 11 a\u00f1os de edad, residentes de los diferentes barrios de Nueva York. Despu\u00e9s de la hora del almuerzo, por 5 d\u00edas, se les ofreci\u00f3 a los ni\u00f1os una manzana y\/o una galleta para comer. El primer y \u00faltimo d\u00eda, se les dio tanto la manzana como la galleta sin estampa de personaje famoso. El segundo d\u00eda, se les dio a escoger una manzana sin estampa y una galleta con el personaje de Elmo. Al siguiente d\u00eda, la manzana era la que ten\u00eda la estampa del mu\u00f1eco. Por \u00faltimo, se les ofreci\u00f3 la misma fruta con un personaje no famoso y la galleta sin estampa alguna. Como resultado se tuvo que el personaje desconocido no influy\u00f3 de manera alguna en la elecci\u00f3n de los ni\u00f1os por la manzana. Sin embargo, esta\u00a0pr\u00e1cticamente se duplic\u00f3 al tener una estampa con el personaje infantil bien conocido de Elmo (Wansink y otros 5).<\/p>\n<p>Por lo que se concluye que la asociaci\u00f3n de un personaje popular entre el p\u00fablico infantil podr\u00eda fomentar la preferencia por alimentos saludables sobre alimentos chatarra.<\/p>\n<table style=\"width: 731px;\">\n<tbody>\n<tr>\n<td style=\"width: 347px;\">Esto se basa en que nuestro cerebro, al querer instintivamente seguir a los dem\u00e1s para sentirse m\u00e1s seguro; convierte a determinadas personas (o personajes) en l\u00edderes de opini\u00f3n y los vuelve expertos en la materia. Como dir\u00edan los argentinos Diego S\u00edvori y Federico Fros Campelo: \u201cLo que suele pasar en nuestra sociedad es que no solemos darle autoridad al experto\u2026, sino al famoso.\u201d (Sivori y Fros Campelo Cap 3).<\/td>\n<td style=\"width: 383px;\"><a href=\"https:\/\/entretejidos.iconos.edu.mx\/thesite\/wp-content\/uploads\/2018\/04\/17.png\"><img loading=\"lazy\" decoding=\"async\" class=\" wp-image-2320 aligncenter\" src=\"https:\/\/entretejidos.iconos.edu.mx\/thesite\/wp-content\/uploads\/2018\/04\/17-300x262.png\" alt=\"\" width=\"313\" height=\"274\" srcset=\"https:\/\/entretejidos.iconos.edu.mx\/thesite\/wp-content\/uploads\/2018\/04\/17-300x262.png 300w, https:\/\/entretejidos.iconos.edu.mx\/thesite\/wp-content\/uploads\/2018\/04\/17.png 429w\" sizes=\"auto, (max-width: 313px) 100vw, 313px\" \/><\/a><\/p>\n<p style=\"text-align: center;\"><span style=\"font-size: 8pt;\">Imagen 14. Saunite, Fama nutritiva, 2016<\/span><\/p>\n<\/td>\n<\/tr>\n<\/tbody>\n<\/table>\n<p>Con todo lo anterior podemos tomar la iniciativa de comprar algunas calcoman\u00edas con los animales o personajes favoritos de los ni\u00f1os y ponerlas en las frutas de nuestro taz\u00f3n, que podemos\u00a0dejar en la mesa para que los ni\u00f1os coman mientras est\u00e1n en casa o bien, podemos colocar en sus loncheras fruta con estampitas para que en el momento que se les presente la decisi\u00f3n de comer una fruta saludable o ser tentados por alg\u00fan alimento rico en carbohidratos y con exceso de az\u00facar, descarten la segunda opci\u00f3n, d\u00e1ndole un empujoncito\u00a0a su cerebro para que escoja la opci\u00f3n m\u00e1s adecuada para una dieta saludable.<\/p>\n<p><span style=\"color: #d23a63;\"><strong>\u2022 El peligro<\/strong><\/span><\/p>\n<p>A pesar de que estamos dise\u00f1ados para elegir acciones que nos hagan\u00a0m\u00e1s segura la supervivencia, a los humanos nos atrae el peligro a trav\u00e9s de aquellos riesgos controlables y reversibles. Seg\u00fan afirma J\u00fcrgen Klari\u0107, en sus conferencias sobre <em>neuromarketing<\/em> (<em>Neuromarketing Jurgen Klaric Mexico1 <\/em>25:25\u00a0 1:00:00).<\/p>\n<p>Nuestra dieta no es la excepci\u00f3n, lo que nos hace\u00a0complicado dejar de consumir cierto tipo de alimentos, aunque sepamos que no son\u00a0los m\u00e1s saludables. Porque antes de asumir que un alimento es da\u00f1ino, evadimos la realidad y nuestro cerebro segrega endorfinas, que nos hacen sentir mejor.<\/p>\n<p>As\u00ed\u00a0como los gansos del experimento de Timbergen est\u00e1n dise\u00f1ados para cuidar sus huevos basados en las caracter\u00edsticas de tama\u00f1o y color, as\u00ed nosotros buscamos las grasas, sales y az\u00facares, pues estas no eran abundantes en nuestro ambiente, y resultaban fundamentales para la supervivencia, aunque en el presente ya no se requieran en las mismas cantidades y por el contrario, hoy son una\u00a0de las causas de la epidemia actual de obesidad. Hay que recordar que si no reflexionamos antes de comprar o consumir nuestros alimentos, de manera instintiva elegiremos los alimentos chatarra sobre los saludables, por m\u00e1s que estemos conscientes de los riesgos que corremos al ingerir unos sobre los otros.<\/p>\n<p>Una vez m\u00e1s la batalla no est\u00e1 perdida por m\u00e1s sombr\u00edo que parezca el escenario. Bien apunta J\u00fcrgen Klaric, publicista estadounidense especialista en <em>neuromarketing <\/em>(y antes mencionado en este trabajo) \u201c\u2026 el\u00a0cerebro piensa en im\u00e1genes y met\u00e1foras.\u201d (<em>Neuromarketing Jurgen Klaric Mexico1 1:10:11<\/em>).<\/p>\n<p>As\u00ed que, si ya sabemos que para vender br\u00f3colis es necesario cubrirlos de queso <em>cheddar<\/em>. Entonces\u00a0aprovechemos el lenguaje metaf\u00f3rico del cerebro y d\u00e9mosle una imagen similar, pero en vez de ba\u00f1ar nuestros vegetales con queso grasoso y poco nutritivo, hag\u00e1moslo con sustitutos caseros saludables como lo son: los quesos reducidos en grasas, o un poco m\u00e1s osados,\u00a0podemos optar por usar alguna de las alternativas veganas de quesos que son menos cal\u00f3ricas, grasosas y que contienen menos sales.<\/p>\n<p>En la actualidad existen muchas opciones para sustituir saludablemente los alimentos \u201cpecaminosos\u201d. Por ejemplo, podemos sustituir una hamburguesa de carne de res cubierta de queso tipo americano, tocino, mayonesa en pan de trigo refinado, por una hamburguesa de carne magra o de garbanzos\u00a0 cubierta por queso de nuez de la india, tocino de soya y mayonesa reducida en grasas en bollo integral y con doble raci\u00f3n de ajonjol\u00ed. Adem\u00e1s podemos integrarle una buena cantidad de hojas de lechuga y espinacas, para saciar m\u00e1s f\u00e1cilmente el apetito.<\/p>\n<a href=\"https:\/\/entretejidos.iconos.edu.mx\/thesite\/wp-content\/uploads\/2018\/04\/18.png\"><img loading=\"lazy\" decoding=\"async\" class=\" wp-image-2322 aligncenter\" src=\"https:\/\/entretejidos.iconos.edu.mx\/thesite\/wp-content\/uploads\/2018\/04\/18-300x224.png\" alt=\"\" width=\"453\" height=\"337\" srcset=\"https:\/\/entretejidos.iconos.edu.mx\/thesite\/wp-content\/uploads\/2018\/04\/18-300x224.png 300w, https:\/\/entretejidos.iconos.edu.mx\/thesite\/wp-content\/uploads\/2018\/04\/18.png 415w\" sizes=\"auto, (max-width: 453px) 100vw, 453px\" \/><\/a>\n<p style=\"text-align: center;\"><span style=\"font-size: 8pt;\">Imagen 15. Saunite, Sustituto salud, 2016<\/span><\/p>\n<p>Como ya vimos que lo que se diga de un alimento en su publicidad y\/o empaque es lo que se registrar\u00e1 en nuestro cerebro, podemos confiar en que \u00e9ste no tendr\u00e1 inconveniente en darle una oportunidad a estos sustitutos al verse confundido con la similitud de imagen entre la hamburguesa regular y la opci\u00f3n de hamburguesa m\u00e1s saludable.<\/p>\n<p>Y as\u00ed como este caso, podemos idear m\u00faltiples opciones para pasteles, galletas, pizzas, etc. De tal manera que podremos reprogramar nuestro cerebro para primero pensar saludablemente y posteriormente existir saludablemente.<\/p>\n<p><span style=\"color: #d23a63; font-size: 14pt;\"><strong>Conclusi\u00f3n<\/strong><\/span><\/p>\n<p>La ola de sobrepeso y obesidad que aqueja nuestro planeta se est\u00e1 extendiendo tanto, que ha alcanzado a contaminar la ni\u00f1ez. Nunca antes se hab\u00edan registrado tantos ni\u00f1os con problemas de nutrici\u00f3n. Se presume que el estilo de vida actual, el r\u00e9gimen nutricional y los productos que ofrecen las compa\u00f1\u00edas de alimentos han cambiado dr\u00e1sticamente en los \u00faltimos tiempos y\u00a0contribuido a que estas dolencias se convirtieran en una nueva epidemia mundial.<\/p>\n<p>Es imperativo actuar ya para bajar los \u00edndices de sobrepeso y obesidad, y as\u00ed prevenir una crisis de salud donde los gobiernos no puedan mantener las demandas de los ciudadanos. Como ya vimos a lo largo del presente art\u00edculo, los medios y lo que pasa en ellos, como es el caso del <em>marketing;<\/em> est\u00e1n estrechamente ligados al aumento de peso de una poblaci\u00f3n. Ya vimos que mientras m\u00e1s exposici\u00f3n a ellos se tenga m\u00e1s peso se puede ganar.<\/p>\n<p>Si bien parece que la industria no responde\u00a0con la brevedad necesaria a la urgencia de realizar modificaciones a sus productos para bajar los az\u00facares, grasas y sales en sus f\u00f3rmulas y hacer productos m\u00e1s nutritivos; queda en nosotros lograr los cambios necesarios.<\/p>\n<p>Ahora bien, es momento de retomar las inc\u00f3gnitas vertidas al inicio de este escrito:<\/p>\n<p>\u2022 \u00bfEs factible usar las bases estrat\u00e9gicas de las transnacionales en casa? La respuesta es s\u00ed. Podemos aprender de las compa\u00f1\u00edas de alimentos y abrirnos a nuevas alianzas para combatir la crisis de obesidad y sobrepeso, a\u00fan sin contar con los grandes presupuestos de la industria alimentaria.<\/p>\n<p>\u2022 \u00bfSer\u00e1 posible darle la vuelta a algo que parece estar en contra de nuestra salud, para mejorarla?\u00a0Indirectamente las marcas en su af\u00e1n de conocer los caminos que llevan a la mente del consumidor, nos han dado luz para tratar tambi\u00e9n de guiar\u00a0a nuestros infantes por un sendero de alimentaci\u00f3n m\u00e1s saludable.<\/p>\n<p>\u2022 \u00bfSu uso en la preparaci\u00f3n y presentaci\u00f3n de nuestros alimentos cotidianos podr\u00eda bajar los \u00edndices de sobrepeso y obesidad entre los infantes? La uni\u00f3n de las neurociencias y el mercadeo aumenta las probabilidades de compra de productos ultraprocesados, pero la\u00a0uni\u00f3n de las neurociencias, el mercadeo y la nutrici\u00f3n pueden disminuir la probabilidad de riesgo de obesidad en los ni\u00f1os.<\/p>\n<p>En resumen, podemos usar el <em>neuromarketing<\/em> en casa y a nuestro favor si:<\/p>\n<ul>\n<li>\u2022 Evitamos exponer a los ni\u00f1os menos de una hora frente al televisor o alg\u00fan otro medio.<\/li>\n<li>\u2022 Tratamos de buscar alternativas m\u00e1s saludables.<\/li>\n<li>\u2022 Jugamos con estas alternativas a imitar los productos chatarra favoritos de los infantes.<\/li>\n<li>\u2022 Hacemos los alimentos saludables m\u00e1s interesantes d\u00e1ndoles una apariencia vistosa.<\/li>\n<\/ul>\n<p>Adem\u00e1s, pong\u00e1moslos a simple vista\u00a0 para que sean f\u00e1ciles de tomar (otro principio del <em>neuromarketing\u00a0<\/em>es que es m\u00e1s f\u00e1cil consumir un producto si estamos expuestos abiertamente a \u00e9l).<\/p>\n<a href=\"https:\/\/entretejidos.iconos.edu.mx\/thesite\/wp-content\/uploads\/2018\/04\/19.png\"><img loading=\"lazy\" decoding=\"async\" class=\" wp-image-2323 aligncenter\" src=\"https:\/\/entretejidos.iconos.edu.mx\/thesite\/wp-content\/uploads\/2018\/04\/19-300x225.png\" alt=\"\" width=\"451\" height=\"338\" srcset=\"https:\/\/entretejidos.iconos.edu.mx\/thesite\/wp-content\/uploads\/2018\/04\/19-300x225.png 300w, https:\/\/entretejidos.iconos.edu.mx\/thesite\/wp-content\/uploads\/2018\/04\/19.png 473w\" sizes=\"auto, (max-width: 451px) 100vw, 451px\" \/><\/a>\n<p style=\"text-align: center;\"><span style=\"font-size: 8pt;\">Imagen 16. Saunite, Neuromarketing aplicado en casa, 2016.<\/span><\/p>\n<p>A nuestro cerebro le cuesta trabajo aceptar los cambios pues literalmente tiene que crear nuevas conexiones cada vez que se le presentan est\u00edmulos nuevos. Sin embargo, tambi\u00e9n le atrae lo novedoso y son estos est\u00edmulos los que nos mantienen con un cerebro activo.<\/p>\n<p>Mantengamos nuestro cerebro pensante y dejemos de estigmatizar a las estrategias del mercado.<\/p>\n<p>Cambiemos el paradigma de que s\u00f3lo las grandes marcas hacen publicidad y se preocupan por el posicionamiento de sus productos. Tomemos los avances que ellas patrocinan y llev\u00e9moslos a casa.<\/p>\n<a href=\"https:\/\/entretejidos.iconos.edu.mx\/thesite\/wp-content\/uploads\/2018\/04\/20.png\"><img loading=\"lazy\" decoding=\"async\" class=\" wp-image-2324 aligncenter\" src=\"https:\/\/entretejidos.iconos.edu.mx\/thesite\/wp-content\/uploads\/2018\/04\/20-300x225.png\" alt=\"\" width=\"452\" height=\"339\" srcset=\"https:\/\/entretejidos.iconos.edu.mx\/thesite\/wp-content\/uploads\/2018\/04\/20-300x225.png 300w, https:\/\/entretejidos.iconos.edu.mx\/thesite\/wp-content\/uploads\/2018\/04\/20.png 473w\" sizes=\"auto, (max-width: 452px) 100vw, 452px\" \/><\/a>\n<p style=\"text-align: center;\"><span style=\"font-size: 8pt;\">Imagen 17. Saunite, Neuromarketing a domicilio, 2016.<\/span><\/p>\n<p><span style=\"color: #d23a63; font-size: 14pt;\"><strong>Fuentes de consulta<\/strong><\/span><\/p>\n<p>Bruce, Amanda y otros. \u201cBranding and a child\u2019s brain: an fMRI study of neural responses to logos\u201d. <em>Social Cognitive and Affective Neuroscience<\/em>. Septiembre 2012. <em>Oxford Journals.<\/em> Web &lt;<a href=\"http:\/\/scan.oxfordjournals.org\/content\/9\/1\/118.full#ref-4\">URL<\/a>&gt;<\/p>\n<p>Garc\u00e9s, Vicente. \u201cLa compra: \u00bfConsciente o inconsciente?\u201d. <em>PuroMarketing<\/em>. 19-08-2014. Web. 05-2016. &lt;<a href=\"http:\/\/www.puromarketing.com\/44\/22675\/compra-conscicente-inconsciente.html\">URL<\/a>&gt;<\/p>\n<p>Gonz\u00e1lez, Daisy y Olivera, Eduardo. \u201cOrganizaci\u00f3n del proceso de ense\u00f1anza basado en neuroeducaci\u00f3n y su impacto en el logro de objetivos de aprendizaje\u201d. <em>CENERED.<\/em>01-2016. Web. 05-2016 &lt;<a href=\"http:\/\/www.cenered.cl\/mis_articulos\/1.2016.PAPER_DAISY_REVISADO.pdf\">URL<\/a>&gt;<\/p>\n<p>Mart\u00ednez-Moy\u00e1, Mar\u00eda y otros. \u201cAsociaci\u00f3n entre horas de televisi\u00f3n, actividad f\u00edsica, horas de sue\u00f1o y exceso de peso en poblaci\u00f3n adulta joven\u201d. <em>Gaceta sanitaria,<\/em> 28(3), 203-208. 05-2014. Web. 04-2016 &lt;<a href=\"https:\/\/ac.els-cdn.com\/S021391111300229X\/1-s2.0-S021391111300229X-main.pdf?_tid=db8ffb76-dd5b-11e7-9bbf-00000aab0f01&amp;acdnat=1512877405_e0bab318d70a1d88fa39753555c16de8\">URL<\/a>&gt;<\/p>\n<p>Rodr\u00edguez, Rub\u00e9n. \u201cLa obesidad infantil y los efectos de los medios electr\u00f3nicos de comunicaci\u00f3n\u201d. <em>Medigraphic,<\/em> 8(2), 95-98. 08-2006. Web. 04-2016 &lt;<a href=\"http:\/\/www.medigraphic.com\/pdfs\/invsal\/isg-2006\/isg062g.pdf\">URL<\/a>&gt;<\/p>\n<p>S\u00e1nchez, Verenise. \u201c120 mil mdp al a\u00f1o le cuesta a M\u00e9xico la obesidad\u201d. CONACYTprensa. 17-03-2016. Web. 05-2016. &lt;<a href=\"http:\/\/www.conacytprensa.mx\/index.php\/ciencia\/economia\/5827-120-mil-mdp-de-pesos-al-ano-le-cuesta-la-obesidad-a-mexico\">URL<\/a>&gt;<\/p>\n<p>Sivori, Diego y Fros Campelo, Federico. \u201cNutrici\u00f3n (de)mente\u201d. Buenos Aires: Grijalbo, 2016. E-pub.<\/p>\n<p>Wansink, Brian y otros. \u201cCan Branding Improve School Lunches?\u201d <em>JAMA Pediatrics.<\/em> Octubre 2012. <em>The Jama Network. <\/em>Web. 05-05-2016 &lt;<a href=\"http:\/\/archpedi.jamanetwork.com\/article.aspx?articleid=1352169#Results\">URL<\/a>&gt;<\/p>\n<p>Animal pol\u00edtico. \u201cProh\u00edben spots de comida chatarra en horarios infantiles\u201d. 07-2014. Web. 05-2016 &lt;<a href=\"http:\/\/www.animalpolitico.com\/2014\/07\/prohiben-spots-de-comida-chatarra-en-horarios-infantiles\/\">URL<\/a>&gt;<\/p>\n<p>El poder del consumidor, a. \u201cIncongruente asignaci\u00f3n de recursos para programas contra obesidad y diabetes con objetivos de la estrategia nacional\u201d. 11-2015. Web. 05-2016. &lt;<a href=\"http:\/\/elpoderdelconsumidor.org\/saludnutricional\/incongruente-asignacion-de-recursos-para-programas-contra-obesidad-y-diabetes-con-objetivos-de-la-estrategia-nacional\/\">URL<\/a>&gt;<\/p>\n<p>El poder del consumidor, b. \u201cResultados preliminares del monitoreo de publicidad de alimentos y bebidas en televisi\u00f3n\u201d. 07-2015. Web. 05-2016. &lt;<a href=\"http:\/\/alianzasalud.org.mx\/wp-content\/uploads\/2015\/07\/PublicidadInfantil-Monitoreo.pdf\">URL<\/a>&gt;<\/p>\n<p><em>Neuromarketing Jurgen Klaric Mexico1<\/em>. Resp. Diego Soria. YouTube. 10-03-2014. &lt;<a href=\"https:\/\/www.youtube.com\/watch?v=_uzQjsqTxZU\">URL<\/a>&gt;<\/p>\n<p>Organizaci\u00f3n Mundial de la Salud, a. \u201cDatos y cifras sobre la obesidad infantil\u201d. <em>World Health Organization<\/em>. Web. 04-2016. &lt;<a href=\"http:\/\/www.who.int\/end-childhood-obesity\/facts\/es\/\">URL<\/a>&gt;<\/p>\n<p>Organizaci\u00f3n Mundial de la Salud, b. \u201cObesidad y sobrepeso\u201d. <em>World Health Organization<\/em>. Web. 04-2016. &lt;<a href=\"http:\/\/www.who.int\/mediacentre\/factsheets\/fs311\/es\/\">URL<\/a>&gt;<\/p>\n<p>Organizaci\u00f3n Mundial de la Salud, c. \u201cSobrepeso y obesidad infantiles\u201d. <em>World Health Organization<\/em>. Web. 04-2016. &lt;<a href=\"http:\/\/www.who.int\/dietphysicalactivity\/childhood\/es\/\">URL<\/a>&gt;<\/p>\n<p>Organizaci\u00f3n Mundial de la Salud, d. \u201c\u00bfPor qu\u00e9 son importantes el sobrepeso y la obesidad infantiles?\u201d. <em>World Health Organization<\/em>. Web. 04-2016. &lt;<a href=\"http:\/\/www.who.int\/dietphysicalactivity\/childhood_consequences\/es\/\">URL<\/a>&gt;<\/p>\n<p><span style=\"color: #d23a63; font-size: 14pt;\"><b>Resumen curric<span style=\"color: #d23a63;\">ula<\/span>r<\/b><\/span><\/p>\n<p><span style=\"font-size: 14pt;\"><strong><span style=\"color: #d23a63;\">Nadia Lavanderos<\/span><\/strong><\/span><\/p>\n<p><span style=\"color: #d23a63; font-size: 14pt;\"><strong>Estudios realizados:<\/strong><\/span> licenciada en Mercadotecnia por la Universidad Tecnol\u00f3gica de M\u00e9xico. Buscando direccionar sus estudios hacia un campo m\u00e1s human\u00edstico estudia la maestr\u00eda en Comunicaci\u00f3n y Estudios de la Cultura en ICONOS, instituto de Investigaci\u00f3n en Comunicaci\u00f3n y Cultura. Actualmente realiza un diplomado en Nutrici\u00f3n y Estados de \u00c1nimo en la extensi\u00f3n virtual de la UCLA.<\/p>\n<p><span style=\"font-size: 14pt;\"><strong><span style=\"color: #d23a63;\">Experiencia Laboral:<\/span><\/strong><\/span> trabaj\u00f3 como ejecutiva de investigaci\u00f3n de mercados. Sin embargo, convencida de que no hay empresa m\u00e1s importante que los individuos mismos; cambia su campo de trabajo para dedicarse a la docencia y posteriormente, a la asesor\u00eda en bienestar personal desde una \u00f3ptica hol\u00edstica. Siendo as\u00ed su \u00e1rea de estudio disciplinas como: desarrollo humano, terapias alternativas, nutrici\u00f3n, meditaci\u00f3n, entre otras.<\/p>\n<p><span style=\"color: #d23a63;\"><strong><span style=\"font-size: 14pt;\">Correo electr\u00f3nico:<\/span> <\/strong><\/span>nadia.lavanderos@gmail.com<\/p>\n","protected":false},"excerpt":{"rendered":"<p>&nbsp; La pandemia del sobrepeso y la obesidad que aqueja al mundo contempor\u00e1neo ha pasado de ser un problema de s\u00f3lo adultos a afectar a la poblaci\u00f3n infantil. Si bien el estilo de vida moderno ha fomentado su expansi\u00f3n,\u00a0las grandes compa\u00f1\u00edas de alimentos tambi\u00e9n se han visto se\u00f1aladas como posibles culpables de las enfermedades mencionadas,&#8230;  <a class=\"excerpt-read-more\" href=\"https:\/\/entretejidos.iconos.edu.mx\/thesite\/alternativa-para-combatir-la-obesidad-infantil\/\" title=\"Read Alternativa para combatir la obesidad infantil\">Leer m\u00e1s &raquo;<\/a><\/p>\n","protected":false},"author":94,"featured_media":2451,"comment_status":"open","ping_status":"open","sticky":false,"template":"","format":"standard","meta":{"_acf_changed":false,"_monsterinsights_skip_tracking":false,"_monsterinsights_sitenote_active":false,"_monsterinsights_sitenote_note":"","_monsterinsights_sitenote_category":0,"footnotes":""},"categories":[4],"tags":[434,435,433,117,432],"coauthors":[460],"class_list":["post-2269","post","type-post","status-publish","format-standard","has-post-thumbnail","hentry","category-lenguajes-visuales","tag-alimentacion","tag-mercadotecnia","tag-neurociencia","tag-ninos","tag-obesidad"],"acf":[],"_links":{"self":[{"href":"https:\/\/entretejidos.iconos.edu.mx\/thesite\/wp-json\/wp\/v2\/posts\/2269","targetHints":{"allow":["GET"]}}],"collection":[{"href":"https:\/\/entretejidos.iconos.edu.mx\/thesite\/wp-json\/wp\/v2\/posts"}],"about":[{"href":"https:\/\/entretejidos.iconos.edu.mx\/thesite\/wp-json\/wp\/v2\/types\/post"}],"author":[{"embeddable":true,"href":"https:\/\/entretejidos.iconos.edu.mx\/thesite\/wp-json\/wp\/v2\/users\/94"}],"replies":[{"embeddable":true,"href":"https:\/\/entretejidos.iconos.edu.mx\/thesite\/wp-json\/wp\/v2\/comments?post=2269"}],"version-history":[{"count":10,"href":"https:\/\/entretejidos.iconos.edu.mx\/thesite\/wp-json\/wp\/v2\/posts\/2269\/revisions"}],"predecessor-version":[{"id":3863,"href":"https:\/\/entretejidos.iconos.edu.mx\/thesite\/wp-json\/wp\/v2\/posts\/2269\/revisions\/3863"}],"wp:featuredmedia":[{"embeddable":true,"href":"https:\/\/entretejidos.iconos.edu.mx\/thesite\/wp-json\/wp\/v2\/media\/2451"}],"wp:attachment":[{"href":"https:\/\/entretejidos.iconos.edu.mx\/thesite\/wp-json\/wp\/v2\/media?parent=2269"}],"wp:term":[{"taxonomy":"category","embeddable":true,"href":"https:\/\/entretejidos.iconos.edu.mx\/thesite\/wp-json\/wp\/v2\/categories?post=2269"},{"taxonomy":"post_tag","embeddable":true,"href":"https:\/\/entretejidos.iconos.edu.mx\/thesite\/wp-json\/wp\/v2\/tags?post=2269"},{"taxonomy":"author","embeddable":true,"href":"https:\/\/entretejidos.iconos.edu.mx\/thesite\/wp-json\/wp\/v2\/coauthors?post=2269"}],"curies":[{"name":"wp","href":"https:\/\/api.w.org\/{rel}","templated":true}]}}