{"id":3963,"date":"2020-03-31T17:09:13","date_gmt":"2020-03-31T23:09:13","guid":{"rendered":"https:\/\/entretejidos.iconos.edu.mx\/thesite\/?p=3963"},"modified":"2020-09-30T20:09:21","modified_gmt":"2020-10-01T01:09:21","slug":"grabacion-de-voz-con-smartphones-aplicaciones-y-gadgets","status":"publish","type":"post","link":"https:\/\/entretejidos.iconos.edu.mx\/thesite\/grabacion-de-voz-con-smartphones-aplicaciones-y-gadgets\/","title":{"rendered":"Grabaci\u00f3n de voz con smartphones, aplicaciones y gadgets"},"content":{"rendered":"<p>El presente art\u00edculo propone una alternativa en la grabaci\u00f3n de voz para proyectos audiovisuales acad\u00e9micos o profesionales. El objetivo es realizar grabaciones que se escuchen n\u00edtidas, limpias con el menor ruido ambiente posible, y que se pueda ecualizar sin utilizar instalaciones ni equipo profesional de grabaci\u00f3n. Para ello, en esta investigaci\u00f3n se proponen los <i>smartphones<\/i>, las aplicaciones y los <i>gadgets <\/i>para llevar a cabo esta actividad, adem\u00e1s que, con los fundamentos que se presentan: el sonido, el audio, los aspectos t\u00e9cnicos b\u00e1sicos sobre la grabaci\u00f3n de audio y un ejemplo pr\u00e1ctico, se buscar\u00e1 lograr el objetivo antes mencionado.<\/p>\n<p><b>Palabras claves:<\/b> grabaci\u00f3n de audio, <i>smartphones<\/i>, aplicaciones, <i>gadgets<\/i>, sonido.<\/p>\n<p><em><b>Abstract<\/b><\/em><\/p>\n<p><em>This article proposes an alternative to voice recording for academic or professional audiovisual projects. The goal is to make recordings that sound sharp, clean with as little ambient noise as possible, and that can be equalized without using professional recording equipment or facilities. To do this, this research proposes smartphones, applications and gadgets to carry out this activity, in addition to the fundamentals presented: sound, audio, basic technical aspects of audio recording and a practical example, we will seek to achieve the aforementioned objective.<\/em><\/p>\n<p><em><b>Keywords: <\/b>audio recording, smartphones, applications, gadgets, sound.<\/em><\/p>\n<h3><b><span style=\"text-decoration: underline; color: #f01d4f;\">Art\u00edculo Audiovisual<\/span><br \/>\n<\/b><\/h3>\n<div style=\"width: 640px;\" class=\"wp-video\"><video class=\"wp-video-shortcode\" id=\"video-3963-1\" width=\"640\" height=\"360\" preload=\"metadata\" controls=\"controls\"><source type=\"video\/mp4\" src=\"https:\/\/entretejidos.iconos.edu.mx\/thesite\/wp-content\/uploads\/2020\/04\/MASTER-CAUICH.mp4?_=1\" \/><a href=\"https:\/\/entretejidos.iconos.edu.mx\/thesite\/wp-content\/uploads\/2020\/04\/MASTER-CAUICH.mp4\">https:\/\/entretejidos.iconos.edu.mx\/thesite\/wp-content\/uploads\/2020\/04\/MASTER-CAUICH.mp4<\/a><\/video><\/div>\n<p>&nbsp;<\/p>\n<h3><span style=\"text-decoration: underline; color: #f01d4f;\"><b><a href=\"https:\/\/entretejidos.iconos.edu.mx\/thesite\/wp-content\/uploads\/2020\/05\/Entretejidos_Sinops_Grabacion-de-voz.pdf\">Sinopsis<\/a><\/b><\/span><\/h3>\n<h3><span style=\"text-decoration: underline; color: #f01d4f;\"><b><a href=\"https:\/\/entretejidos.iconos.edu.mx\/thesite\/wp-content\/uploads\/2020\/05\/Entretejidos_Grabacion-de-voz.pdf\">Art\u00edculo PDF<\/a><\/b><\/span><\/h3>\n<p><!--more--><\/p>\n<p><b>Introducci\u00f3n<\/b><\/p>\n<p>La experiencia de disfrutar una pel\u00edcula, un documental o el video del cumplea\u00f1os de un ser querido, depende de lo que vemos y escuchamos. Sin embargo, lo visual suele llamar m\u00e1s la atenci\u00f3n y cuando se graba una experiencia particular solemos prestar m\u00e1s atenci\u00f3n a lo que se ve. Tal vez no sea de mucha importancia que dicha experiencia no se escuche bien cuando es algo personal, pero cuando realizamos esta actividad de manera profesional o acad\u00e9mica, puede ser un problema.<\/p>\n<p>Independientemente del consumo final de una grabaci\u00f3n, no solo debe verse bien, tambi\u00e9n debe escucharse bien. Realizar grabaciones de audio con calidad profesional requiere de equipos sofisticados y de una inversi\u00f3n econ\u00f3mica considerable. Sin embargo, actualmente el desarrollo tecnol\u00f3gico ha demostrado que muchas de las cosas que antes parec\u00edan complejas, aparatosas y onerosas; en el presente se han simplificado y sus costos se han reducido. Un ejemplo son los <i>smartphones, <\/i>que integran en un peque\u00f1o dispositivo un reproductor de m\u00fasica, reproductor de pel\u00edculas, c\u00e1mara de video, c\u00e1mara fotogr\u00e1fica, br\u00fajula, agenda, y que incluso, son capaces de realizar video llamadas, que antes solo estaban en el imaginario del cine de ciencia ficci\u00f3n.<\/p>\n<p>Si los <i>smartphones<\/i> contienen todo lo antes mencionado, probablemente puedan ser una grabadora para conseguir audio de calidad profesional. De ah\u00ed la raz\u00f3n de este texto, proponer la grabaci\u00f3n de <i>voz <\/i>con los tel\u00e9fonos inteligentes, las aplicaciones y los <i>gadgets,<\/i> para realizar grabaciones con una calidad que pueda utilizarse en proyectos audiovisuales, sin que esto implique una inversi\u00f3n econ\u00f3mica considerable.<\/p>\n<a href=\"https:\/\/entretejidos.iconos.edu.mx\/thesite\/wp-content\/uploads\/2020\/04\/image1.jpg\"><img loading=\"lazy\" decoding=\"async\" class=\"alignnone size-full wp-image-3964\" src=\"https:\/\/entretejidos.iconos.edu.mx\/thesite\/wp-content\/uploads\/2020\/04\/image1.jpg\" alt=\"\" width=\"1600\" height=\"1066\" srcset=\"https:\/\/entretejidos.iconos.edu.mx\/thesite\/wp-content\/uploads\/2020\/04\/image1.jpg 1600w, https:\/\/entretejidos.iconos.edu.mx\/thesite\/wp-content\/uploads\/2020\/04\/image1-300x200.jpg 300w, https:\/\/entretejidos.iconos.edu.mx\/thesite\/wp-content\/uploads\/2020\/04\/image1-768x512.jpg 768w, https:\/\/entretejidos.iconos.edu.mx\/thesite\/wp-content\/uploads\/2020\/04\/image1-1024x682.jpg 1024w\" sizes=\"auto, (max-width: 1600px) 100vw, 1600px\" \/><\/a>\n<p>&nbsp;<\/p>\n<ul>\n<li><b>Entre sonidos y audios<\/b><\/li>\n<\/ul>\n<p>&nbsp;<\/p>\n<p>A primera vista esas dos palabras parecen sin\u00f3nimos, pero en realidad no los son, incluso puede crearse una controversia o confusi\u00f3n al utilizar el t\u00e9rmino correcto para la grabaci\u00f3n, es decir, \u00bfcon los sistemas de grabaci\u00f3n se registra audio o sonido? Las siguientes definiciones intentan aclarar esta duda.<\/p>\n<p><b>1.1 El sonido<\/b><\/p>\n<p>Samuel Larson Guerra en el libro \u201cPensar el sonido\u201d menciona que la caracter\u00edstica del sonido es la vibraci\u00f3n, resultado del movimiento de un cuerpo por una fuerza que cambia su estado f\u00edsico. (Larson, 19) Esas vibraciones llegan al o\u00eddo y este lo interpreta como sonido. Entonces, se puede decir que el sonido es toda vibraci\u00f3n que se origina en el entorno y es captado por el sentido auditivo.<\/p>\n<p><b>1.2 El audio<\/b><\/p>\n<p>Cuando se registra sonido por medio de micr\u00f3fonos, dentro de estos dispositivos se realiza un proceso que transforma las ondas sonoras en una se\u00f1al el\u00e9ctrica. Dicha se\u00f1al el\u00e9ctrica es lo que se conoce como audio. (Zetll 192) El audio puede ser anal\u00f3gico o digital, en el primer caso las pulsaciones el\u00e9ctricas son almacenadas en cinta. En el segundo, dicha se\u00f1al se convierte en datos binarios por medio de un codificador que contiene el sistema de grabaci\u00f3n digital y que almacena esta informaci\u00f3n.<\/p>\n<p>En t\u00e9rminos m\u00e1s t\u00e9cnicos, David Salomon en el libro \u201cCompresi\u00f3n de datos la referencia completa\u201d menciona que:<\/p>\n<p>\u2026cuando se reproduce el sonido en un micr\u00f3fono, se convierte en un voltaje que var\u00eda continuamente con el tiempo\u2026 La digitalizaci\u00f3n del sonido se efect\u00faa midiendo el voltaje en muchos puntos en el tiempo, traduciendo cada medici\u00f3n en un n\u00famero, y escribiendo los n\u00fameros en un archivo. Este proceso se denomina <b>muestreo<\/b>. La onda de sonido es muestreada, y las muestras constituyen el sonido digitalizado\u201d. (Salomon 721)<\/p>\n<p>Cuando el sonido se transforma en audio, este se puede manipular y controlar. En el caso del audio anal\u00f3gico, por medio de consolas que la mezclan y ecualizan; el audio digital, por medio de <i>softwares<\/i> o aplicaciones en computadoras o dispositivos digitales. Cuando el audio se amplifica por medio de bocinas, est\u00e1s se convierten nuevamente en ondas sonoras.<\/p>\n<p>Volviendo a la cuesti\u00f3n inicial de este primer punto, de si se graba audio o sonido; se puede decir que la respuesta est\u00e1 en hacer hincapi\u00e9 en la funci\u00f3n que tienen los micr\u00f3fonos y los sistemas de grabaci\u00f3n. Recordemos que los micr\u00f3fonos registran las ondas sonoras y las convierten en se\u00f1al el\u00e9ctrica. Al sistema de grabaci\u00f3n le compete almacenar la informaci\u00f3n que le env\u00edan los micr\u00f3fonos, es decir, audio. Por tanto, se puede decir que se graba audio y no sonido. Cuando escuchamos m\u00fasica en un reproductor como un iPod, escuchamos sonidos por medio de los aud\u00edfonos, pero cuando ajustamos el volumen en dicho dispositivo, manipulamos audio.<\/p>\n<ol start=\"2\">\n<li><b> Aspectos t\u00e9cnicas por considerar en la grabaci\u00f3n de audio<\/b><\/li>\n<\/ol>\n<p>Realizar la grabaci\u00f3n de audio con calidad profesional requiere de <i>software<\/i> y equipo especializado. En esta investigaci\u00f3n se propone lograr este objetivo mediante <i>smartphones<\/i>, aplicaciones y <i>gadgets<\/i>. Para conseguirlo, es importante conocer los t\u00e9rminos y las especificaciones t\u00e9cnicas a tomar en cuenta en las grabaciones, que, aunque est\u00e1n dirigidos a un p\u00fablico especializado, son de relevancia en esta investigaci\u00f3n por ser los par\u00e1metros que se configuran en <i>softwares<\/i> o aplicaciones de grabaci\u00f3n de audio. Otro aspecto a considerar es la ecualizaci\u00f3n, esto en el caso de que el audio grabado lo requiera, por ello en este apartado tambi\u00e9n se aborda este tema.<\/p>\n<p>Adem\u00e1s, se sugiere utilizar un micr\u00f3fono externo en las grabaciones y no limitarse al micr\u00f3fono integrado de los tel\u00e9fonos inteligentes. Tambi\u00e9n se recomienda un sistema de monitoreo para realizar la ecualizaci\u00f3n mencionada anteriormente. Por ello en este apartado, se profundiza en conocer los tipos de micr\u00f3fonos y su clasificaci\u00f3n, as\u00ed como los tipos de sistemas de monitoreo que existen y su importancia en la grabaci\u00f3n de audio.<\/p>\n<p><b>2.1 Especificaciones t\u00e9cnicas\u00a0\u00a0<\/b><\/p>\n<p><b>Compresi\u00f3n, c\u00f3dec y formato<\/b><\/p>\n<p>La compresi\u00f3n de datos es el proceso de convertir una cadena de datos de entrada (la cadena fuente o los datos originales a tratar), en otra cadena de datos (la salida, la cadena de bits, o la cadena comprimida), que tenga un tama\u00f1o m\u00e1s peque\u00f1o. (Salomon 3) En otras palabras, la compresi\u00f3n es la reducci\u00f3n de la informaci\u00f3n, de un tama\u00f1o original, a uno m\u00e1s peque\u00f1o. Por tanto, la cantidad de informaci\u00f3n que se conserve durante la digitalizaci\u00f3n define la calidad del audio y eso depende del tipo de compresi\u00f3n que se realice.<\/p>\n<p>La digitalizaci\u00f3n del audio puede realizarse <b>sin compresi\u00f3n<\/b> y <b>con compresi\u00f3n sin p\u00e9rdida<\/b> o <b>con p\u00e9rdida<\/b>. En el primer caso, el archivo se digitaliza como una copia fiel del audio original y no se pierde nada de informaci\u00f3n. En el segundo caso, el archivo es m\u00e1s peque\u00f1o pero conserva la informaci\u00f3n original. En el tercero, la informaci\u00f3n original se pierde y se eliminan los datos redundantes o repetidos. (Salomon 10)<\/p>\n<p>Otros temas relacionados con la compresi\u00f3n de datos son el c\u00f3dec y formato de audio. El <b>c\u00f3dec<\/b> es el algoritmo que se encarga de realizar la compresi\u00f3n de datos. Entre los c\u00f3decs m\u00e1s conocidos se pueden mencionar el MPEG-3, MPEG-4 o el ACC y ALAC. El <b>formato <\/b>es el archivo que se genera con la compresi\u00f3n por medio del c\u00f3dec. Estos formatos se reconocen por medio de la extensi\u00f3n de dichos archivos, como por ejemplo: .wav, .aiff, .mp3 o .m4a.<\/p>\n<p>Los archivos de audio son de mejor calidad mientras m\u00e1s informaci\u00f3n original conserven. Para lograr esto, existen diferentes formatos y c\u00f3decs sin compresi\u00f3n; y con diferentes niveles de compresi\u00f3n. Los formatos <b>WAV<\/b> (Windows PC) y <b>AIFF<\/b> (Apple Mac) realizan digitalizaciones sin compresi\u00f3n (FMCM 8). <b>FLAC <\/b>es el acr\u00f3nimo de <i>Free Lossles Audio Compression<\/i>, y es un formato de compresi\u00f3n sin p\u00e9rdida. En cuanto a los formatos de compresi\u00f3n con p\u00e9rdida existen los <b>MP3<\/b> y <b>WMA<\/b> (Windows Media Audio). Por \u00faltimo, el formato <b>M4A <\/b>de Apple puede ser utilizado para compresiones con y sin p\u00e9rdida; esto depende del c\u00f3dec elegido para la digitalizaci\u00f3n. De esta manera, para la digitalizaci\u00f3n con p\u00e9rdida se utiliza el c\u00f3dec <b>ACC<\/b> (<i>Advanced Audio Coding<\/i>) y para la digitalizaci\u00f3n sin perdida se utiliza el c\u00f3dec <b>ALAC<\/b> (<i>Apple Lossles audio compression<\/i>).<\/p>\n<p><b>Muestreo<\/b>.<\/p>\n<p>Durante la digitalizaci\u00f3n, las ondas de sonidos son muestreadas. Dichas muestras constituyen el sonido digitalizado. (Salomon 721) Las frecuencias de ondas se miden en <b>Hertz<\/b> o <b>Hz<\/b>, esta es la unidad f\u00edsica con la que tambi\u00e9n se mide el muestreo por segundo. De acuerdo con David Salomon en el libro \u201cCompresi\u00f3n de datos\u201d, el sonido de alta fidelidad se basa en una velocidad de muestreo de 44,100 Hz, es decir, 44,100 muestras por segundos. (Salomon 723) La tasa de muestreo anterior funciona como referencia para determinar la calidad del audio a grabar, por ejemplo, una calidad media se basa en un muestreo de 22,000 Hz y una muy baja entre los 8,000 o 10,000 Hz. Algo importante a considerar, es que un muestreo alto proporciona un audio de mayor calidad, pero tambi\u00e9n genera archivos m\u00e1s grandes.<\/p>\n<p><b>Resoluci\u00f3n del sonido (<\/b><b><i>Bit rate<\/i><\/b><b>)<\/b>.<\/p>\n<p>Cada muestra se convierte en un n\u00famero y por ende tiene un tama\u00f1o. (Salomon 723) Cada uno de esos n\u00fameros se almacenan en bits, que son las unidades de informaci\u00f3n digital. Por lo tanto, el <i>Bit rate <\/i>o tasa de datos determina la cantidad de informaci\u00f3n que tendr\u00e1 el archivo de audio en un determinado tiempo, com\u00fanmente se mide en un segundo, es decir, <b>Kbps<\/b> (Kilo bits por segundo). A una mayor tasa de datos, mayor resoluci\u00f3n de audio habr\u00e1, pero de la misma manera que con el muestreo, tambi\u00e9n se generar\u00e1n archivos m\u00e1s grandes. Para obtener un audio de calidad CD, las mejores tasas de datos de bits est\u00e1n en el intervalo de 112 Kbps a 160 Kbps. (Salomon 1145)<\/p>\n<p><b>Profundidad de bit (<\/b><b><i>Bit depth<\/i><\/b><b>)<\/b><\/p>\n<p>Se refiere al sistema utilizado para la grabaci\u00f3n del audio y hace referencia al rango din\u00e1mico de una se\u00f1al de audio, es decir; determina el m\u00e1ximo y m\u00ednimo de decibeles o <b>dB<\/b> que una se\u00f1al puede tener al ser grabada. (Academia Unimusica 1) En t\u00e9rminos de compresi\u00f3n, es la cantidad de informaci\u00f3n o bits (la unidad de informaci\u00f3n digital), que tiene que capturar el audio en un instante de tiempo.<\/p>\n<p>En las grabaciones se pueden utilizar sistemas que van desde los 4 a los 32 bits. Los sistemas de 16 bits tienen 65,536 niveles posibles; es decir, los niveles de captura de informaci\u00f3n. (Qloudea 4) Por lo tanto, dependiendo del rango din\u00e1mico del sonido, ser\u00e1 el nivel de captura en un instante de tiempo. Como referencia de calidad se puede mencionar que, en los reproductores de CD, los audios se escuchan en sistemas de 16 bits de profundidad. (Academia Unimusica 4)<\/p>\n<p>Es importante no confundir la profundidad de bits (<i>Bit depth<\/i>) con la resoluci\u00f3n (<i>Bit rate<\/i>), en el primer caso se refiere a la cantidad de informaci\u00f3n que se puede capturar en un instante de tiempo; y el segundo, se refiere a la informaci\u00f3n capturada en un lapso mas grande de tiempo; siendo esto \u00faltimo lo que determina el tama\u00f1o de los archivos.<\/p>\n<p>La calidad del audio que se consiga en una grabaci\u00f3n depender\u00e1 en gran medida de c\u00f3mo se elijan las especificaciones antes mencionadas. Como sugerencia se puede mencionar que hay que ser congruentes al momento de realizar la configuraci\u00f3n de dichas especificaciones, es decir, si se elige un formato MP3 y una tasa de datos muy baja, el resultado tal vez no sea un audio de calidad, ya que, probablemente, podr\u00eda conseguirse un archivo peque\u00f1o pero con un audio distorsionado, por la carencia de informaci\u00f3n.<\/p>\n<p><b>2.2 Ecualizaci\u00f3n de audio<\/b><\/p>\n<p>La ecualizaci\u00f3n de audio es un tema muy amplio y complejo. En un estudio profesional se utiliza <i>software<\/i> con recursos como el ecualizador gr\u00e1fico, el ecualizador param\u00e9trico, el limitador, el compresor, filtros, etc. Pero dichas herramientas est\u00e1n dirigidas a un p\u00fablico especializado; debido a esto, y aunque las aplicaciones que se presenten en apartados posteriores tienen esos efecto, esta investigaci\u00f3n se limita a proponer solo el ecualizador gr\u00e1fico.<\/p>\n<p><b>Ecualizador gr\u00e1fico<\/b><\/p>\n<p>Es un ecualizador que modifica bandas fijas separadas por <b>octavas<\/b>, es decir, el intervalo de frecuencias que hay entre dichas bandas y que corresponde al doble de las mismas; por ejemplo de 1KHz a 2KHz o 150Hz a 300Hz. Los ecualizadores gr\u00e1ficos pueden ser de 8, 10, 20 0 30 bandas. (Cort\u00e9s Delgado 87%) En la imagen 1 puede verse el ecualizador gr\u00e1fico de 10 bandas del <i>software <\/i>para computadoras Adobe Audition.<\/p>\n<p>El objetivo de proponer este ecualizador, es para poder ajustar las frecuencias graves, medias y agudas del audio grabado, en el caso de ser necesario. Una voz bien ecualizada es lo que se conoce como una voz con brillo, es decir, que no se escucha plana ni aguda.<\/p>\n<a href=\"https:\/\/entretejidos.iconos.edu.mx\/thesite\/wp-content\/uploads\/2020\/04\/image2.png\"><img loading=\"lazy\" decoding=\"async\" class=\"alignnone size-full wp-image-3965\" src=\"https:\/\/entretejidos.iconos.edu.mx\/thesite\/wp-content\/uploads\/2020\/04\/image2.png\" alt=\"\" width=\"1116\" height=\"910\" srcset=\"https:\/\/entretejidos.iconos.edu.mx\/thesite\/wp-content\/uploads\/2020\/04\/image2.png 1116w, https:\/\/entretejidos.iconos.edu.mx\/thesite\/wp-content\/uploads\/2020\/04\/image2-300x245.png 300w, https:\/\/entretejidos.iconos.edu.mx\/thesite\/wp-content\/uploads\/2020\/04\/image2-768x626.png 768w, https:\/\/entretejidos.iconos.edu.mx\/thesite\/wp-content\/uploads\/2020\/04\/image2-1024x835.png 1024w\" sizes=\"auto, (max-width: 1116px) 100vw, 1116px\" \/><\/a>\n<p style=\"text-align: center;\">Imagen 1. Ecualizador gr\u00e1fico de 10 bandas del <i>software<\/i> Adobe Audition.<\/p>\n<p><b>2.3 Micr\u00f3fonos<\/b><\/p>\n<p>Los micr\u00f3fonos registran las ondas sonoras y las convierten en se\u00f1ales el\u00e9ctricas. Conocer c\u00f3mo se lleva a cabo la captaci\u00f3n del sonido ayuda a elegir el micr\u00f3fono adecuado para cada situaci\u00f3n a grabar.<\/p>\n<p>Los micr\u00f3fonos pueden ser de dos tipos, din\u00e1micos y de condensador. Los <b>micr\u00f3fonos din\u00e1micos<\/b> son de uso rudo y compactos, se pueden trabajar cerca de la fuente de sonido, resistir niveles altos de sonido y sobrecargas de energ\u00eda; adem\u00e1s, resisten a cambios extremos de temperatura. (imagen 2A) (Zettl 213)<\/p>\n<a href=\"https:\/\/entretejidos.iconos.edu.mx\/thesite\/wp-content\/uploads\/2020\/04\/image3.jpg\"><img loading=\"lazy\" decoding=\"async\" class=\"alignnone size-full wp-image-3966\" src=\"https:\/\/entretejidos.iconos.edu.mx\/thesite\/wp-content\/uploads\/2020\/04\/image3.jpg\" alt=\"\" width=\"1280\" height=\"720\" srcset=\"https:\/\/entretejidos.iconos.edu.mx\/thesite\/wp-content\/uploads\/2020\/04\/image3.jpg 1280w, https:\/\/entretejidos.iconos.edu.mx\/thesite\/wp-content\/uploads\/2020\/04\/image3-300x169.jpg 300w, https:\/\/entretejidos.iconos.edu.mx\/thesite\/wp-content\/uploads\/2020\/04\/image3-768x432.jpg 768w, https:\/\/entretejidos.iconos.edu.mx\/thesite\/wp-content\/uploads\/2020\/04\/image3-1024x576.jpg 1024w\" sizes=\"auto, (max-width: 1280px) 100vw, 1280px\" \/><\/a>\n<p style=\"text-align: center;\">Imagen 2. (A) Micr\u00f3fono din\u00e1mico de la marca Shure modelo SM58-LC. (Fuente Amazon M\u00e9xico) (B) Componentes de un micr\u00f3fono din\u00e1mico. (Cort\u00e9s Delgado 57%)<\/p>\n<p>En un micr\u00f3fono din\u00e1mico las ondas sonoras captadas chocan con un diafragma suspendido el\u00e1sticamente y contenido en una bobina m\u00f3vil de cable fino la cual se encuentra tambi\u00e9n suspendida en un campo magn\u00e9tico permanente. Cuando las ondas sonoras golpean el diafragma este hace vibrar la bobina en el campo magn\u00e9tico dando como resultado una peque\u00f1a corriente el\u00e9ctrica generada por la fricci\u00f3n, que tendr\u00e1 que ser amplificada luego, miles de veces. (ver imagen 2B) (Cort\u00e9s Delgado 57%)<\/p>\n<p>Los <b>micr\u00f3fonos de condensador<\/b> son m\u00e1s sensibles a los golpes f\u00edsicos, a los cambios de temperatura y sobrecargas el\u00e9ctricas. A diferencia de los micr\u00f3fonos din\u00e1micos, los de condensador necesitan una bater\u00eda o energ\u00eda externa para impulsar su amplificador; los din\u00e1micos suelen utilizar la energ\u00eda de la consola o del sistema de grabaci\u00f3n (imagen 3A). (Zettl 214)<\/p>\n<a href=\"https:\/\/entretejidos.iconos.edu.mx\/thesite\/wp-content\/uploads\/2020\/04\/image4.jpg\"><img loading=\"lazy\" decoding=\"async\" class=\"alignnone size-full wp-image-3967\" src=\"https:\/\/entretejidos.iconos.edu.mx\/thesite\/wp-content\/uploads\/2020\/04\/image4.jpg\" alt=\"\" width=\"1280\" height=\"720\" srcset=\"https:\/\/entretejidos.iconos.edu.mx\/thesite\/wp-content\/uploads\/2020\/04\/image4.jpg 1280w, https:\/\/entretejidos.iconos.edu.mx\/thesite\/wp-content\/uploads\/2020\/04\/image4-300x169.jpg 300w, https:\/\/entretejidos.iconos.edu.mx\/thesite\/wp-content\/uploads\/2020\/04\/image4-768x432.jpg 768w, https:\/\/entretejidos.iconos.edu.mx\/thesite\/wp-content\/uploads\/2020\/04\/image4-1024x576.jpg 1024w\" sizes=\"auto, (max-width: 1280px) 100vw, 1280px\" \/><\/a>\n<p style=\"text-align: center;\">Imagen 3. (A) Micr\u00f3fono de condensador de la marca Shure modelo PGA27. (Fuente Amazon M\u00e9xico) (B) Componentes de un micr\u00f3fono de condensador. (Cort\u00e9s Delgado 58%)<\/p>\n<p>Estos micr\u00f3fonos funcionan bajo el principio de un condensador el\u00e9ctrico o capacitor. Un diafragma de metal ultra delgado (placa m\u00f3vil), es fuertemente estirado sobre una pieza plana de metal o cer\u00e1mica (placa fija), all\u00ed una fuente de poder provee una carga el\u00e9ctrica entre ambos elementos. Las ondas sonoras que golpean el diafragma causan fluctuaciones en la carga el\u00e9ctrica que deben ser posteriormente amplificadas en el preamplificador (pre-amp), el cu\u00e1l puede estar integrado al cuerpo del micr\u00f3fono o estar ubicado en un dispositivo separado (imagen 3B). (Cort\u00e9s Delgado 58%)<\/p>\n<p>En resumen, los micr\u00f3fonos din\u00e1micos son muy \u00fatiles en situaciones activas y ruidosas como los reportajes o programas de televisi\u00f3n, en d\u00f3nde el reportero o conductor tiene que caminar y entrevistar. Los micr\u00f3fonos de condensador son m\u00e1s \u00fatiles en situaciones controladas y donde dicho micr\u00f3fono este inm\u00f3vil, son muy comunes en los estudios de grabaci\u00f3n y cuando se requiere grabar detalles, como en el sonido directo.<\/p>\n<p>Los micr\u00f3fonos tambi\u00e9n se pueden clasificar de acuerdo con sus <b>patrones polares de registro<\/b>, es decir, el radio en que un micr\u00f3fono capta las ondas sonoras. En ese sentido se clasifican en:<\/p>\n<ul>\n<li><b>Cardioide.<\/b> Capta el sonido desde la parte frontal y, dependiendo del radio de captaci\u00f3n a los lados, se subclasifica en <b>supercardioide<\/b>, <b>subcardiode<\/b> e <b>h\u00edpercardioide<\/b>, unos m\u00e1s que otros captan el sonido lateral pero siempre domina la captaci\u00f3n frontal.<\/li>\n<li><b>Bidireccional.<\/b> Capta el sonido enfrente y atr\u00e1s.<\/li>\n<li><b>Omnidireccional. <\/b>Capta el sonido desde todas las direcciones. (Cortes Delgado 58%)<\/li>\n<\/ul>\n<a href=\"https:\/\/entretejidos.iconos.edu.mx\/thesite\/wp-content\/uploads\/2020\/04\/image5.jpg\"><img loading=\"lazy\" decoding=\"async\" class=\"alignnone size-full wp-image-3968\" src=\"https:\/\/entretejidos.iconos.edu.mx\/thesite\/wp-content\/uploads\/2020\/04\/image5.jpg\" alt=\"\" width=\"1536\" height=\"1277\" srcset=\"https:\/\/entretejidos.iconos.edu.mx\/thesite\/wp-content\/uploads\/2020\/04\/image5.jpg 1536w, https:\/\/entretejidos.iconos.edu.mx\/thesite\/wp-content\/uploads\/2020\/04\/image5-300x249.jpg 300w, https:\/\/entretejidos.iconos.edu.mx\/thesite\/wp-content\/uploads\/2020\/04\/image5-768x639.jpg 768w, https:\/\/entretejidos.iconos.edu.mx\/thesite\/wp-content\/uploads\/2020\/04\/image5-1024x851.jpg 1024w\" sizes=\"auto, (max-width: 1536px) 100vw, 1536px\" \/><\/a>\n<p style=\"text-align: center;\">Imagen 4. Respuestas polares de los micr\u00f3fonos. (Cort\u00e9s Delgado 62%)<\/p>\n<p>Con los fundamentos anteriores se puede decidir sobre el micr\u00f3fono a utilizar en una grabaci\u00f3n, de acuerdo con las necesidades particulares del proyecto; por ejemplo, si el objetivo es grabar voz, los micr\u00f3fonos de condensador con polaridad cardioide ser\u00e1n los m\u00e1s adecuados.<\/p>\n<p><b>2.4 Sistemas de monitoreo<\/b><\/p>\n<p>En las grabacioes de audio es importante tener un <b>sistema de monitoreo <\/b>como aud\u00edfonos o bocinas, con sonido lineal o plano; es decir, este tipo de equipo no debe tener ajustes hacia los sonidos graves, agudos o medios, y por ende, permitir escuchar el sonido real, es decir, tal como fue grabado. (ver imagen 5)<\/p>\n<p>Como puede verse en la imagen 5, estos equipos suelen ser caros y rebasan los objetivos planteados en esta investigaci\u00f3n, sin embargo, durante la ecualizaci\u00f3n se sugiere utilizar aud\u00edfonos, aunque sean los que vienen con los <i>smartphones<\/i> o los que se utilizan para escuchar m\u00fasica (imagen 6); esto es mejor que trabajar con las bocinas integradas de los dispositivos.<\/p>\n<a href=\"https:\/\/entretejidos.iconos.edu.mx\/thesite\/wp-content\/uploads\/2020\/04\/image6.jpg\"><img loading=\"lazy\" decoding=\"async\" class=\"alignnone size-full wp-image-3969\" src=\"https:\/\/entretejidos.iconos.edu.mx\/thesite\/wp-content\/uploads\/2020\/04\/image6.jpg\" alt=\"\" width=\"1280\" height=\"720\" srcset=\"https:\/\/entretejidos.iconos.edu.mx\/thesite\/wp-content\/uploads\/2020\/04\/image6.jpg 1280w, https:\/\/entretejidos.iconos.edu.mx\/thesite\/wp-content\/uploads\/2020\/04\/image6-300x169.jpg 300w, https:\/\/entretejidos.iconos.edu.mx\/thesite\/wp-content\/uploads\/2020\/04\/image6-768x432.jpg 768w, https:\/\/entretejidos.iconos.edu.mx\/thesite\/wp-content\/uploads\/2020\/04\/image6-1024x576.jpg 1024w\" sizes=\"auto, (max-width: 1280px) 100vw, 1280px\" \/><\/a>\n<p style=\"text-align: center;\">Imagen 5. (A) Aud\u00edfonos <i>Audio-Technica<\/i> ATH-M40X (Precio aprox. $2,000 pesos en Amazon M\u00e9xico). (B) Bocinas de estudio <i>Genelec <\/i>8040b (Precio aprox. 1,700 d\u00f3lares en Mercado libre).<\/p>\n<a href=\"https:\/\/entretejidos.iconos.edu.mx\/thesite\/wp-content\/uploads\/2020\/04\/image7.jpg\"><img loading=\"lazy\" decoding=\"async\" class=\"alignnone size-full wp-image-3970\" src=\"https:\/\/entretejidos.iconos.edu.mx\/thesite\/wp-content\/uploads\/2020\/04\/image7.jpg\" alt=\"\" width=\"1600\" height=\"931\" srcset=\"https:\/\/entretejidos.iconos.edu.mx\/thesite\/wp-content\/uploads\/2020\/04\/image7.jpg 1600w, https:\/\/entretejidos.iconos.edu.mx\/thesite\/wp-content\/uploads\/2020\/04\/image7-300x175.jpg 300w, https:\/\/entretejidos.iconos.edu.mx\/thesite\/wp-content\/uploads\/2020\/04\/image7-768x447.jpg 768w, https:\/\/entretejidos.iconos.edu.mx\/thesite\/wp-content\/uploads\/2020\/04\/image7-1024x596.jpg 1024w\" sizes=\"auto, (max-width: 1600px) 100vw, 1600px\" \/><\/a>\n<p style=\"text-align: center;\">Imagen 6. Aud\u00edfonos que vienen con los <i>smartphones<\/i> utilizados en esta investigaci\u00f3n.<\/p>\n<p>Antes de presentar las aplicaciones, es relevante mencionar que en esta investigaci\u00f3n se utilizan los <i>smartphones <\/i>\u00a0<b>Xperia X de Sony,<\/b> con <b>sistema operativo Android versi\u00f3n 8.0;<\/b> y el <b>iPhone SE de Apple,<\/b> con <b>sistema operativo IOS versi\u00f3n 12. <\/b>(ver imagen 7)<\/p>\n<a href=\"https:\/\/entretejidos.iconos.edu.mx\/thesite\/wp-content\/uploads\/2020\/04\/image8.jpg\"><img loading=\"lazy\" decoding=\"async\" class=\"alignnone size-full wp-image-3971\" src=\"https:\/\/entretejidos.iconos.edu.mx\/thesite\/wp-content\/uploads\/2020\/04\/image8.jpg\" alt=\"\" width=\"1600\" height=\"949\" srcset=\"https:\/\/entretejidos.iconos.edu.mx\/thesite\/wp-content\/uploads\/2020\/04\/image8.jpg 1600w, https:\/\/entretejidos.iconos.edu.mx\/thesite\/wp-content\/uploads\/2020\/04\/image8-300x178.jpg 300w, https:\/\/entretejidos.iconos.edu.mx\/thesite\/wp-content\/uploads\/2020\/04\/image8-768x456.jpg 768w, https:\/\/entretejidos.iconos.edu.mx\/thesite\/wp-content\/uploads\/2020\/04\/image8-1024x607.jpg 1024w\" sizes=\"auto, (max-width: 1600px) 100vw, 1600px\" \/><\/a>\n<p style=\"text-align: center;\">Imagen 7. Tel\u00e9fonos inteligentes utilizados en esta investigaci\u00f3n.<\/p>\n<p>Ahora que se conocen los aspectos t\u00e9cnicos a considerar en la grabaci\u00f3n de audio, y los <i>smartphones<\/i> a utilizar, se procede a presentar las aplicaciones y <i>gadgets<\/i> que se proponen para lograr el objetivo de esta investigaci\u00f3n.<\/p>\n<ol start=\"3\">\n<li><b> Aplicaciones para la grabaci\u00f3n y ecualizaci\u00f3n de audio en <\/b><b><i>smartphones<\/i><\/b><b> con los sistemas operativos IOS y Android<\/b><\/li>\n<\/ol>\n<p>Es importante iniciar este apartado definiendo qu\u00e9 es una aplicaci\u00f3n. Una aplicaci\u00f3n se define como:<\/p>\n<p>\u2026un programa que se instala en un dispositivo m\u00f3vil -ya sea tel\u00e9fono o tableta y que se puede integrar a las caracter\u00edsticas del\u00a0<i>gadget,<\/i>\u00a0como su c\u00e1mara o sistema de posicionamiento global (GPS). Adem\u00e1s, se puede actualizar para a\u00f1adirle nuevas caracter\u00edsticas con el paso del tiempo\u2026\u201d. (BBC mundo, tecnolog\u00eda 5)<\/p>\n<p>En el mercado de los smartphones hay dos sistemas operativos dominantes, <b>IOS<\/b> de la compa\u00f1\u00eda Apple y <b>Android<\/b> de Google. Cada sistema operativo tiene su propia tienda o <i>store<\/i> d\u00f3nde se compran o descargan las aplicaciones.<\/p>\n<p>Para efectos de este trabajo de investigaci\u00f3n, las aplicaciones que se proponen son aquellas que permitan a los dispositivos m\u00f3viles grabar con las especificaciones t\u00e9cnicas mencionadas en el apartado 2 (formato, c\u00f3dec, <i>Bit rate<\/i>, ecualizaci\u00f3n, y otros). Esto con el objetivo de conseguir grabaciones n\u00edtidas, sin ruido ambiente y ecualizadas.<\/p>\n<p>Las aplicaciones sugeridas para el sistema operativo Android son <b>Wave Editor,<\/b> desarrollado por Sound-Base Audio LLC, con un costo de $69 pesos mexicanos. Esta aplicaci\u00f3n, adem\u00e1s de grabar audio con las especificaciones t\u00e9cnicas sugeridas en el apartado 2, tambi\u00e9n tiene el efecto de ecualizaci\u00f3n que se sugieren en esta investigaci\u00f3n. En la imagen 8 puede observarse el sitio <i>web<\/i> de la aplicaci\u00f3n (8A). Tambi\u00e9n, se visualiza la ventana de grabaci\u00f3n de la aplicaci\u00f3n y puede observarse que tiene las opciones de grabaci\u00f3n sin p\u00e9rdida en el formato WAV, y con p\u00e9rdida el formato MP3 (8B). En la imagen 8C se puede ver la ventana de configuraci\u00f3n para grabaci\u00f3n.<\/p>\n<a href=\"https:\/\/entretejidos.iconos.edu.mx\/thesite\/wp-content\/uploads\/2020\/04\/image9.jpg\"><img loading=\"lazy\" decoding=\"async\" class=\"alignnone size-full wp-image-3972\" src=\"https:\/\/entretejidos.iconos.edu.mx\/thesite\/wp-content\/uploads\/2020\/04\/image9.jpg\" alt=\"\" width=\"1280\" height=\"720\" srcset=\"https:\/\/entretejidos.iconos.edu.mx\/thesite\/wp-content\/uploads\/2020\/04\/image9.jpg 1280w, https:\/\/entretejidos.iconos.edu.mx\/thesite\/wp-content\/uploads\/2020\/04\/image9-300x169.jpg 300w, https:\/\/entretejidos.iconos.edu.mx\/thesite\/wp-content\/uploads\/2020\/04\/image9-768x432.jpg 768w, https:\/\/entretejidos.iconos.edu.mx\/thesite\/wp-content\/uploads\/2020\/04\/image9-1024x576.jpg 1024w\" sizes=\"auto, (max-width: 1280px) 100vw, 1280px\" \/><\/a>\n<p style=\"text-align: center;\">Imagen 8. Aplicaci\u00f3n WaveEditor y las opciones de grabaci\u00f3n de audio para dispositivos Android.<\/p>\n<p>En cuanto a la ecualizaci\u00f3n, WaveEditor tiene efectos de uso profesional como el compresor (imagen 9B), el limitador (imagen 9D) y el ecualizador gr\u00e1fico que se propone en esta investigaci\u00f3n (imagen 9C).<\/p>\n<a href=\"https:\/\/entretejidos.iconos.edu.mx\/thesite\/wp-content\/uploads\/2020\/04\/image10.jpg\"><img loading=\"lazy\" decoding=\"async\" class=\"alignnone size-full wp-image-3973\" src=\"https:\/\/entretejidos.iconos.edu.mx\/thesite\/wp-content\/uploads\/2020\/04\/image10.jpg\" alt=\"\" width=\"1280\" height=\"720\" srcset=\"https:\/\/entretejidos.iconos.edu.mx\/thesite\/wp-content\/uploads\/2020\/04\/image10.jpg 1280w, https:\/\/entretejidos.iconos.edu.mx\/thesite\/wp-content\/uploads\/2020\/04\/image10-300x169.jpg 300w, https:\/\/entretejidos.iconos.edu.mx\/thesite\/wp-content\/uploads\/2020\/04\/image10-768x432.jpg 768w, https:\/\/entretejidos.iconos.edu.mx\/thesite\/wp-content\/uploads\/2020\/04\/image10-1024x576.jpg 1024w\" sizes=\"auto, (max-width: 1280px) 100vw, 1280px\" \/><\/a>\n<p style=\"text-align: center;\">Imagen 9. Aplicaci\u00f3n WaveEditor y las opciones de ecualizaci\u00f3n de audio para dispositivos Android.<\/p>\n<p>Para el sistema operativo IOS se sugiere la aplicaci\u00f3n <b>WavePad,<\/b> desarrollada por NCH Software (imagen 10A), con pago mensual de $59 pesos mexicanos en la App Store de Apple. Esta aplicaci\u00f3n, de la misma manera que WaveEditor, graba audio con las especificaciones sugeridas en el apartado 2. En la imagen 10 puede observarse los ajustes de formato (imagen 10B), muestreo (imagen 10C) y la profundidad de bits (imagen 10D).<\/p>\n<a href=\"https:\/\/entretejidos.iconos.edu.mx\/thesite\/wp-content\/uploads\/2020\/04\/image11.jpg\"><img loading=\"lazy\" decoding=\"async\" class=\"alignnone size-full wp-image-3974\" src=\"https:\/\/entretejidos.iconos.edu.mx\/thesite\/wp-content\/uploads\/2020\/04\/image11.jpg\" alt=\"\" width=\"1280\" height=\"720\" srcset=\"https:\/\/entretejidos.iconos.edu.mx\/thesite\/wp-content\/uploads\/2020\/04\/image11.jpg 1280w, https:\/\/entretejidos.iconos.edu.mx\/thesite\/wp-content\/uploads\/2020\/04\/image11-300x169.jpg 300w, https:\/\/entretejidos.iconos.edu.mx\/thesite\/wp-content\/uploads\/2020\/04\/image11-768x432.jpg 768w, https:\/\/entretejidos.iconos.edu.mx\/thesite\/wp-content\/uploads\/2020\/04\/image11-1024x576.jpg 1024w\" sizes=\"auto, (max-width: 1280px) 100vw, 1280px\" \/><\/a>\n<p style=\"text-align: center;\">Imagen 10. Aplicaci\u00f3n WavePad y sus opciones de grabaci\u00f3n el sistema operativo IOS.<\/p>\n<p>En cuanto a la ecualizaci\u00f3n, tambi\u00e9n tiene efectos de uso profesional como el compresor (imagen 11A) y el ecualizador gr\u00e1fico sugerido en esta investigaci\u00f3n (imagen 11B).<\/p>\n<a href=\"https:\/\/entretejidos.iconos.edu.mx\/thesite\/wp-content\/uploads\/2020\/04\/image12.jpg\"><img loading=\"lazy\" decoding=\"async\" class=\"alignnone size-full wp-image-3975\" src=\"https:\/\/entretejidos.iconos.edu.mx\/thesite\/wp-content\/uploads\/2020\/04\/image12.jpg\" alt=\"\" width=\"1280\" height=\"720\" srcset=\"https:\/\/entretejidos.iconos.edu.mx\/thesite\/wp-content\/uploads\/2020\/04\/image12.jpg 1280w, https:\/\/entretejidos.iconos.edu.mx\/thesite\/wp-content\/uploads\/2020\/04\/image12-300x169.jpg 300w, https:\/\/entretejidos.iconos.edu.mx\/thesite\/wp-content\/uploads\/2020\/04\/image12-768x432.jpg 768w, https:\/\/entretejidos.iconos.edu.mx\/thesite\/wp-content\/uploads\/2020\/04\/image12-1024x576.jpg 1024w\" sizes=\"auto, (max-width: 1280px) 100vw, 1280px\" \/><\/a>\n<p style=\"text-align: center;\">Imagen 11. Aplicaci\u00f3n WavePad y sus opciones de ecualizaci\u00f3n el sistema operativo IOS.<\/p>\n<p>Para finalizar este apartado se sugiere que, al exportar los audios de las aplicaciones, se ajusten a las mismas caracter\u00edsticas de c\u00f3dec, formato, bitrate y bitedepth utilizados en la grabaci\u00f3n de origen. En la imagen 12 puede observarse estas opciones de exportaci\u00f3n de la aplicaci\u00f3n WaveEditor en Android y en la imagen 13, las opciones de exportaci\u00f3n de la aplicaci\u00f3n WavePad en IOS.<\/p>\n<a href=\"https:\/\/entretejidos.iconos.edu.mx\/thesite\/wp-content\/uploads\/2020\/04\/image13.jpg\"><img loading=\"lazy\" decoding=\"async\" class=\"alignnone size-full wp-image-3976\" src=\"https:\/\/entretejidos.iconos.edu.mx\/thesite\/wp-content\/uploads\/2020\/04\/image13.jpg\" alt=\"\" width=\"1280\" height=\"612\" srcset=\"https:\/\/entretejidos.iconos.edu.mx\/thesite\/wp-content\/uploads\/2020\/04\/image13.jpg 1280w, https:\/\/entretejidos.iconos.edu.mx\/thesite\/wp-content\/uploads\/2020\/04\/image13-300x143.jpg 300w, https:\/\/entretejidos.iconos.edu.mx\/thesite\/wp-content\/uploads\/2020\/04\/image13-768x367.jpg 768w, https:\/\/entretejidos.iconos.edu.mx\/thesite\/wp-content\/uploads\/2020\/04\/image13-1024x490.jpg 1024w\" sizes=\"auto, (max-width: 1280px) 100vw, 1280px\" \/><\/a>\n<p style=\"text-align: center;\">Imagen 12. Opciones de exportaci\u00f3n de audio de la aplicaci\u00f3n WaveEditor para Android.<\/p>\n<a href=\"https:\/\/entretejidos.iconos.edu.mx\/thesite\/wp-content\/uploads\/2020\/04\/image14.jpg\"><img loading=\"lazy\" decoding=\"async\" class=\"alignnone size-full wp-image-3977\" src=\"https:\/\/entretejidos.iconos.edu.mx\/thesite\/wp-content\/uploads\/2020\/04\/image14.jpg\" alt=\"\" width=\"1280\" height=\"612\" srcset=\"https:\/\/entretejidos.iconos.edu.mx\/thesite\/wp-content\/uploads\/2020\/04\/image14.jpg 1280w, https:\/\/entretejidos.iconos.edu.mx\/thesite\/wp-content\/uploads\/2020\/04\/image14-300x143.jpg 300w, https:\/\/entretejidos.iconos.edu.mx\/thesite\/wp-content\/uploads\/2020\/04\/image14-768x367.jpg 768w, https:\/\/entretejidos.iconos.edu.mx\/thesite\/wp-content\/uploads\/2020\/04\/image14-1024x490.jpg 1024w\" sizes=\"auto, (max-width: 1280px) 100vw, 1280px\" \/><\/a>\n<p style=\"text-align: center;\">Imagen 13. Opciones de exportaci\u00f3n de audio de la aplicaci\u00f3n WavePad para IOS.<\/p>\n<p>A continuaci\u00f3n, se presentan los gadgets que se proponen en esta investigaci\u00f3n.<\/p>\n<ol start=\"4\">\n<li><b> <\/b><b><i>Gadgets<\/i><\/b><b> para la grabaci\u00f3n de audio con smartphones\u00a0<\/b><\/li>\n<\/ol>\n<p>De igual forma que en el apartado anterior, se inicia definiendo que un <i>gadget<\/i> es:<\/p>\n<p>\u2026un dispositivo que tiene un prop\u00f3sito y una funci\u00f3n espec\u00edfica, pr\u00e1ctica y \u00fatil en lo cotidiano [\u2026] se llama tambi\u00e9n <i>gadget<\/i> a un peque\u00f1o <i>software<\/i> o m\u00f3dulo, herramienta o servicio que puede ser agregada a una plataforma mayor. (Inform\u00e1tica-Hoy 2)<\/p>\n<p>Para grabar audio con los <i>smartphones<\/i>, los <i>gadgets<\/i> a utilizar son aquellos que, al complementarse con estos dispositivos, mejoren las grabaciones que se consiguen con el micr\u00f3fono integrado que tienen de f\u00e1brica instalado. (ver imagen 14) Por ello es importante, que adem\u00e1s de las aplicaciones sugeridas anteriormente, se pueda conectar un micr\u00f3fono externo con el fin de mejorar la calidad de la grabaci\u00f3n.<\/p>\n<a href=\"https:\/\/entretejidos.iconos.edu.mx\/thesite\/wp-content\/uploads\/2020\/04\/image15.png\"><img loading=\"lazy\" decoding=\"async\" class=\"alignnone size-full wp-image-3978\" src=\"https:\/\/entretejidos.iconos.edu.mx\/thesite\/wp-content\/uploads\/2020\/04\/image15.png\" alt=\"\" width=\"1600\" height=\"900\" srcset=\"https:\/\/entretejidos.iconos.edu.mx\/thesite\/wp-content\/uploads\/2020\/04\/image15.png 1600w, https:\/\/entretejidos.iconos.edu.mx\/thesite\/wp-content\/uploads\/2020\/04\/image15-300x169.png 300w, https:\/\/entretejidos.iconos.edu.mx\/thesite\/wp-content\/uploads\/2020\/04\/image15-768x432.png 768w, https:\/\/entretejidos.iconos.edu.mx\/thesite\/wp-content\/uploads\/2020\/04\/image15-1024x576.png 1024w\" sizes=\"auto, (max-width: 1600px) 100vw, 1600px\" \/><\/a>\n<p style=\"text-align: center;\">Imagen 14. Micr\u00f3fono integrado instalado de f\u00e1brica del iPhone SE y el Xperia X situados en la parte inferior de ambos dispositivos.<\/p>\n<p>A los dispositivos mencionados anteriormente se les puede conectar un micr\u00f3fono externo mediante el <i>jack<\/i> de 3.5 mm de los aud\u00edfonos o por medio del puerto USB (USB tipo C o <i>lightning de los <\/i>iPhones<i>),<\/i> en el caso de que los dispositivos no tengan dicho <i>Jack<\/i>. Para realizar la conexi\u00f3n, es necesario tener algunas consideraciones t\u00e9cnicas y es ah\u00ed donde los <i>gadgets<\/i> son de utilidad.<\/p>\n<p>Los conectores (<i>plug<\/i>) de los micr\u00f3fonos y los aud\u00edfonos tienen l\u00edneas pl\u00e1sticas que separan las placas el\u00e9ctricas (l\u00e1minas) que env\u00edan y reciben informaci\u00f3n en forma de electricidad. (ver imagen 15) En el caso de aud\u00edfonos est\u00e9reos tienen dos l\u00edneas met\u00e1licas que separan tres l\u00e1minas met\u00e1licas. Por el contrario, los micr\u00f3fonos monos tienen solo una l\u00ednea pl\u00e1stica y el caso de micr\u00f3fonos est\u00e9reos dos l\u00edneas pl\u00e1sticas.<\/p>\n<a href=\"https:\/\/entretejidos.iconos.edu.mx\/thesite\/wp-content\/uploads\/2020\/04\/image16.jpg\"><img loading=\"lazy\" decoding=\"async\" class=\"alignnone size-full wp-image-3979\" src=\"https:\/\/entretejidos.iconos.edu.mx\/thesite\/wp-content\/uploads\/2020\/04\/image16.jpg\" alt=\"\" width=\"1197\" height=\"825\" srcset=\"https:\/\/entretejidos.iconos.edu.mx\/thesite\/wp-content\/uploads\/2020\/04\/image16.jpg 1197w, https:\/\/entretejidos.iconos.edu.mx\/thesite\/wp-content\/uploads\/2020\/04\/image16-300x207.jpg 300w, https:\/\/entretejidos.iconos.edu.mx\/thesite\/wp-content\/uploads\/2020\/04\/image16-768x529.jpg 768w, https:\/\/entretejidos.iconos.edu.mx\/thesite\/wp-content\/uploads\/2020\/04\/image16-1024x706.jpg 1024w\" sizes=\"auto, (max-width: 1197px) 100vw, 1197px\" \/><\/a>\n<p style=\"text-align: center;\">Imagen 15. L\u00edneas plasticas y placas el\u00e9ctricas de los conectores de aud\u00edfonos y micr\u00f3fonos.<\/p>\n<p>Los <i>smartphones<\/i> con Jack de 3.5 mm solo aceptan conexiones con tres l\u00edneas pl\u00e1sticas, dos para la salida de audio est\u00e9reo y una para la entrada del micr\u00f3fono. La complejidad de esta conexi\u00f3n es que los micr\u00f3fonos tienen uno o dos l\u00edneas pl\u00e1sticas y por lo tanto no es posible que los tel\u00e9fonos inteligentes reciban audio. Para resolver este obst\u00e1culo t\u00e9cnico, hay <i>gadgets <\/i>que adaptan esta conexi\u00f3n; por ejemplo, en la imagen 16 puede observarse el conector que se utilizar\u00e1 en esta investigaci\u00f3n, el <b>Rode SC4<\/b>; y permite conectar micr\u00f3fonos externos en los <i>smartphones<\/i>, tiene un precio aproximado de $500 mexicanos. Obs\u00e9rvese que el conector <i>plug<\/i> tiene las tres l\u00edneas pl\u00e1sticas.<a href=\"https:\/\/entretejidos.iconos.edu.mx\/thesite\/wp-content\/uploads\/2020\/04\/image17.png\"><img loading=\"lazy\" decoding=\"async\" class=\"alignnone size-full wp-image-3980\" src=\"https:\/\/entretejidos.iconos.edu.mx\/thesite\/wp-content\/uploads\/2020\/04\/image17.png\" alt=\"\" width=\"1056\" height=\"571\" srcset=\"https:\/\/entretejidos.iconos.edu.mx\/thesite\/wp-content\/uploads\/2020\/04\/image17.png 1056w, https:\/\/entretejidos.iconos.edu.mx\/thesite\/wp-content\/uploads\/2020\/04\/image17-300x162.png 300w, https:\/\/entretejidos.iconos.edu.mx\/thesite\/wp-content\/uploads\/2020\/04\/image17-768x415.png 768w, https:\/\/entretejidos.iconos.edu.mx\/thesite\/wp-content\/uploads\/2020\/04\/image17-1024x554.png 1024w\" sizes=\"auto, (max-width: 1056px) 100vw, 1056px\" \/><\/a><\/p>\n<p style=\"text-align: center;\">Imagen 16. Conector Rode SC4 para conectar micr\u00f3fonos externos en los <i>smartphones<\/i> &lt;<a href=\"https:\/\/www.amazon.com.mx\/gp\/product\/B00L6C8PN0\/ref=ppx_yo_dt_b_asin_image_o03_s00?ie=UTF8&amp;psc=1\">URL<\/a>&gt;.<\/p>\n<p>En el caso de los tel\u00e9fonos inteligentes que no tienen conexi\u00f3n <i>Jack<\/i> 3.5 mm, para conectar un micr\u00f3fono externo es necesario utilizar, adem\u00e1s del adaptador anterior, uno m\u00e1s que permita adaptar la salida USB a una salida <b><i>Jack<\/i><\/b><b> de 3.5 mm hembra<\/b>. Este adaptador normalmente viene incluido con los dispositivos para poder conectar los aud\u00edfonos tradicionales <i>plug<\/i>; en el caso de que no est\u00e9 incluido, puede conseguirse en tiendas de tecnolog\u00eda o sitios como Amazon. En la imagen 17 pueden observarse dos tipos de adaptadores USB a Jack.<\/p>\n<p>Respecto al micr\u00f3fono, se usar\u00e1 el Movo VXR200, un micr\u00f3fono est\u00e9reo de condensador, con patr\u00f3n polar unidireccional y respuesta de frecuencia de 30Hz a 20,000 Hz. Tiene un conector macho de 3.5 mm con dos l\u00edneas pl\u00e1sticas. El micr\u00f3fono puede observarse en la imagen 18.<\/p>\n<a href=\"https:\/\/entretejidos.iconos.edu.mx\/thesite\/wp-content\/uploads\/2020\/04\/image18.jpg\"><img loading=\"lazy\" decoding=\"async\" class=\"alignnone size-large wp-image-3981\" src=\"https:\/\/entretejidos.iconos.edu.mx\/thesite\/wp-content\/uploads\/2020\/04\/image18-1024x576.jpg\" alt=\"\" width=\"640\" height=\"360\" srcset=\"https:\/\/entretejidos.iconos.edu.mx\/thesite\/wp-content\/uploads\/2020\/04\/image18-1024x576.jpg 1024w, https:\/\/entretejidos.iconos.edu.mx\/thesite\/wp-content\/uploads\/2020\/04\/image18-300x169.jpg 300w, https:\/\/entretejidos.iconos.edu.mx\/thesite\/wp-content\/uploads\/2020\/04\/image18-768x432.jpg 768w, https:\/\/entretejidos.iconos.edu.mx\/thesite\/wp-content\/uploads\/2020\/04\/image18.jpg 1280w\" sizes=\"auto, (max-width: 640px) 100vw, 640px\" \/><\/a>\n<p style=\"text-align: center;\">Imagen 17. (A) Adpatador lightning a jack 3.5 mm hembra de los iPhones &lt;<a href=\"https:\/\/www.amazon.com.mx\/Adaptador-Auriculares-certificado-Lighnting-Contesta\/dp\/B07V7VQFKK\/ref=sr_1_1_sspa?__mk_es_MX=%C3%85M%C3%85%C5%BD%C3%95%C3%91&amp;crid=3LYKIES0AH0K2&amp;keywords=adaptador+lightning+a+jack+3.5mm&amp;qid=1581269831&amp;sprefix=adaptador+lighntini+a+jack+3.5mm%2Caps%2C211\">URL<\/a>&gt;.<\/p>\n<p>(B) Adaptador USB tipo C a Jack 3.5 mm hembra de los <i>smartphones<\/i> Android &lt;<a href=\"https:\/\/www.amazon.com.mx\/Adaptador-Auriculares-Audifonos-Compatible-Motorola\/dp\/B07PDH3R9W\/ref=sr_1_8?__mk_es_MX=%C3%85M%C3%85%C5%BD%C3%95%C3%91&amp;crid=395DKIAWD25VV&amp;keywords=adaptador+usb+c+a+jack+3.5mm&amp;qid=1581269728&amp;sprefix=adaptador+usb+c+a%2Caps%2C192&amp;sr=8-8\">URL<\/a>&gt;.<\/p>\n<a href=\"https:\/\/entretejidos.iconos.edu.mx\/thesite\/wp-content\/uploads\/2020\/04\/image19.png\"><img loading=\"lazy\" decoding=\"async\" class=\"alignnone size-full wp-image-3982\" src=\"https:\/\/entretejidos.iconos.edu.mx\/thesite\/wp-content\/uploads\/2020\/04\/image19.png\" alt=\"\" width=\"855\" height=\"482\" srcset=\"https:\/\/entretejidos.iconos.edu.mx\/thesite\/wp-content\/uploads\/2020\/04\/image19.png 855w, https:\/\/entretejidos.iconos.edu.mx\/thesite\/wp-content\/uploads\/2020\/04\/image19-300x169.png 300w, https:\/\/entretejidos.iconos.edu.mx\/thesite\/wp-content\/uploads\/2020\/04\/image19-768x433.png 768w\" sizes=\"auto, (max-width: 855px) 100vw, 855px\" \/><\/a>\n<p style=\"text-align: center;\">Imagen 18. Micr\u00f3fono de condensador de la marca Movo.<\/p>\n<p>Por \u00faltimo, se sugiere el uso de aud\u00edfonos, en este caso se utilizan los aud\u00edfonos que vienen con los smartphones mencionados anteriormente, el Xperia X y el iPhone SE (ver imagen 6).\u00a0 A continuaci\u00f3n, se presenta una experiencia como ejemplo de lo expuesto en esta investigaci\u00f3n.<\/p>\n<ol start=\"5\">\n<li><b> Una experiencia<\/b><\/li>\n<\/ol>\n<p>En la tesis \u201cRealizaci\u00f3n de videos promocionales con <i>smartphones\u201d<\/i> se presenta el proceso para realizar videos promocionales con fundamentos t\u00e9cnicos y creativos del cine y la televisi\u00f3n. Debido a lo extenso de la investigaci\u00f3n, esta se centra en la grabaci\u00f3n de video y quedan limitado los fundamentos para la grabaci\u00f3n de audio. Por ello, en este documento se presenta la grabaci\u00f3n de la voz off que se utiliza en el video promocional y que se realiz\u00f3 con los fundamentos presentados en esta investigaci\u00f3n.<\/p>\n<p>Las aplicaciones de grabaci\u00f3n se configuraron a la mejor calidad con los siguientes ajustes:<\/p>\n<ul>\n<li>Formato Wav<\/li>\n<li>C\u00f3dec .wav<\/li>\n<li>Frecuencia de muestreo de 44.1KHz<\/li>\n<li>Bitdepth de 16 bits<\/li>\n<\/ul>\n<p>A continuaci\u00f3n, se presentan los resultados de las grabaciones. Primero, se presentan las grabaciones con dichas aplicaciones sin utilizar el micr\u00f3fono externo; y posteriormente las grabaciones utilizando el adaptador Rode y el micr\u00f3fono externo (se sugiere utilizar aud\u00edfonos).<\/p>\n<p>Grabaci\u00f3n de la voz off con la aplicaci\u00f3n WavePad en el iPhone SE con el micr\u00f3fono integrado del dispositivo &lt;<a href=\"https:\/\/soundcloud.com\/carlos-caes\/iphone-wavepad-sinmicroexterno-y-sinadaptador\">URL<\/a>&gt;.<\/p>\n<p>Grabaci\u00f3n de la voz off con la aplicaci\u00f3n WaveEditor en el Xperia X con el micr\u00f3fono integrado del dispositivo &lt;<a href=\"https:\/\/soundcloud.com\/carlos-caes\/xperia-waveeditor-sinmicroexterno-y-sinadaptador\">URL<\/a>&gt;.<\/p>\n<p>Grabaci\u00f3n de la voz off con la aplicaci\u00f3n WavePad en el iPhone SE con el adaptador Rode y el micr\u00f3fono externo &lt;<a href=\"https:\/\/soundcloud.com\/carlos-caes\/iphone-wavepad-conmicroexterno-y-conadaptador-sineq\">URL<\/a>&gt;.<\/p>\n<p>Grabaci\u00f3n de la voz off con la aplicaci\u00f3n WaveEditor en el Xperia X con el adaptador Rode y el micr\u00f3fono externo &lt;<a href=\"https:\/\/soundcloud.com\/carlos-caes\/xperia-waveeditor-conmicroexterno-y-adaptador-sineq\">URL<\/a>&gt;.<\/p>\n<p>Con base en los resultados de la grabaci\u00f3n con el adaptador Rode y el micr\u00f3fono externo, se realiz\u00f3 una ecualizaci\u00f3n para ajustar algunas frecuencias para dar m\u00e1s brillo a la voz off sin llegar a distorsionar el audio y aumentar el ruido. El resultado es el siguiente:<\/p>\n<p>Voz off ecualizada con la aplicaci\u00f3n WavePAd del sistema operativo IOS. &lt;<a href=\"https:\/\/soundcloud.com\/carlos-caes\/iphone-wavepad-conmicroexterno-y-conadpatador-coneq\">URL<\/a>&gt;.<\/p>\n<p>Voz off ecualizada con la aplicaci\u00f3n WaveEditor del sistema operativo Android &lt;<a href=\"https:\/\/soundcloud.com\/carlos-caes\/xparia-waveeditor-conmicroexterno-y-conadaptador-coneq\">URL<\/a>&gt;.<\/p>\n<p><b>Resultados<\/b><\/p>\n<p>Al comparar las grabaciones anteriores puede verificarse, que los audios en los que se utiliz\u00f3 el micr\u00f3fono de f\u00e1brica de los dispositivos, tienen brillo (se escucha m\u00e1s grave), pero tambi\u00e9n, perceptible en demas\u00eda, el audio ambiente. En las grabaciones que se utiliz\u00f3 el adaptador y el micr\u00f3fono externo, el audio grabado es m\u00e1s agudo y pierde fuerza o volumen, pero es n\u00edtido, limpio, con reducci\u00f3n considerable del ruido ambiente. Respecto a los audios ecualizados, puede escucharse que el cambio es m\u00ednimo, pero ayuda a mejorarlo.<\/p>\n<p><b>Conclusiones.<\/b><\/p>\n<p>En esta investigaci\u00f3n se verific\u00f3 que los resultados obtenidos son aceptables para la grabaci\u00f3n de voz off utilizando las aplicaciones y los <i>gadgets <\/i>complementarios para los <i>smartphones<\/i>; y que se pueden utilizar en proyectos audiovisuales ya que las grabaciones conseguidas son n\u00edtidas y con reducci\u00f3n considerable del audio ambiente.<\/p>\n<p>Respecto a las aplicaciones, se demostr\u00f3 que se pueden configurar las especificaciones t\u00e9cnicas (formato, c\u00f3dec, <i>bit rate<\/i>, <i>bit depth<\/i>, etc.) requeridas para realizar grabaciones con est\u00e1ndares profesionales. Aunque estos t\u00e9rminos son t\u00e9cnicos y dirigidos a un p\u00fablico especializado, se abordaron porque son indispensables para lograr el objetivo de esta investigaci\u00f3n. Adem\u00e1s, este conocimiento no solo se aplica al trabajo con los <i>smartphones<\/i> y las aplicaciones, sino que tambi\u00e9n son fundamentales y se utilizan en las grabaciones con equipo profesional.<\/p>\n<p>Se consider\u00f3 el tema de la ecualizaci\u00f3n como efecto para mejorar el audio. En el ejemplo presentado en esta investigaci\u00f3n, no se mencionaron los par\u00e1metros utilizados en la ecualizaci\u00f3n; esto debido a que cada caso es diferente y el ajuste de dichos par\u00e1metros var\u00eda de acuerdo con las necesidades particulares. Al respecto, se sugiere que el hecho de tener distintos efectos para mejorar el audio no significa que deban\u00a0 utilizarse, esto var\u00eda de acuerdo con cada necesidad, de esta manera se evita saturar el audio o distorsionarlo. Lo importante es que la grabaci\u00f3n de origen tengas los par\u00e1metros t\u00e9cnicos sugeridos en esta investigaci\u00f3n.<\/p>\n<p>Las aplicaciones sugeridas contemplan efectos de uso profesional, pero no se profundiz\u00f3 en ello porque est\u00e1n dirigidos a p\u00fablicos especializados; sin embargo, si hay inter\u00e9s por parte de los lectores de conocerlos y utilizarlos, en las fuentes bibliogr\u00e1ficas de esta investigaci\u00f3n se pueden consultar y conocer su utilidad.<\/p>\n<p>Al utilizar un micr\u00f3fono externo con el adaptador Rode SC4 se consiguieron audios limpios y evitar el registro del sonido ambiente. Al respecto, se sugiere utilizar micr\u00f3fonos que tengan su propia fuente de alimentaci\u00f3n, ya que los <i>smartphones<\/i> no tienen la potencia para proveerlos de energ\u00eda y hacerlos funcionar. Por otro lado, en la medida de lo posible se recomienda utilizar equipo (micr\u00f3fono y aud\u00edfonos) de mejor calidad. Tambi\u00e9n se sugiere grabar en un lugar d\u00f3nde se pueda evitar o reducir el ruido ambiente y no exista eco o reverberaci\u00f3n; esto ayuda a conseguir mejores resultados en las grabaciones.<\/p>\n<p>Por \u00faltimo, se sugiere grabar con la calidad m\u00e1xima siempre que se sea posible, incluso si el audio posteriormente se exporta y comprime en formatos con p\u00e9rdida. Lo importante es mantener originales o m\u00e1ster de mayor calidad. En el caso de esta investigaci\u00f3n se trabaj\u00f3 con la calidad m\u00e1xima sin p\u00e9rdida, pero las grabaciones duraron segundos de tiempo que resultaron en archivos peque\u00f1os. Habr\u00e1 ocasiones en que se graben entrevistas o podcast de m\u00e1s de una hora de duraci\u00f3n, en esas circunstancias y de acuerdo con los recursos, se deben tomar decisiones sobre el formato y c\u00f3dec a utilizar por el tama\u00f1o de archivos que se puedan generar.<\/p>\n<p>Es evidente que lograr audio con calidad profesional con los <i>smartphones<\/i> dista mucho de lo conseguido con los dispositivos dise\u00f1ados para esta actividad. Ya que adem\u00e1s del <i>software,<\/i> es importante tomar en cuenta la calidad de los <i>gadgets<\/i>, as\u00ed como el lugar donde se realicen las grabaciones. El objetivo de esta investigaci\u00f3n era lograr la grabaci\u00f3n de voz off para proyectos audiovisuales con poca inversi\u00f3n econ\u00f3mica; por ello, el ejemplo pr\u00e1ctico se realiz\u00f3 con el m\u00ednimo necesario para conseguir dicho objetivo. Por lo anterior, y bajo los fundamentos y el ejemplo presentado en este documento, se concluye que puede grabarse audio con calidad aceptable para utilizar en proyectos audiovisuales.<\/p>\n<p>&nbsp;<\/p>\n<p><b>Fuentes de consulta<\/b><\/p>\n<p>Academia Unimusica. \u201cLa profundidad de bits\u201d. Web 30-11-2019. &lt;<a href=\"https:\/\/www.unimusica-peru.com\/produccion_musical_profundidad_bits.htm\">URL<\/a>&gt;<\/p>\n<p>BBC mundo, tecnolog\u00eda. \u201c<i>Qu\u00e9 son las App y para qu\u00e9 sirven<\/i>\u201d. BBC mundo. 09-04-2011. Web. 5-12-2019. &lt;<a href=\"http:\/\/www.bbc.com\/mundo\/noticias\/2011\/04\/110408_1336_tecnologia_apps_negocios_celulares_telefonos_inteligentes_dc\">URL<\/a>&gt;<\/p>\n<p>Cort\u00e9s Delgado Ricardo. \u201cFundamentos del Sonido Profesional\u201d. Clave digital. Ebooks.<\/p>\n<p>Fileextension. \u201cExtensi\u00f3n de archivo BWF\u201d. Web. 25-11-2019.<\/p>\n<p>Inform\u00e1tica-Hoy. \u201c<i>Qu\u00e9 son los Gadget<\/i>\u201d. Inform\u00e1tica-Hoy. 2016. Argentina.Web.10-11-2019. &lt;<a href=\"https:\/\/www.informatica-hoy.com.ar\/gadgets\/Que-son-los-Gadgets.php\">URL<\/a>&gt;<\/p>\n<p>Larson Guerra, Samuel. \u201cPensar el sonido una introducci\u00f3n a la teor\u00eda y la pr\u00e1ctica del lenguaje sonoro cinematogr\u00e1fico\u201d.\u00a0 M\u00e9xico. Universidad Nacional Aut\u00f3noma de M\u00e9xico. 2012. Impreso.<b>\u00a0<\/b><\/p>\n<p>Misuki. \u201cRango Din\u00e1mico\u201d. 25-07-2019.Web.30-11-2019. &lt;<a href=\"http:\/\/musiki.org.ar\/Rango_din%C3%A1mico\">URL<\/a>&gt;<\/p>\n<p>Riverio Helia G. \u201cQu\u00e9 accesorios usar con tus micr\u00f3fonos\u201d.BlogCPAOnline. 8-04-2018. Web. 10-11-2019. &lt;<a href=\"https:\/\/www.formacionaudiovisual.com\/blog\/sonido\/accesorios-microfonos\/\">URL<\/a>&gt;<\/p>\n<p>Salomon, David. \u201cCompresi\u00f3n de datos la referencia completa\u201d. Inglaterra. 2014. Impreso.<\/p>\n<p>Woyke, Elizabeth. \u201c<i>The Smartphone<\/i>\u201d. New York. The New Press. 2014. e-Books.<\/p>\n<p>Zetll, Herbert. \u201c<i>Manual de producci\u00f3n de televisi\u00f3n<\/i>\u201d. Estados Unidos. International Thomson Editors. 2000. Impreso.<\/p>\n<p><b>Semblanza curricular<\/b><\/p>\n<p><strong>Carlos de Jes\u00fas Cauich Esteban<\/strong><\/p>\n<p><strong>Formaci\u00f3n acad\u00e9mica<\/strong>.- es licenciado en admistraci\u00f3n y mercadotecnia por el Instituto Tecnol\u00f3gico de M\u00e9rida. Ha realizado diversos cursos y diplomados en cine y televisi\u00f3n en el Centro de Capacitaci\u00f3n Cinematogr\u00e1fica (CCC), la Academia de San Carlos de la FAD, UNAM y en la Direcci\u00f3n General de Televisi\u00f3n Educativa (DGTVE). Es maestrante en Comunicaci\u00f3ncon Medios Virtuales por ICONOS, Instituto de Investigaci\u00f3n en Comunicaci\u00f3n y Cultura.<\/p>\n<p><strong>Actividad laboral.<\/strong>&#8211; ha laborado en el \u00e1rea de producci\u00f3n de la televis\u00f3n privada y actualmente en la televisi\u00f3n p\u00fablica. Colabora como docente en ICONOS, Instituto de Investigaci\u00f3 Comunicaci\u00f3n y Cultura en las asignaturas de Televisi\u00f3n Digital, Video Digital y Fundamentos de After Effects.<\/p>\n<p>Contacto:\u00a0<a href=\"mailto:carloscaes79@gmail.com\">carloscaes79@gmail.com<\/a><\/p>\n","protected":false},"excerpt":{"rendered":"<p>El presente art\u00edculo propone una alternativa en la grabaci\u00f3n de voz para proyectos audiovisuales acad\u00e9micos o profesionales. El objetivo es realizar grabaciones que se escuchen n\u00edtidas, limpias con el menor ruido ambiente posible, y que se pueda ecualizar sin utilizar instalaciones ni equipo profesional de grabaci\u00f3n. Para ello, en esta investigaci\u00f3n se proponen los smartphones,&#8230;  <a class=\"excerpt-read-more\" href=\"https:\/\/entretejidos.iconos.edu.mx\/thesite\/grabacion-de-voz-con-smartphones-aplicaciones-y-gadgets\/\" title=\"Read Grabaci\u00f3n de voz con smartphones, aplicaciones y gadgets\">Leer m\u00e1s &raquo;<\/a><\/p>\n","protected":false},"author":123,"featured_media":4081,"comment_status":"open","ping_status":"open","sticky":false,"template":"","format":"standard","meta":{"_acf_changed":false,"_monsterinsights_skip_tracking":false,"footnotes":""},"categories":[2],"tags":[607,605,608,606,609],"coauthors":[604],"class_list":["post-3963","post","type-post","status-publish","format-standard","has-post-thumbnail","hentry","category-educacion","tag-applications","tag-audio-recording","tag-gadgets","tag-smartphones","tag-sound"],"acf":[],"_links":{"self":[{"href":"https:\/\/entretejidos.iconos.edu.mx\/thesite\/wp-json\/wp\/v2\/posts\/3963","targetHints":{"allow":["GET"]}}],"collection":[{"href":"https:\/\/entretejidos.iconos.edu.mx\/thesite\/wp-json\/wp\/v2\/posts"}],"about":[{"href":"https:\/\/entretejidos.iconos.edu.mx\/thesite\/wp-json\/wp\/v2\/types\/post"}],"author":[{"embeddable":true,"href":"https:\/\/entretejidos.iconos.edu.mx\/thesite\/wp-json\/wp\/v2\/users\/123"}],"replies":[{"embeddable":true,"href":"https:\/\/entretejidos.iconos.edu.mx\/thesite\/wp-json\/wp\/v2\/comments?post=3963"}],"version-history":[{"count":10,"href":"https:\/\/entretejidos.iconos.edu.mx\/thesite\/wp-json\/wp\/v2\/posts\/3963\/revisions"}],"predecessor-version":[{"id":4347,"href":"https:\/\/entretejidos.iconos.edu.mx\/thesite\/wp-json\/wp\/v2\/posts\/3963\/revisions\/4347"}],"wp:featuredmedia":[{"embeddable":true,"href":"https:\/\/entretejidos.iconos.edu.mx\/thesite\/wp-json\/wp\/v2\/media\/4081"}],"wp:attachment":[{"href":"https:\/\/entretejidos.iconos.edu.mx\/thesite\/wp-json\/wp\/v2\/media?parent=3963"}],"wp:term":[{"taxonomy":"category","embeddable":true,"href":"https:\/\/entretejidos.iconos.edu.mx\/thesite\/wp-json\/wp\/v2\/categories?post=3963"},{"taxonomy":"post_tag","embeddable":true,"href":"https:\/\/entretejidos.iconos.edu.mx\/thesite\/wp-json\/wp\/v2\/tags?post=3963"},{"taxonomy":"author","embeddable":true,"href":"https:\/\/entretejidos.iconos.edu.mx\/thesite\/wp-json\/wp\/v2\/coauthors?post=3963"}],"curies":[{"name":"wp","href":"https:\/\/api.w.org\/{rel}","templated":true}]}}