{"id":6216,"date":"2022-05-02T16:47:31","date_gmt":"2022-05-02T21:47:31","guid":{"rendered":"https:\/\/entretejidos.iconos.edu.mx\/thesite\/?p=6216"},"modified":"2022-05-13T10:52:16","modified_gmt":"2022-05-13T15:52:16","slug":"la-consultoria-en-imagen-y-la-construccion-de-la-imagen-personal-como-herramienta-de-interaccion-social","status":"publish","type":"post","link":"https:\/\/entretejidos.iconos.edu.mx\/thesite\/la-consultoria-en-imagen-y-la-construccion-de-la-imagen-personal-como-herramienta-de-interaccion-social\/","title":{"rendered":"La Consultor\u00eda en imagen y la construcci\u00f3n de la Imagen Personal como herramienta de interacci\u00f3n social"},"content":{"rendered":"<p><span style=\"font-weight: 400;\">La Imagen Personal se refiere a la Imagen P\u00fablica de una persona y la Consultor\u00eda en Imagen Personal se encarga del proceso que configura la imagen f\u00edsica del individuo con base en su imagen interna. Para entender lo anterior es necesario conocer el concepto de la Imagen P\u00fablica, sus im\u00e1genes subordinadas y su uso como herramienta de interacci\u00f3n social. El cliente que busca el servicio de consultor\u00eda ha realizado de manera previa una reflexi\u00f3n y, a partir de esta, considera una transformaci\u00f3n f\u00edsica para mostrar la construcci\u00f3n idealizada de su imagen, que surge desde su Ser y busca expresarse en un plano f\u00edsico. Todo ello con el objetivo de la autorrealizaci\u00f3n personal y la comunicaci\u00f3n con los otros, esto \u00faltimo porque la Imagen Personal es susceptible a interpretaci\u00f3n gracias al imaginario colectivo. Por lo tanto, el presente trabajo realiza una interrelaci\u00f3n entre las teor\u00edas propuestas por Michael Foucault, J\u00fcrgen Habermas y V\u00edctor Gordoa, entre otros, para establecer un universo te\u00f3rico que permita comprender los conceptos de imagen interna y externa, as\u00ed como justificar el porqu\u00e9 de la metodolog\u00eda y el an\u00e1lisis de resultados en el proceso de consultor\u00eda en Imagen Personal.\u00a0<\/span><\/p>\n<p><b>Palabras claves:<\/b><span style=\"font-weight: 400;\"> Imagen Personal, Imagen P\u00fablica, imagen externa, imagen f\u00edsica, Consultor\u00eda en Imagen, Ser.\u00a0<\/span><\/p>\n<p><b><i>Abstract<\/i><\/b><\/p>\n<p><i><span style=\"font-weight: 400;\">Personal Image refers to the Public Image of a person and Personal Image Consulting oversees the process that configures the physical image of the individual based on his or her internal image. To understand the above, it is necessary to know the concept of Public Image, its subordinate images, and its use as a tool for social interaction. The client who seeks the consulting service has previously made a reflection and, from this, considers a physical transformation to show the idealized construction of his image, which arises from his Being and seeks to express itself in a physical plane. All this with the objective of personal self-realization and communication with others, the latter because the Personal Image is susceptible to interpretation thanks to the collective imaginary. Therefore, the present work makes an interrelation between the theories proposed by Michael Foucault, J\u00fcrgen Habermas and Victor Gordoa, among others, to establish a theoretical universe that allows understanding the concepts of internal and external image, as well as justifying the reason for the methodology and the analysis of results in the process of Personal Image consultancy.\u00a0<\/span><\/i><\/p>\n<p><b><i>Key words:<\/i><\/b><i><span style=\"font-weight: 400;\"> Personal Image, Public Image, external image, physical image, Image Consulting, Self.\u00a0<\/span><\/i><\/p>\n<p><b><i>Resumen*<\/i><\/b><\/p>\n<p><i><span style=\"font-weight: 400;\">Inexska kichayahua ipan se maseualme kitokauiya inexska personal uan coutlahatl hual tlen Consultoria en Imagen Personal, ika ixopechca ipan inexska kahuayo inon tlacatl. Pampa Kinejnehuiliya kichihua, inon necesario kiixmati tlen tlanehnehuilistli tlakatl. Inexska P\u00fablica, iinexskaj ma uan para itequitiyan tlen interaccion social. Itlakoukauy kitemoua kitlamaca ik ajto kimaktia se imeyoyo, ipan kipankui necesaria se transformacion fisica pampa kistlakasi idealizada ipan inexska, pankisa ijkuak nachiua uan ixnemi expreasar ipan se ixlahuatl fisico, ika objetivo tlen autorrealizacion personal uan ika tlanahuatiya ika tehhuanten, inon Inexska Personal es suceptible a ipaltlahtohua tlozcamati pampa kinejnehuiliya colectivo.<\/span><\/i><\/p>\n<p><i><span style=\"font-weight: 400;\">Niyau nikan tekitl kimachtiya se ipaltlahtohua mononotza teorias propuestas pampa autores ken Michael Foucault, J\u00fcrgen Habermas y V\u00edctor Gordoa kinaucahuiya pampa kinahualita se marco teorico inon inexska una kiahuac, pampa ika justificar se metodologia ipan Consultoria inon Inexska Personal uan analizar resultuados.<\/span><\/i><\/p>\n<p><b><i>Tlahtoli clave: <\/i><\/b><i><span style=\"font-weight: 400;\">Inexska Personal, Inexka tlanahuatili, inexska externa, inexska fisica, consultoria ipan inexska, Ser.<\/span><\/i><\/p>\n<p><span style=\"font-weight: 400;\">*Traducci\u00f3n lengua n\u00e1huatl, variante norte del Estado de M\u00e9xico: por Alejandro Damian Espinosa Ledesma<\/span><\/p>\n<p><a href=\"https:\/\/entretejidos.iconos.edu.mx\/thesite\/wp-content\/uploads\/2022\/05\/Consultori\u0301a-en-imagen_-Imagen-Personal_2.pdf\">PDF<\/a><\/p>\n<p><!--more--><\/p>\n<p><b>Introducci\u00f3n<\/b><\/p>\n<p><span style=\"font-weight: 400;\">En la actualidad la cultura visual ha cobrado una gran relevancia al utilizar la imagen como medio de expresi\u00f3n de la vida p\u00fablica del individuo. Derivado de ello surgen profesiones y disciplinas especializadas<span id='easy-footnote-1-6216' class='easy-footnote-margin-adjust'><\/span><span class='easy-footnote'><a href='https:\/\/entretejidos.iconos.edu.mx\/thesite\/la-consultoria-en-imagen-y-la-construccion-de-la-imagen-personal-como-herramienta-de-interaccion-social\/#easy-footnote-bottom-1-6216' title='Artes visuales, Dise\u00f1o gr\u00e1fico, Dise\u00f1o digital, etc'><sup>1<\/sup><\/a><\/span><\/span><span style=\"font-weight: 400;\"> que crean la imagen ideal para cada objetivo, necesidad, plataforma, etc.\u00a0<\/span><\/p>\n<p><span style=\"font-weight: 400;\">Cuando se habla de la imagen f\u00edsica de una persona esta se convierte en un medio de expresi\u00f3n del Ser. La Consultor\u00eda en Imagen Personal<span id='easy-footnote-2-6216' class='easy-footnote-margin-adjust'><\/span><span class='easy-footnote'><a href='https:\/\/entretejidos.iconos.edu.mx\/thesite\/la-consultoria-en-imagen-y-la-construccion-de-la-imagen-personal-como-herramienta-de-interaccion-social\/#easy-footnote-bottom-2-6216' title='La Consultor\u00eda en Imagen Personal tambi\u00e9n es conocida como Asesor\u00eda en Imagen Personal o Dise\u00f1o de Imagen Personal, y la diferencia depender\u00e1 de: 1) La fuente bibliogr\u00e1fica o sito web consultado; 2) Las diferentes escuelas que imparten cursos, diplomados y\/o licenciaturas sobre el tema; 3) La agencia de imagen en la que se solicite el servicio, ya que lo pueden ofrecer con cualquiera de estos nombres. '><sup>2<\/sup><\/a><\/span><\/span><span style=\"font-weight: 400;\"> es la disciplina dedicada a darle forma tangible a los anhelos del Ser, que radican en el interior del individuo y que buscan su exteriorizaci\u00f3n en el plano f\u00edsico. La imagen externa del hombre le muestra al mundo qui\u00e9n es y los objetivos que quiere alcanzar convirti\u00e9ndose en:<\/span><\/p>\n<ol>\n<li style=\"font-weight: 400; text-align: center;\" aria-level=\"1\"><span style=\"font-weight: 400;\">1.- Una fuente de informaci\u00f3n sobre el individuo y una forma de comunicaci\u00f3n no verbal.\u00a0<\/span><\/li>\n<li style=\"font-weight: 400; text-align: center;\" aria-level=\"1\"><span style=\"font-weight: 400;\">2.-Una herramienta para la construcci\u00f3n del entorno p\u00fablico y para la interacci\u00f3n con los otros.<\/span><\/li>\n<li style=\"font-weight: 400; text-align: center;\" aria-level=\"1\"><span style=\"font-weight: 400;\">3.- Un lenguaje social que se puede leer e interpretar gracias al imaginario colectivo.<span id='easy-footnote-3-6216' class='easy-footnote-margin-adjust'><\/span><span class='easy-footnote'><a href='https:\/\/entretejidos.iconos.edu.mx\/thesite\/la-consultoria-en-imagen-y-la-construccion-de-la-imagen-personal-como-herramienta-de-interaccion-social\/#easy-footnote-bottom-3-6216' title='Edgar Mor\u00edn, fil\u00f3sofo y soci\u00f3logo franc\u00e9s, plante\u00f3 el concepto de \u201cimaginario colectivo\u201d, que en s\u00edntesis se refiere al conjunto de s\u00edmbolos, mitos, valores, etc., presentes en la mente de la sociedad.'><sup>3<\/sup><\/a><\/span><\/span><\/li>\n<\/ol>\n<p><span style=\"font-weight: 400;\">Por lo tanto, el objetivo de este trabajo es explicar la Imagen P\u00fablica, sus caracter\u00edsticas y su campo de acci\u00f3n en los diferentes tipos de interacci\u00f3n social, para ofrecer un universo te\u00f3rico que sustente las bases del concepto de la Imagen Personal y la proyecci\u00f3n de la personalidad a trav\u00e9s de una metodolog\u00eda del proceso de consultor\u00eda en Imagen Personal.<\/span> <span style=\"font-weight: 400;\">Pero, \u00bfcu\u00e1les y qu\u00e9 tan relevantes son los cambios en la persona tras el proceso de consultor\u00eda en Imagen Personal?<\/span><\/p>\n<p><span style=\"font-weight: 400;\">Para abordar el primer tema<\/span><i><span style=\"font-weight: 400;\">: La Imagen P\u00fablica, sus caracter\u00edsticas y campo de acci\u00f3n <\/span><\/i><span style=\"font-weight: 400;\">se define la Imagen P\u00fablica a partir del diccionario de la Real Academia Espa\u00f1ola (RAE) y de extractos del texto <\/span><i><span style=\"font-weight: 400;\">La interpretaci\u00f3n de la imagen: entre memoria, estereotipo y seducci\u00f3n,<\/span><\/i><span style=\"font-weight: 400;\"> de Martine Joly.<span id='easy-footnote-4-6216' class='easy-footnote-margin-adjust'><\/span><span class='easy-footnote'><a href='https:\/\/entretejidos.iconos.edu.mx\/thesite\/la-consultoria-en-imagen-y-la-construccion-de-la-imagen-personal-como-herramienta-de-interaccion-social\/#easy-footnote-bottom-4-6216' title='&lt;\/span&gt;&lt;\/p&gt;\n&lt;p&gt;&lt;span style=&quot;font-weight: 400;&quot;&gt;Martine Joly, profesora em\u00e9rita en la Universidad de Michel de Montaigne Bordeaux III, Francia, en donde imparti\u00f3 clases sobre semiolog\u00eda de la imagen y cine, adem\u00e1s es autora de varios libros sobre an\u00e1lisis e interpretaci\u00f3n de la imagen.\u00a0&lt;\/span&gt;&lt;\/p&gt;\n&lt;p&gt;&lt;span style=&quot;font-weight: 400;&quot;&gt;Fuente: &lt;a href=&quot;https:\/\/lamarcaeditora.com\/autores\/martine-joly-226&quot;&gt;https:\/\/lamarcaeditora.com\/autores\/martine-joly-226&lt;\/a&gt;'><sup>4<\/sup><\/a><\/span><\/span><span style=\"font-weight: 400;\"> Se plantea el campo de acci\u00f3n de la Imagen P\u00fablica y sus im\u00e1genes subordinadas, desde la propuesta de V\u00edctor Gordoa<span id='easy-footnote-5-6216' class='easy-footnote-margin-adjust'><\/span><span class='easy-footnote'><a href='https:\/\/entretejidos.iconos.edu.mx\/thesite\/la-consultoria-en-imagen-y-la-construccion-de-la-imagen-personal-como-herramienta-de-interaccion-social\/#easy-footnote-bottom-5-6216' title='V\u00edctor Gordoa, fundador del Colegio de Consultores en Imagen P\u00fablica y autor de los libros: &lt;i&gt;El poder de la Imagen P\u00fablica&lt;\/i&gt;, &lt;i&gt;Imagolog\u00eda&lt;\/i&gt; e &lt;i&gt;Imagen vendedora: c\u00f3mo hacer la venta de tu vida&lt;\/i&gt;. '><sup>5<\/sup><\/a><\/span><\/span><span style=\"font-weight: 400;\">, presentada en su libro <\/span><i><span style=\"font-weight: 400;\">El Poder de la Imagen P\u00fablica,<\/span><\/i><span style=\"font-weight: 400;\"> y se refuerza con la pir\u00e1mide de necesidades de Abraham Maslow<span id='easy-footnote-6-6216' class='easy-footnote-margin-adjust'><\/span><span class='easy-footnote'><a href='https:\/\/entretejidos.iconos.edu.mx\/thesite\/la-consultoria-en-imagen-y-la-construccion-de-la-imagen-personal-como-herramienta-de-interaccion-social\/#easy-footnote-bottom-6-6216' title='&lt;\/span&gt;&lt;\/p&gt;\n&lt;p&gt;&lt;span style=&quot;font-weight: 400;&quot;&gt;Abraham Maslow, psic\u00f3logo humanista que formula la teor\u00eda de la &lt;\/span&gt;&lt;i&gt;&lt;span style=&quot;font-weight: 400;&quot;&gt;Pir\u00e1mide de Maslow&lt;\/span&gt;&lt;\/i&gt;&lt;span style=&quot;font-weight: 400;&quot;&gt; en la que plantea la jerarquizaci\u00f3n de las necesidades humanas, desde las m\u00e1s b\u00e1sicas hasta las aspiracionales. Fuente: &lt;\/span&gt;&lt;a href=&quot;https:\/\/unade.edu.mx\/para-que-sirve-la-piramide-de-maslow\/&quot;&gt;&lt;span style=&quot;font-weight: 400;&quot;&gt;https:\/\/unade.edu.mx\/para-que-sirve-la-piramide-de-maslow\/&lt;\/span&gt;&lt;\/a&gt;&lt;\/p&gt;\n&lt;p&gt;&lt;span style=&quot;font-weight: 400;&quot;&gt;'><sup>6<\/sup><\/a><\/span>.<\/span><\/p>\n<p><span style=\"font-weight: 400;\">Para el segundo tema: <\/span><i><span style=\"font-weight: 400;\">La Imagen Personal y la proyecci\u00f3n de la personalidad<\/span><\/i><span style=\"font-weight: 400;\">, se revisa qu\u00e9 es la imagen interna y su importancia a partir de Michel Foucault<span id='easy-footnote-7-6216' class='easy-footnote-margin-adjust'><\/span><span class='easy-footnote'><a href='https:\/\/entretejidos.iconos.edu.mx\/thesite\/la-consultoria-en-imagen-y-la-construccion-de-la-imagen-personal-como-herramienta-de-interaccion-social\/#easy-footnote-bottom-7-6216' title='&lt;\/span&gt;&lt;\/p&gt;\n&lt;p&gt;&lt;span style=&quot;font-weight: 400;&quot;&gt;Michel Foucault, psic\u00f3logo, te\u00f3rico social y fil\u00f3sofo franc\u00e9s, cuyos estudios cr\u00edticos sobre la sociedad y su estructura de poder son sus trabajos m\u00e1s representativos y conocidos. Fuente: &lt;\/span&gt;&lt;a href=&quot;https:\/\/psicologiaymente.com\/biografias\/michel-foucault&quot;&gt;&lt;span style=&quot;font-weight: 400;&quot;&gt;https:\/\/psicologiaymente.com\/biografias\/michel-foucault&lt;\/span&gt;&lt;\/a&gt;&lt;\/p&gt;\n&lt;p&gt;&lt;span style=&quot;font-weight: 400;&quot;&gt;'><sup>7<\/sup><\/a><\/span><\/span><span style=\"font-weight: 400;\"> en su obra <\/span><i><span style=\"font-weight: 400;\">Hermen\u00e9utica del sujeto<\/span><\/i><span style=\"font-weight: 400;\">. Con la Teor\u00eda de la acci\u00f3n comunicativa<span id='easy-footnote-8-6216' class='easy-footnote-margin-adjust'><\/span><span class='easy-footnote'><a href='https:\/\/entretejidos.iconos.edu.mx\/thesite\/la-consultoria-en-imagen-y-la-construccion-de-la-imagen-personal-como-herramienta-de-interaccion-social\/#easy-footnote-bottom-8-6216' title='&lt;\/span&gt;&lt;\/p&gt;\n&lt;p&gt;&lt;span style=&quot;font-weight: 400;&quot;&gt;La\u00a0acci\u00f3n comunicativa es la interacci\u00f3n entre dos sujetos capaces de comunicarse ling\u00fc\u00edsticamente y de efectuar acciones para establecer una relaci\u00f3n interpersonal. (Garrido 9)&lt;\/span&gt;&lt;\/p&gt;\n&lt;p&gt;&lt;span style=&quot;font-weight: 400;&quot;&gt;'><sup>8<\/sup><\/a><\/span><\/span><span style=\"font-weight: 400;\">, de J. Habermas<span id='easy-footnote-9-6216' class='easy-footnote-margin-adjust'><\/span><span class='easy-footnote'><a href='https:\/\/entretejidos.iconos.edu.mx\/thesite\/la-consultoria-en-imagen-y-la-construccion-de-la-imagen-personal-como-herramienta-de-interaccion-social\/#easy-footnote-bottom-9-6216' title='&lt;\/span&gt;&lt;\/p&gt;\n&lt;p&gt;&lt;span style=&quot;font-weight: 400;&quot;&gt;J\u00fcrgen Habermas &lt;\/span&gt;&lt;span style=&quot;font-weight: 400;&quot;&gt;es el representante m\u00e1s sobresaliente de la segunda generaci\u00f3n de fil\u00f3sofos de la Escuela de Frankfurt y la gran figura del pensamiento europeo contempor\u00e1neo.\u00a0&lt;\/span&gt;&lt;\/p&gt;\n&lt;p&gt;&lt;span style=&quot;font-weight: 400;&quot;&gt;Fuente: &lt;\/span&gt;&lt;a href=&quot;https:\/\/latam.casadellibro.com\/libros-ebooks\/jurgen-habermas\/3917&quot;&gt;&lt;span style=&quot;font-weight: 400;&quot;&gt;https:\/\/latam.casadellibro.com\/libros-ebooks\/jurgen-habermas\/3917&lt;\/span&gt;&lt;\/a&gt;&lt;\/p&gt;\n&lt;p&gt;&lt;span style=&quot;font-weight: 400;&quot;&gt;'><sup>9<\/sup><\/a><\/span><\/span><span style=\"font-weight: 400;\"> se examina la acci\u00f3n comunicativa de la Imagen Personal y su producci\u00f3n en el proceso de consultor\u00eda en Imagen Personal.\u00a0<\/span><\/p>\n<p><span style=\"font-weight: 400;\">Como tercera parte se explica la <\/span><i><span style=\"font-weight: 400;\">Metodolog\u00eda del proceso de consultor\u00eda en Imagen Personal<\/span><\/i><span style=\"font-weight: 400;\">, esto con base en los conocimientos adquiridos por la autora del presente trabajo en el \u201cDiplomado en Asesor\u00eda de Imagen Personal, Empresarial y <\/span><i><span style=\"font-weight: 400;\">Personal Shopper<\/span><\/i><span style=\"font-weight: 400;\">\u201d, cursado en el Instituto de Dise\u00f1o de Imagen Profesional (IDIP); adem\u00e1s de los a\u00f1os de experiencia en la realizaci\u00f3n de consultor\u00edas en Imagen Personal y la impartici\u00f3n de clases a nivel licenciatura, as\u00ed como diplomados sobre el tema. Al final del art\u00edculo y con el fin de enfatizar el uso de la Consultor\u00eda de Imagen Personal como herramienta de autorrealizaci\u00f3n e interacci\u00f3n social se presentan los resultados obtenidos con un cliente despu\u00e9s de aplicar la metodolog\u00eda.\u00a0<\/span><\/p>\n<ol>\n<li><b>1.- La Imagen P\u00fablica, sus caracter\u00edsticas y campo de acci\u00f3n<\/b><\/li>\n<\/ol>\n<p><span style=\"font-weight: 400;\">La Imagen P\u00fablica es el concepto base con el que se trabaja en la Consultor\u00eda en Imagen Personal, por ello resulta necesario definirla, ya que esto permite entender tanto su importancia, como el de las im\u00e1genes subordinadas que lo conforman.\u00a0<\/span><\/p>\n<p><b>Definici\u00f3n de Imagen P\u00fablica<\/b><\/p>\n<p><span style=\"font-weight: 400;\">La RAE precisa que la imagen es: \u201cfigura, representaci\u00f3n, semejanza y apariencia de algo\u201d, a continuaci\u00f3n, se definen cada uno de estos t\u00e9rminos en una tabla:<\/span><\/p>\n<table style=\"width: 100%; height: 490px;\">\n<tbody>\n<tr style=\"height: 63px;\">\n<td style=\"width: 730px; height: 63px;\" colspan=\"3\"><b>T\u00e9rminos que componen la definici\u00f3n de \u201cimagen\u201d seg\u00fan la RAE<\/b><\/td>\n<\/tr>\n<tr style=\"height: 63px;\">\n<td style=\"width: 176.797px; height: 63px;\"><b>Figura<\/b><\/td>\n<td style=\"width: 553.203px; height: 63px;\" colspan=\"2\"><b>Forma exterior<\/b><span style=\"font-weight: 400;\"> de algo o alguien.<\/span><\/td>\n<\/tr>\n<tr style=\"height: 63px;\">\n<td style=\"width: 176.797px; height: 126px;\" rowspan=\"2\"><b>Representaci\u00f3n<\/b><\/td>\n<td style=\"width: 553.203px; height: 63px;\" colspan=\"2\"><span style=\"font-weight: 400;\">Acci\u00f3n y efecto de representar.<\/span><\/td>\n<\/tr>\n<tr style=\"height: 63px;\">\n<td style=\"width: 144.047px; height: 63px;\"><b>Representar<\/b><\/td>\n<td style=\"width: 409.156px; height: 63px;\"><b>Idea que sustituye a la realidad.<\/b><\/td>\n<\/tr>\n<tr style=\"height: 63px;\">\n<td style=\"width: 176.797px; height: 126px;\" rowspan=\"2\"><b>Semejanza<\/b><\/td>\n<td style=\"width: 553.203px; height: 63px;\" colspan=\"2\"><span style=\"font-weight: 400;\">Cualidad de semejante.<\/span><\/td>\n<\/tr>\n<tr style=\"height: 63px;\">\n<td style=\"width: 144.047px; height: 63px;\"><b>Semejante<\/b><\/td>\n<td style=\"width: 409.156px; height: 63px;\"><span style=\"font-weight: 400;\">Que semeja o <\/span><b>se parece a alguien o algo.<\/b><\/td>\n<\/tr>\n<tr style=\"height: 111px;\">\n<td style=\"width: 176.797px; height: 111px;\"><b>Apariencia<\/b><\/td>\n<td style=\"width: 553.203px; height: 111px;\" colspan=\"2\"><span style=\"font-weight: 400;\">Aspecto o <\/span><b>parecer exterior de alguien o algo<\/b><span style=\"font-weight: 400;\">.<\/span><\/p>\n<p><b>Verosimilitud<\/b><span style=\"font-weight: 400;\">, probabilidad.<\/span><\/td>\n<\/tr>\n<\/tbody>\n<\/table>\n<p style=\"text-align: center;\"><span style=\"font-weight: 400;\">Tabla 1. T\u00e9rminos que componen la definici\u00f3n \u201cimagen\u201d seg\u00fan la RAE. Elaboraci\u00f3n propia.<\/span><\/p>\n<p><span style=\"font-weight: 400;\">De la tabla 1 se extrae que la imagen es la forma exterior, representaci\u00f3n o sustituci\u00f3n de algo o alguien, que no necesariamente es real, pero su \u00e9xito depende de su credibilidad. Para complementar esta definici\u00f3n se revisa lo escrito por Martine Joly, en su obra <\/span><i><span style=\"font-weight: 400;\">La interpretaci\u00f3n de la imagen: entre memoria, estereotipo y seducci\u00f3n<\/span><\/i><span style=\"font-weight: 400;\">:\u00a0\u00a0<\/span><\/p>\n<blockquote>\n<p style=\"text-align: center;\"><span style=\"font-weight: 400;\">Tomemos a la imagen por lo que es, ni m\u00e1s ni menos, ni divina ni sat\u00e1nica, sino como un conjunto de signos, sustituto elaborado, construido, semiotizado, relativo y contextualizado [\u2026] La imagen es una realidad en s\u00ed [\u2026] digno de cr\u00e9dito, verificable y no verificable. (en Gobantes 258)<\/span><\/p>\n<\/blockquote>\n<p><span style=\"font-weight: 400;\">Del texto citado se interpreta que la imagen es<\/span> <span style=\"font-weight: 400;\">un recurso de comunicaci\u00f3n constituida por una elaborada composici\u00f3n de signos para transmitir mensajes verdaderos, falsos o veros\u00edmiles en un contexto espec\u00edfico y que son sujetos a interpretaci\u00f3n.<\/span><\/p>\n<p><span style=\"font-weight: 400;\">La RAE define \u2018p\u00fablica o p\u00fablico\u2019 como lo \u201cdicho de una cosa que se hace a la vista de todos\u201d, \u201cconocido por todos\u201d y \u201cconjunto de personas que forman una colectividad\u201d. Adaptando estos significados al de la imagen se puede decir que Imagen P\u00fablica es la presentaci\u00f3n de un mensaje ante una colectividad y que ser\u00e1 interpretado por esta.<\/span><\/p>\n<p><span style=\"font-weight: 400;\">Pero, \u00bfqu\u00e9 par\u00e1metros de interpretaci\u00f3n utiliza la colectividad para entender los mensajes visuales? La interpretaci\u00f3n de la imagen se inscribe siempre en el r\u00e9gimen del \u201ccreer\u201d, alimentado de memoria y de estereotipia. (Gobantes 256) Lo que indica que los individuos de un grupo poseen una determinada cultura visual<span id='easy-footnote-10-6216' class='easy-footnote-margin-adjust'><\/span><span class='easy-footnote'><a href='https:\/\/entretejidos.iconos.edu.mx\/thesite\/la-consultoria-en-imagen-y-la-construccion-de-la-imagen-personal-como-herramienta-de-interaccion-social\/#easy-footnote-bottom-10-6216' title='Cultura visual: compendio de im\u00e1genes producidas y manipuladas por la humanidad, provistas de un significado e intenci\u00f3n. Fuente: &lt;a href=&quot;http:\/\/cchs.csic.es\/es\/research-line\/cultura-visual&quot;&gt;http:\/\/cchs.csic.es\/es\/research-line\/cultura-visual&lt;\/a&gt; '><sup>10<\/sup><\/a><\/span><\/span><span style=\"font-weight: 400;\"> formada por estereotipos sociales que les permiten interpretar im\u00e1genes de manera m\u00e1s o menos unificada, llev\u00e1ndolos a creer o no en ciertos mensajes visuales.\u00a0\u00a0<\/span><\/p>\n<p><span style=\"font-weight: 400;\">Se concluye que la Imagen P\u00fablica es comunicaci\u00f3n producida para un p\u00fablico determinado con la finalidad de generar una opini\u00f3n generalizada sobre algo o alguien; resultado de la percepci\u00f3n y decodificaci\u00f3n de los est\u00edmulos presentados bajo un mismo c\u00f3digo, es decir, una cultura visual com\u00fan.<\/span><\/p>\n<p><b>La Imagen P\u00fablica y sus im\u00e1genes subordinadas<\/b><\/p>\n<p><span style=\"font-weight: 400;\">Seg\u00fan el esquema de la Imagen P\u00fablica presentado por V\u00edctor Gordoa, en su libro <\/span><i><span style=\"font-weight: 400;\">El poder de la Imagen P\u00fablica<\/span><\/i><span style=\"font-weight: 400;\">, esta se clasifica en Imagen Personal e Imagen Institucional, y los elementos que la conforman se denominan im\u00e1genes subordinadas, ya que influyen en su percepci\u00f3n y son el resultado de los diferentes roles en la vida del hombre y de las actividades que realiza. Las im\u00e1genes subordinadas son: Imagen F\u00edsica, Imagen Profesional, Imagen Verbal, Imagen Visual, Imagen Audiovisual e Imagen Ambiental.<\/span><\/p>\n<a href=\"https:\/\/entretejidos.iconos.edu.mx\/thesite\/wp-content\/uploads\/2022\/04\/1_Mesa-de-trabajo-1-scaled.jpg\"><img loading=\"lazy\" decoding=\"async\" class=\"size-medium wp-image-6257 aligncenter\" src=\"https:\/\/entretejidos.iconos.edu.mx\/thesite\/wp-content\/uploads\/2022\/04\/1_Mesa-de-trabajo-1-300x169.jpg\" alt=\"\" width=\"300\" height=\"169\" srcset=\"https:\/\/entretejidos.iconos.edu.mx\/thesite\/wp-content\/uploads\/2022\/04\/1_Mesa-de-trabajo-1-300x169.jpg 300w, https:\/\/entretejidos.iconos.edu.mx\/thesite\/wp-content\/uploads\/2022\/04\/1_Mesa-de-trabajo-1-1024x576.jpg 1024w, https:\/\/entretejidos.iconos.edu.mx\/thesite\/wp-content\/uploads\/2022\/04\/1_Mesa-de-trabajo-1-768x432.jpg 768w, https:\/\/entretejidos.iconos.edu.mx\/thesite\/wp-content\/uploads\/2022\/04\/1_Mesa-de-trabajo-1-1536x864.jpg 1536w, https:\/\/entretejidos.iconos.edu.mx\/thesite\/wp-content\/uploads\/2022\/04\/1_Mesa-de-trabajo-1-2048x1152.jpg 2048w\" sizes=\"auto, (max-width: 300px) 100vw, 300px\" \/><\/a>\n<p style=\"text-align: center;\"><span style=\"font-weight: 400;\">Imagen 1. Esquema descriptivo de la Imagen P\u00fablica propuesto por V\u00edctor Gordoa. <\/span><i><span style=\"font-weight: 400;\">El poder de la Imagen P\u00fablica<\/span><\/i><span style=\"font-weight: 400;\">, 2007.<\/span><\/p>\n<p><span style=\"font-weight: 400;\">Se presenta nuevamente el esquema, pero con las definiciones de cada tipo de imagen subordinada y los elementos que la integran:\u00a0<\/span><\/p>\n<a href=\"https:\/\/entretejidos.iconos.edu.mx\/thesite\/wp-content\/uploads\/2022\/04\/1_Mesa-de-trabajo-1-1-scaled.jpg\"><img loading=\"lazy\" decoding=\"async\" class=\"size-medium wp-image-6258 aligncenter\" src=\"https:\/\/entretejidos.iconos.edu.mx\/thesite\/wp-content\/uploads\/2022\/04\/1_Mesa-de-trabajo-1-1-300x169.jpg\" alt=\"\" width=\"300\" height=\"169\" srcset=\"https:\/\/entretejidos.iconos.edu.mx\/thesite\/wp-content\/uploads\/2022\/04\/1_Mesa-de-trabajo-1-1-300x169.jpg 300w, https:\/\/entretejidos.iconos.edu.mx\/thesite\/wp-content\/uploads\/2022\/04\/1_Mesa-de-trabajo-1-1-1024x576.jpg 1024w, https:\/\/entretejidos.iconos.edu.mx\/thesite\/wp-content\/uploads\/2022\/04\/1_Mesa-de-trabajo-1-1-768x432.jpg 768w, https:\/\/entretejidos.iconos.edu.mx\/thesite\/wp-content\/uploads\/2022\/04\/1_Mesa-de-trabajo-1-1-1536x864.jpg 1536w, https:\/\/entretejidos.iconos.edu.mx\/thesite\/wp-content\/uploads\/2022\/04\/1_Mesa-de-trabajo-1-1-2048x1152.jpg 2048w\" sizes=\"auto, (max-width: 300px) 100vw, 300px\" \/><\/a>\n<p style=\"text-align: center;\"><span style=\"font-weight: 400;\">Imagen 2. La Imagen P\u00fablica con las definiciones y elemento de cada tipo de imagen. Elaboraci\u00f3n propia con base en libro <\/span><i><span style=\"font-weight: 400;\">El poder de la Imagen P\u00fablica<\/span><\/i><span style=\"font-weight: 400;\"> de V\u00edctor Gordoa.<\/span><\/p>\n<p><span style=\"font-weight: 400;\">En la imagen anterior se verifica que la Imagen P\u00fablica son una serie de percepciones generalizadas sobre algo o alguien, basadas en m\u00faltiples elementos que interact\u00faan entre s\u00ed. Para explicar esta relaci\u00f3n complementaria se presenta un caso:<\/span><\/p>\n<table>\n<tbody>\n<tr>\n<td><b>Nuevo cliente<\/b><\/td>\n<\/tr>\n<tr>\n<td><span style=\"font-weight: 400;\">Requiere contratar un servicio de dise\u00f1o de Imagen P\u00fablica y decide acudir a una empresa gracias a la opini\u00f3n inicial que ha generado al revisar su sitio web. Llega al establecimiento y observa el inmueble, la fachada y el anuncio exterior. Al ingresar encuentra un negocio con ambientaci\u00f3n adecuada, material publicitario y pantallas con informaci\u00f3n institucional. Es atendido por un empleado, de apariencia impecable, que lo saluda, le da la bienvenida, lo lleva a una oficina pulcra y le ofrece su tarjeta de presentaci\u00f3n. Le explica los servicios de forma convincente, usa material promocional y le demuestra que es un profesional experto. El nuevo cliente sale de la empresa con el servicio contratado y con una percepci\u00f3n positiva de toda la experiencia.<\/span><\/td>\n<\/tr>\n<\/tbody>\n<\/table>\n<p><span style=\"font-weight: 400;\">Tabla 2. Caso: \u2018Nuevo cliente\u2019, ejemplificaci\u00f3n de la relaci\u00f3n de la Imagen P\u00fablica Personal e Institucional. Elaboraci\u00f3n propia.<\/span><\/p>\n<p><span style=\"font-weight: 400;\">El caso expone c\u00f3mo se genera una buena Imagen Institucional, resultado de la percepci\u00f3n positiva de cada tipo de imagen subordinada; a continuaci\u00f3n se desglosan los datos en una tabla para una mejor identificaci\u00f3n y an\u00e1lisis:<\/span><\/p>\n<table>\n<tbody>\n<tr>\n<td colspan=\"4\"><b>Relaci\u00f3n de elementos que conforman la Imagen P\u00fablica Institucional<\/b><\/td>\n<\/tr>\n<tr>\n<td colspan=\"2\"><b>Imagen Institucional<\/b><\/td>\n<td colspan=\"2\"><b>Imagen Personal<\/b><\/td>\n<\/tr>\n<tr>\n<td><span style=\"font-weight: 400;\">Imagen\u00a0<\/span><\/p>\n<p><span style=\"font-weight: 400;\">F\u00edsica<\/span><\/td>\n<td>\n<ul>\n<li style=\"font-weight: 400;\" aria-level=\"1\"><span style=\"font-weight: 400;\">Ubicaci\u00f3n<\/span><\/li>\n<li style=\"font-weight: 400;\" aria-level=\"1\"><span style=\"font-weight: 400;\">Fachada<\/span><\/li>\n<li style=\"font-weight: 400;\" aria-level=\"1\"><span style=\"font-weight: 400;\">Inmueble<\/span><\/li>\n<li style=\"font-weight: 400;\" aria-level=\"1\"><span style=\"font-weight: 400;\">Anuncio exterior<\/span><\/li>\n<\/ul>\n<\/td>\n<td><span style=\"font-weight: 400;\">Imagen<\/span><\/p>\n<p><span style=\"font-weight: 400;\">F\u00edsica<\/span><\/td>\n<td>\n<ul>\n<li style=\"font-weight: 400;\" aria-level=\"1\"><span style=\"font-weight: 400;\">Apariencia<\/span><\/li>\n<li style=\"font-weight: 400;\" aria-level=\"1\"><span style=\"font-weight: 400;\">Lenguaje corporal<\/span><\/li>\n<\/ul>\n<\/td>\n<\/tr>\n<tr>\n<td><span style=\"font-weight: 400;\">Imagen\u00a0<\/span><\/p>\n<p><span style=\"font-weight: 400;\">Profesional<\/span><\/td>\n<td>\n<ul>\n<li aria-level=\"1\"><b>Contar con personal capacitado y experto en su \u00e1rea<\/b><\/li>\n<\/ul>\n<\/td>\n<td><b>Imagen Profesional<\/b><\/td>\n<td>\n<ul>\n<li style=\"font-weight: 400;\" aria-level=\"1\"><i><span style=\"font-weight: 400;\">Expertise\u00a0<\/span><\/i><\/li>\n<li style=\"font-weight: 400;\" aria-level=\"1\"><span style=\"font-weight: 400;\">Dominio del protocolo de atenci\u00f3n al cliente\u00a0<\/span><\/li>\n<\/ul>\n<\/td>\n<\/tr>\n<tr>\n<td><span style=\"font-weight: 400;\">Imagen\u00a0<\/span><\/p>\n<p><span style=\"font-weight: 400;\">Verbal<\/span><\/td>\n<td>\n<ul>\n<li style=\"font-weight: 400;\" aria-level=\"1\"><span style=\"font-weight: 400;\">Textos escritos que acompa\u00f1an a la imagen visual de la empresa\u00a0<\/span><\/li>\n<\/ul>\n<\/td>\n<td><span style=\"font-weight: 400;\">Imagen<\/span><\/p>\n<p><span style=\"font-weight: 400;\">Verbal<\/span><\/td>\n<td>\n<ul>\n<li style=\"font-weight: 400;\" aria-level=\"1\"><span style=\"font-weight: 400;\">Explicaci\u00f3n oral convincente<\/span><\/li>\n<\/ul>\n<\/td>\n<\/tr>\n<tr>\n<td><span style=\"font-weight: 400;\">Imagen\u00a0<\/span><\/p>\n<p><span style=\"font-weight: 400;\">Visual<\/span><\/td>\n<td>\n<ul>\n<li style=\"font-weight: 400;\" aria-level=\"1\"><span style=\"font-weight: 400;\">P\u00e1gina web<\/span><\/li>\n<li style=\"font-weight: 400;\" aria-level=\"1\"><span style=\"font-weight: 400;\">Logotipo<\/span><\/li>\n<li style=\"font-weight: 400;\" aria-level=\"1\"><span style=\"font-weight: 400;\">Material publicitario impreso: fotograf\u00edas, cat\u00e1logo, folleto, etc.<\/span><\/li>\n<\/ul>\n<\/td>\n<td><span style=\"font-weight: 400;\">Imagen<\/span><\/p>\n<p><span style=\"font-weight: 400;\">Visual<\/span><\/td>\n<td>\n<ul>\n<li style=\"font-weight: 400;\" aria-level=\"1\"><span style=\"font-weight: 400;\">Tarjeta de presentaci\u00f3n<\/span><\/li>\n<\/ul>\n<\/td>\n<\/tr>\n<tr>\n<td><span style=\"font-weight: 400;\">Imagen\u00a0<\/span><\/p>\n<p><span style=\"font-weight: 400;\">Audiovisual<\/span><\/td>\n<td>\n<ul>\n<li style=\"font-weight: 400;\" aria-level=\"1\"><span style=\"font-weight: 400;\">Anuncios publicitarios de la instituci\u00f3n<\/span><\/li>\n<\/ul>\n<\/td>\n<td><span style=\"font-weight: 400;\">Imagen Audiovisual<\/span><\/td>\n<td><\/td>\n<\/tr>\n<tr>\n<td><span style=\"font-weight: 400;\">Imagen Ambiental<\/span><\/td>\n<td>\n<ul>\n<li style=\"font-weight: 400;\" aria-level=\"1\"><span style=\"font-weight: 400;\">Ambientaci\u00f3n de las oficinas<\/span><\/li>\n<\/ul>\n<\/td>\n<td><span style=\"font-weight: 400;\">Imagen Ambiental<\/span><\/td>\n<td>\n<ul>\n<li style=\"font-weight: 400;\" aria-level=\"1\"><span style=\"font-weight: 400;\">Oficina pulcra<\/span><\/li>\n<\/ul>\n<\/td>\n<\/tr>\n<\/tbody>\n<\/table>\n<p><span style=\"font-weight: 400;\">Tabla 3. Relaci\u00f3n de elementos que conforman la Imagen P\u00fablica. Elaboraci\u00f3n propia.<\/span><\/p>\n<p><span style=\"font-weight: 400;\">En la tabla 3 se destaca a la Imagen Profesional que, como el resto de las im\u00e1genes subordinadas, forma parte de un todo, ya que si alguna de las im\u00e1genes no es la adecuada afectar\u00e1 tanto a la Imagen Personal como a la Institucional; esto valida la relaci\u00f3n de la Imagen P\u00fablica de lo particular a lo general y viceversa. En s\u00edntesis, para toda empresa es conveniente contar con colaboradores que porten una adecuada Imagen Profesional al volverse sus representantes.\u00a0<\/span><\/p>\n<p><span style=\"font-weight: 400;\">Sin embargo, no hay que olvidar que un colaborador es una persona cuyo trabajo es una de las facetas de su vida y que se suma a su Imagen Personal. Surge entonces la pregunta: \u00bfqu\u00e9 necesidades y objetivos tiene una persona? La respuesta se puede encontrar de forma r\u00e1pida en la Pir\u00e1mide de necesidades de Maslow, en cuyos niveles inferiores se encuentran las b\u00e1sicas y de seguridad, mientras que en los niveles superiores se encuentran las de interacci\u00f3n social, identidad individual y autorrealizaci\u00f3n del Ser; estos \u00faltimos niveles son los que trabaja la Consultor\u00eda en Imagen Personal y que producen las im\u00e1genes subordinadas.\u00a0<\/span><\/p>\n<a href=\"https:\/\/entretejidos.iconos.edu.mx\/thesite\/wp-content\/uploads\/2022\/04\/1_Mesa-de-trabajo-1-2-scaled.jpg\"><img loading=\"lazy\" decoding=\"async\" class=\"size-medium wp-image-6259 aligncenter\" src=\"https:\/\/entretejidos.iconos.edu.mx\/thesite\/wp-content\/uploads\/2022\/04\/1_Mesa-de-trabajo-1-2-300x169.jpg\" alt=\"\" width=\"300\" height=\"169\" srcset=\"https:\/\/entretejidos.iconos.edu.mx\/thesite\/wp-content\/uploads\/2022\/04\/1_Mesa-de-trabajo-1-2-300x169.jpg 300w, https:\/\/entretejidos.iconos.edu.mx\/thesite\/wp-content\/uploads\/2022\/04\/1_Mesa-de-trabajo-1-2-1024x576.jpg 1024w, https:\/\/entretejidos.iconos.edu.mx\/thesite\/wp-content\/uploads\/2022\/04\/1_Mesa-de-trabajo-1-2-768x432.jpg 768w, https:\/\/entretejidos.iconos.edu.mx\/thesite\/wp-content\/uploads\/2022\/04\/1_Mesa-de-trabajo-1-2-1536x864.jpg 1536w, https:\/\/entretejidos.iconos.edu.mx\/thesite\/wp-content\/uploads\/2022\/04\/1_Mesa-de-trabajo-1-2-2048x1152.jpg 2048w\" sizes=\"auto, (max-width: 300px) 100vw, 300px\" \/><\/a>\n<p style=\"text-align: center;\"><span style=\"font-weight: 400;\">Imagen 3. Pir\u00e1mide de necesidades de Maslow correlacionada con el \u00e1rea de trabajo de la Consultor\u00eda en Imagen Personal. Elaboraci\u00f3n propia.<\/span><\/p>\n<ol start=\"2\">\n<li><b>2.- Imagen Personal y la proyecci\u00f3n de la personalidad<\/b><\/li>\n<\/ol>\n<p><span style=\"font-weight: 400;\">El individuo, como ser racional que toma conciencia de s\u00ed mismo, tiene la necesidad de entender qui\u00e9n es y qu\u00e9 es lo que lo hace ser lo que es, para descubrir que es una combinaci\u00f3n de Ser y cuerpo, que en t\u00e9rminos de la Imagen Personal se denominan Imagen F\u00edsica e Imagen Interna.<\/span><\/p>\n<table>\n<tbody>\n<tr>\n<td colspan=\"2\"><b>Imagen Personal<\/b><\/td>\n<\/tr>\n<tr>\n<td><span style=\"font-weight: 400;\">Imagen Interna<\/span><\/td>\n<td><span style=\"font-weight: 400;\">Imagen F\u00edsica<\/span><\/td>\n<\/tr>\n<tr>\n<td><span style=\"font-weight: 400;\">Ser \u2013 esencia &#8211; alma<\/span><\/td>\n<td><span style=\"font-weight: 400;\">Cuerpo \u2013 apariencia &#8211; sujeto<\/span><\/td>\n<\/tr>\n<\/tbody>\n<\/table>\n<p>&nbsp;<\/p>\n<p><span style=\"font-weight: 400;\">Tabla 4. Relaci\u00f3n de elementos que conforman la Imagen Personal. Elaboraci\u00f3n propia.<\/span><\/p>\n<p><span style=\"font-weight: 400;\">La Imagen Interna es la esencia que pone en marcha todas las acciones que moldear\u00e1n a la Imagen F\u00edsica, el medio que vincula al hombre con el mundo que lo rodea d\u00e1ndole la posibilidad de acci\u00f3n e interacci\u00f3n con los otros mostr\u00e1ndoles su personalidad.\u00a0<\/span><\/p>\n<a href=\"https:\/\/entretejidos.iconos.edu.mx\/thesite\/wp-content\/uploads\/2022\/04\/1_Mesa-de-trabajo-1-3-scaled.jpg\"><img loading=\"lazy\" decoding=\"async\" class=\"size-medium wp-image-6260 aligncenter\" src=\"https:\/\/entretejidos.iconos.edu.mx\/thesite\/wp-content\/uploads\/2022\/04\/1_Mesa-de-trabajo-1-3-300x169.jpg\" alt=\"\" width=\"300\" height=\"169\" srcset=\"https:\/\/entretejidos.iconos.edu.mx\/thesite\/wp-content\/uploads\/2022\/04\/1_Mesa-de-trabajo-1-3-300x169.jpg 300w, https:\/\/entretejidos.iconos.edu.mx\/thesite\/wp-content\/uploads\/2022\/04\/1_Mesa-de-trabajo-1-3-1024x576.jpg 1024w, https:\/\/entretejidos.iconos.edu.mx\/thesite\/wp-content\/uploads\/2022\/04\/1_Mesa-de-trabajo-1-3-768x432.jpg 768w, https:\/\/entretejidos.iconos.edu.mx\/thesite\/wp-content\/uploads\/2022\/04\/1_Mesa-de-trabajo-1-3-1536x864.jpg 1536w, https:\/\/entretejidos.iconos.edu.mx\/thesite\/wp-content\/uploads\/2022\/04\/1_Mesa-de-trabajo-1-3-2048x1152.jpg 2048w\" sizes=\"auto, (max-width: 300px) 100vw, 300px\" \/><\/a>\n<p style=\"text-align: center;\"><span style=\"font-weight: 400;\">Imagen 4. La Imagen Interna como eje rector de la producci\u00f3n de la Imagen P\u00fablica. Elaboraci\u00f3n propia con base en el libro <\/span><i><span style=\"font-weight: 400;\">El poder de la Imagen P\u00fablica<\/span><\/i><span style=\"font-weight: 400;\"> de Gordoa.<\/span><\/p>\n<p><span style=\"font-weight: 400;\">En la imagen anterior es posible observar que se resalta la Imagen Interna como la base de la Imagen P\u00fablica y eje rector que determina c\u00f3mo se moldean las im\u00e1genes subordinadas para su producci\u00f3n en la Consultor\u00eda en Imagen Personal.<\/span><\/p>\n<p><b>La Imagen Interna y la Imagen F\u00edsica en la Consultor\u00eda en Imagen Personal<\/b><\/p>\n<p><span style=\"font-weight: 400;\">Todo proceso de consultor\u00eda en Imagen Personal conlleva una reflexi\u00f3n por parte del cliente, ya que este tiene la necesidad de lograr la proyecci\u00f3n de los anhelos de su Ser en su corporeidad, como medio para alcanzar sus objetivos personales y\/o profesionales.\u00a0<\/span><\/p>\n<blockquote>\n<p style=\"text-align: center;\"><span style=\"font-weight: 400;\">Cuando el cuerpo hace algo, es que existe un elemento que se sirve de \u00e9l, y este elemento no puede ser m\u00e1s que el alma, y no el propio cuerpo. El sujeto de todas estas acciones corporales, instrumentales, de lenguaje es el alma, el alma en tanto que se sirve del lenguaje, de los instrumentos del cuerpo. (Foucault 46)<\/span><\/p>\n<\/blockquote>\n<p><span style=\"font-weight: 400;\">La cita de Foucault se puede interpretar como la confirmaci\u00f3n de que el proceso de creaci\u00f3n de la Imagen Personal se produce de dentro hacia afuera y es inducido por las necesidades del Ser, es decir, la Imagen Interna modela la Imagen F\u00edsica y el consultor debe de estar muy consciente de ello.\u00a0<\/span><\/p>\n<p><span style=\"font-weight: 400;\">En resumen, la Consultor\u00eda en Imagen Personal reconoce dos dimensiones de la persona: la Imagen Interna y la Imagen F\u00edsica; la primera es su esencia y, la segunda, es el reflejo de la primera en el plano corporal. Como sosten\u00eda Freud, el ego es \u201c\u2026 ante todo, un ego corporal; no es meramente una entidad superficial, sino que es \u00e9l mismo la proyecci\u00f3n de una superficie\u201d. (en Silverman 12)\u00a0<\/span><\/p>\n<p><b>La acci\u00f3n comunicativa de la Imagen Personal y su producci\u00f3n en la Consultor\u00eda en Imagen Personal<\/b><\/p>\n<p><span style=\"font-weight: 400;\">Pero, \u00bfpor qu\u00e9 resulta de inter\u00e9s para una persona la manifestaci\u00f3n de su Ser a trav\u00e9s de su Imagen F\u00edsica? Partiendo de los postulados de J\u00fcrgen Habermas, en su texto <\/span><i><span style=\"font-weight: 400;\">Teor\u00eda de la acci\u00f3n comunicativa 1,<\/span><\/i><span style=\"font-weight: 400;\"> es posible afirmar que el ser humano como individuo que pertenece a una sociedad tiene la necesidad de representar su identidad ante los individuos que conforman su realidad, dado que se encuentra en constante interacci\u00f3n con ellos y se convierte en un actor\u2013espectador a trav\u00e9s de diversas formas de comunicaci\u00f3n verbal y no verbal.<\/span><\/p>\n<p><span style=\"font-weight: 400;\">Para explicar mejor lo anterior se retoma lo planteado por Habermas en el texto antes se\u00f1alado. A continuaci\u00f3n se citan los cuatro conceptos principales, seguidos de su revisi\u00f3n y c\u00f3mo estos se relacionan con la Consultor\u00eda en Imagen Personal:<\/span><\/p>\n<ol>\n<li style=\"font-weight: 400; text-align: center;\" aria-level=\"1\">\n<blockquote><p><span style=\"font-weight: 400;\">1.- Acci\u00f3n teleol\u00f3gica: el actor realiza un fin o hace que se produzca el estado de las cosas deseadas, eligiendo en una situaci\u00f3n dada los medios m\u00e1s congruentes y aplic\u00e1ndolos de la manera adecuada. (Habermas 122)<\/span><\/p><\/blockquote>\n<\/li>\n<\/ol>\n<p><span style=\"font-weight: 400;\">El primer concepto habla de que el individuo tiene la libertad de decidir entre varias opciones para cumplir sus objetivos. En el caso de la Imagen F\u00edsica el hombre decide, con el uso de su indumentaria, el discurso que comunicar\u00e1 seg\u00fan la interacci\u00f3n que desee entablar con los otros en cada situaci\u00f3n. Dicha indumentaria debe ir acorde a su Ser para no resultar solo un disfraz que genere un mensaje incoherente.<\/span><\/p>\n<p><span style=\"font-weight: 400;\">\u00bfC\u00f3mo producir una Imagen F\u00edsica acorde a la Imagen Interna? Uno de los primeros pasos de la metodolog\u00eda de la Consultor\u00eda en Imagen Personal, seg\u00fan lo ense\u00f1ado en el \u201cDiplomado en Asesor\u00eda de Imagen Personal, Empresarial y <\/span><i><span style=\"font-weight: 400;\">Personal Shopper\u201d<\/span><\/i><span style=\"font-weight: 400;\">, es diagnosticar el estilo del cliente, el cual marca el modo de hacer las cosas seg\u00fan la esencia de la persona.<\/span><\/p>\n<ol>\n<li style=\"font-weight: 400; text-align: center;\" aria-level=\"1\">\n<blockquote><p><span style=\"font-weight: 400;\">2.-Acci\u00f3n regulada por normas: se refiere no al comportamiento de un actor en principio solitario que se topa en su entorno con otros actores, sino a los miembros de un grupo social que orienta su acci\u00f3n por valores comunes. (Habermas 123)<\/span><\/p><\/blockquote>\n<\/li>\n<\/ol>\n<p><span style=\"font-weight: 400;\">En la producci\u00f3n de la Imagen Personal se deben de considerar los c\u00f3digos presentes dentro del grupo social en el que se desenvuelve el individuo, para producir mensajes que sean comprendidos por este y logren una interacci\u00f3n efectiva con base en los objetivos planteados por el cliente en la consultor\u00eda. La Imagen F\u00edsica, capaz de transmitir mensajes no verbales a trav\u00e9s de la indumentaria, se vuelve un lenguaje visual que necesita ser interpretado por el grupo circundante que cumpla con la finalidad deseada.\u00a0<\/span><\/p>\n<p><span style=\"font-weight: 400;\">Por lo anterior, en el proceso de consultor\u00eda en Imagen Personal se plantean las propuestas de vestuario seg\u00fan los c\u00f3digos de vestimenta utilizados para cada ocasi\u00f3n o actividad que requiere el cliente.\u00a0<\/span><\/p>\n<ol>\n<li style=\"font-weight: 400; text-align: center;\" aria-level=\"1\">\n<blockquote><p><span style=\"font-weight: 400;\">3.-Acci\u00f3n dramat\u00fargica: no hace referencia primariamente ni a un actor solitario ni al miembro de un grupo social, sino a participantes en una interacci\u00f3n que constituyen los unos para los otros un p\u00fablico ante el cual se ponen a s\u00ed mismos en escena. (Habermas 123)<\/span><\/p><\/blockquote>\n<\/li>\n<\/ol>\n<p><span style=\"font-weight: 400;\">El hombre dentro de la sociedad se vuelve un actor con un p\u00fablico, al escenificar diferentes roles en la vida, y la Imagen F\u00edsica es el medio para hacerlo a trav\u00e9s de un cuerpo capaz de comunicarse con mensajes verbales y no verbales (lenguaje corporal y uso de indumentaria seg\u00fan el estilo personal). Dichos mensajes dan un acceso a la Imagen Interior seg\u00fan los deseos de su poseedor y quien sea su espectador.\u00a0<\/span><\/p>\n<p><span style=\"font-weight: 400;\">\u00bfC\u00f3mo construir adecuadamente el mensaje a transmitirse por la Imagen Personal? La Consultor\u00eda en Imagen trabaja todas las im\u00e1genes subordinadas de la Imagen P\u00fablica, que incluyen no solo la Imagen F\u00edsica, tambi\u00e9n la Profesional, Verbal, Visual, Audiovisual y Ambiental.\u00a0 Por lo que, seg\u00fan las necesidades del cliente, se debe de trabajar con la creaci\u00f3n de propuestas de indumentaria, arreglo personal e, incluso, con la capacitaci\u00f3n al cliente en las \u00e1reas que lo requiera; por ejemplo: oratoria, manejo de lenguaje corporal, etc.\u00a0<\/span><\/p>\n<p><span style=\"font-weight: 400;\">Dependiendo del tipo de servicio que se requiera el consultor tiene que estar preparado en distintas \u00e1reas o contar con un equipo especializado para lograr lo requerido por el cliente.\u00a0<\/span><\/p>\n<ol start=\"4\">\n<li style=\"text-align: center;\">\n<blockquote><p><span style=\"font-weight: 400;\">4.-Acci\u00f3n comunicativa: se refiere a la interacci\u00f3n de por lo menos dos sujetos capaces de lenguaje y de acci\u00f3n que (ya sean medios verbales o con medios extraverbales) entablan una relaci\u00f3n interpersonal. (Habermas 124)\u00a0<\/span><\/p><\/blockquote>\n<\/li>\n<\/ol>\n<p><span style=\"font-weight: 400;\">Este \u00faltimo concepto destaca la importancia de la comunicaci\u00f3n para la interacci\u00f3n del hombre con otros individuos, para lo cual es necesario el manejo de un mismo c\u00f3digo que permita la codificaci\u00f3n de los distintos mensajes que se transmitir\u00e1n. Por lo tanto, la Imagen F\u00edsica se convierte en un lenguaje visual capaz de manifestar el Ser y de entablar relaciones interpersonales en los diferentes \u00e1mbitos de la vida.\u00a0<\/span><\/p>\n<ol start=\"3\">\n<li><b>3.-Metodolog\u00eda del proceso de Consultor\u00eda en Imagen Personal<\/b><\/li>\n<\/ol>\n<p><span style=\"font-weight: 400;\">La Consultor\u00eda en Imagen Personal es un proceso que requiere una metodolog\u00eda seg\u00fan las necesidades y objetivos del cliente, ya que son la base para producir las im\u00e1genes subordinadas de la Imagen Personal.\u00a0<\/span><\/p>\n<p><span style=\"font-weight: 400;\">A continuaci\u00f3n se expone la metodolog\u00eda de la Consultor\u00eda en Imagen Personal, que ha sido optimizada por la autora gracias a los a\u00f1os de experiencia en la realizaci\u00f3n de consultor\u00edas y en la impartici\u00f3n de clases sobre el tema.\u00a0<\/span><b><\/b><\/p>\n<ul>\n<li aria-level=\"1\"><b>A)An\u00e1lisis de caso y plan de acci\u00f3n\u00a0<\/b><\/li>\n<\/ul>\n<p><span style=\"font-weight: 400;\">Requiere una entrevista inicial con el cliente para recabar datos personales, lo que le gusta y lo que no; a lo que no est\u00e1 dispuesto; objetivos y necesidades. La informaci\u00f3n se analiza y se presenta al cliente el plan de acci\u00f3n a seguir. No todas las asesor\u00edas incluyen los mismos servicios, depender\u00e1n de las necesidades, g\u00e9nero, tiempo y presupuesto disponible.<\/span><\/p>\n<ul>\n<li><b>B)Desarrollo de caso y an\u00e1lisis de los datos obtenidos<\/b><\/li>\n<\/ul>\n<p><span style=\"font-weight: 400;\">Se llevan a cabo los diagn\u00f3sticos del cliente con la finalidad de conocer las caracter\u00edsticas de su Imagen Interna y su Imagen F\u00edsica. Los diagn\u00f3sticos son:\u00a0<\/span><\/p>\n<ul>\n<li style=\"font-weight: 400;\" aria-level=\"1\"><span style=\"font-weight: 400;\">Diagn\u00f3stico de estilo personal: recaba la informaci\u00f3n sobre c\u00f3mo el cliente expresa su Imagen Interna a trav\u00e9s de su Imagen F\u00edsica, as\u00ed como su ideolog\u00eda general. Consta de una prueba est\u00e1ndar de estilo, femenino o masculino, que se compara y analiza con el material visual, el cual se solicita al cliente y\/o se recaba de sus redes sociales con autorizaci\u00f3n previa. El resultado del diagn\u00f3stico puede ser un estilo o la combinaci\u00f3n de dos, seg\u00fan la Teor\u00eda del Estilo planteada por Gordoa en sus libros <\/span><i><span style=\"font-weight: 400;\">El poder de la Imagen P\u00fablica<\/span><\/i><span style=\"font-weight: 400;\"> e <\/span><i><span style=\"font-weight: 400;\">Imagolog\u00eda<\/span><\/i><span style=\"font-weight: 400;\">. Con base en la obra <\/span><i><span style=\"font-weight: 400;\">Universal Style de A<\/span><\/i><span style=\"font-weight: 400;\"><span style=\"font-weight: 400;\">lyce Parsons<span id='easy-footnote-11-6216' class='easy-footnote-margin-adjust'><\/span><span class='easy-footnote'><a href='https:\/\/entretejidos.iconos.edu.mx\/thesite\/la-consultoria-en-imagen-y-la-construccion-de-la-imagen-personal-como-herramienta-de-interaccion-social\/#easy-footnote-bottom-11-6216' title='&lt;\/span&gt;&lt;\/span&gt;&lt;span style=&quot;font-weight: 400;&quot;&gt;Alyce Parsons es miembro fundadora y codirectora de la Asociaci\u00f3n de Consultores de Imagen\u00a0&lt;\/span&gt;&lt;span style=&quot;font-weight: 400;&quot;&gt;Internacional (AICI). Fuente: &lt;\/span&gt;&lt;a href=&quot;https:\/\/universalstyleintl-com.translate.goog\/about-us\/?_x_tr_sl=en&amp;amp;_x_tr_tl=es&amp;amp;_x_tr_hl=es-419&amp;amp;_x_tr_pto=sc&amp;amp;_x_tr_sch=htt&quot;&gt;&lt;span style=&quot;font-weight: 400;&quot;&gt;https:\/\/universalstyleintl-com.translate.goog\/about-us\/?_x_tr_sl=en&amp;amp;_x_tr_tl=es&amp;amp;_x_tr_hl=es-419&amp;amp;_x_tr_pto=sc&amp;amp;_x_tr_sch=htt&lt;\/span&gt;&lt;\/a&gt;&lt;span style=&quot;font-weight: 400;&quot;&gt;'><sup>11<\/sup><\/a><\/span>,<\/span> <span style=\"font-weight: 400;\">los estilos son: Natural, Tradicional, Elegante, Rom\u00e1ntico, Creativo, Seductor y Dram\u00e1tico. De forma complementaria se puede hacer el diagn\u00f3stico de personalidad<span id='easy-footnote-12-6216' class='easy-footnote-margin-adjust'><\/span><span class='easy-footnote'><a href='https:\/\/entretejidos.iconos.edu.mx\/thesite\/la-consultoria-en-imagen-y-la-construccion-de-la-imagen-personal-como-herramienta-de-interaccion-social\/#easy-footnote-bottom-12-6216' title='En IDIP, en el \u201cDiplomado en Asesor\u00eda de Imagen Personal, Empresarial y &lt;i&gt;Personal Shopper&lt;\/i&gt;\u201d se revisa el Eneagrama de la personalidad propuesto por el psiqu\u00edatra chileno Claudio Naranjo'><sup>12<\/sup><\/a><\/span><\/span><span style=\"font-weight: 400;\"> para que tanto cliente como consultor conozcan y comprendan m\u00e1s la Imagen Interna del primero. Requiere capacitaci\u00f3n espec\u00edfica y\/o contar con un psic\u00f3logo en el equipo que aplique alguna prueba de personalidad.<\/span><\/li>\n<li aria-level=\"1\"><\/li>\n<li style=\"font-weight: 400;\" aria-level=\"1\"><span style=\"font-weight: 400;\"><span style=\"font-weight: 400;\">Diagn\u00f3stico de colorimetr\u00eda personal<span id='easy-footnote-13-6216' class='easy-footnote-margin-adjust'><\/span><span class='easy-footnote'><a href='https:\/\/entretejidos.iconos.edu.mx\/thesite\/la-consultoria-en-imagen-y-la-construccion-de-la-imagen-personal-como-herramienta-de-interaccion-social\/#easy-footnote-bottom-13-6216' title='&lt;\/span&gt;&lt;\/span&gt;&lt;span style=&quot;font-weight: 400;&quot;&gt;La t\u00e9cnica para el diagn\u00f3stico de colorimetr\u00eda personal es denominada \u201cColorimetr\u00eda por estaciones\u201d, ya que clasifica las caracter\u00edsticas f\u00edsicas de las personas por su color en primavera, verano, oto\u00f1o e invierno, adem\u00e1s de subestaciones. Fue desarrollada por Carole Jackson y publicada en su libro &lt;\/span&gt;&lt;i&gt;&lt;span style=&quot;font-weight: 400;&quot;&gt;Color me beautiful&lt;\/span&gt;&lt;\/i&gt;&lt;span style=&quot;font-weight: 400;&quot;&gt;.&lt;\/span&gt;&lt;span style=&quot;font-weight: 400;&quot;&gt;'><sup>13<\/sup><\/a><\/span>:<\/span> <span style=\"font-weight: 400;\">se requiere el llenado de la tabla crom\u00e1tica con las caracter\u00edsticas f\u00edsicas de la persona seg\u00fan el tinte, valor y croma de piel, ojos y cabello; as\u00ed como un <\/span><i><span style=\"font-weight: 400;\">kit<\/span><\/i><span style=\"font-weight: 400;\"> para la prueba de drapeado, que consiste en probar muestras de tela del mismo color, pero de distinta luminosidad y saturaci\u00f3n. Este diagn\u00f3stico tiene la finalidad de que el cliente conozca qu\u00e9 colores destacan mejor sus caracter\u00edsticas f\u00edsicas al utilizarlos cerca del rostro en maquillaje, tintes capilares, accesorios y prendas.<\/span><\/li>\n<li style=\"text-align: center;\" aria-level=\"1\"><a href=\"https:\/\/entretejidos.iconos.edu.mx\/thesite\/wp-content\/uploads\/2022\/04\/Captura-de-Pantalla-2022-04-20-a-las-8.48.42-p.m..png\"><img loading=\"lazy\" decoding=\"async\" class=\"alignnone size-medium wp-image-6261\" src=\"https:\/\/entretejidos.iconos.edu.mx\/thesite\/wp-content\/uploads\/2022\/04\/Captura-de-Pantalla-2022-04-20-a-las-8.48.42-p.m.-300x183.png\" alt=\"\" width=\"300\" height=\"183\" srcset=\"https:\/\/entretejidos.iconos.edu.mx\/thesite\/wp-content\/uploads\/2022\/04\/Captura-de-Pantalla-2022-04-20-a-las-8.48.42-p.m.-300x183.png 300w, https:\/\/entretejidos.iconos.edu.mx\/thesite\/wp-content\/uploads\/2022\/04\/Captura-de-Pantalla-2022-04-20-a-las-8.48.42-p.m.-768x468.png 768w, https:\/\/entretejidos.iconos.edu.mx\/thesite\/wp-content\/uploads\/2022\/04\/Captura-de-Pantalla-2022-04-20-a-las-8.48.42-p.m..png 952w\" sizes=\"auto, (max-width: 300px) 100vw, 300px\" \/><\/a><\/li>\n<\/ul>\n<p style=\"text-align: center;\"><span style=\"font-weight: 400;\">Imagen 5. Ejemplo de prueba de drapeado con el <\/span><i><span style=\"font-weight: 400;\">kit<\/span><\/i><span style=\"font-weight: 400;\"> de colorimetr\u00eda de Reyes Pay\u00e1 Ruiz, 2018. <\/span><a href=\"https:\/\/reyespaya.com\/para-que-sirve-el-analisis-de-color\/\"><span style=\"font-weight: 400;\">https:\/\/reyespaya.com\/para-que-sirve-el-analisis-de-color\/<\/span><\/a><\/p>\n<ul>\n<li style=\"font-weight: 400;\" aria-level=\"1\"><span style=\"font-weight: 400;\">Diagn\u00f3sticos antropom\u00e9tricos y antropom\u00f3rficos<\/span><b>: <\/b><span style=\"font-weight: 400;\">consta de la toma de medidas y fotograf\u00edas corporales y faciales para su an\u00e1lisis y determinaci\u00f3n del tipo de rostro, tipo de cuerpo y complexi\u00f3n<span id='easy-footnote-14-6216' class='easy-footnote-margin-adjust'><\/span><span class='easy-footnote'><a href='https:\/\/entretejidos.iconos.edu.mx\/thesite\/la-consultoria-en-imagen-y-la-construccion-de-la-imagen-personal-como-herramienta-de-interaccion-social\/#easy-footnote-bottom-14-6216' title='\u00a0Siluetas b\u00e1sicas femeninas: reloj de arena, H, A, V y O; las masculinas son las mismas, salvo el reloj de arena que cambia por la trapezoidal. Para la determinaci\u00f3n de subfigura y complexi\u00f3n se analizan los somatotipos: endomorfo, mesomorfo y ectomorfo, mismas categor\u00edas para varones y mujer. Los tipos de rostro son: ovalado, cuadrado, redondo, diamante, coraz\u00f3n, rectangular y periforme. Fuente: &lt;a href=&quot;https:\/\/www.youtube.com\/watch?v=QS3JA2mRs3c&amp;amp;t=70s&quot;&gt;https:\/\/www.youtube.com\/watch?v=QS3JA2mRs3c&amp;amp;t=70s&lt;\/a&gt;'><sup>14<\/sup><\/a><\/span>,<\/span><span style=\"font-weight: 400;\"> as\u00ed como caracter\u00edsticas f\u00edsicas que se pueden enfatizar o se necesitan equilibrar. Los resultados se utilizan para elegir el tama\u00f1o de los accesorios y estampados, la silueta de las prendas, el corte de cabello, dise\u00f1o de cejas, dise\u00f1o de barba, tipo de lentes, sombreros, tipo de maquillaje, etc.\u00a0<\/span><\/li>\n<\/ul>\n<p><span style=\"font-weight: 400;\">Concluidos los diagn\u00f3sticos del cliente se hace el compendio de los resultados, ya que son la base para la elaboraci\u00f3n de las gu\u00edas con las estrategias a implementar en la producci\u00f3n de la Imagen Personal.\u00a0<\/span><b><\/b><\/p>\n<ul>\n<li aria-level=\"1\"><b>C) Gu\u00eda para la producci\u00f3n de la Imagen Personal seg\u00fan los resultados de los diagn\u00f3sticos del cliente<\/b><\/li>\n<\/ul>\n<p><span style=\"font-weight: 400;\">El consultor en Imagen Personal genera, como parte del entregable digital para el cliente, una gu\u00eda personalizada con cuatro apartados para explicarle lo que debe de utilizar y por qu\u00e9. Esta gu\u00eda parte de las caracter\u00edsticas de su Imagen Interna y F\u00edsica para producir la Imagen Personal que le permita cumplir sus objetivos. Los apartados son:\u00a0<\/span><\/p>\n<ul>\n<li style=\"font-weight: 400;\" aria-level=\"1\"><span style=\"font-weight: 400;\">Gu\u00eda para el uso del color: utilizar el color correcto tiene como beneficios resaltar positivamente las caracter\u00edsticas f\u00edsicas del rostro, estilizar la silueta y mandar mensajes no verbales seg\u00fan la psicolog\u00eda del color: fuerza, amabilidad, feminidad, etc. Por ello las prendas, accesorios, maquillaje y cabello deben de ser del color ideal seg\u00fan la colorimetr\u00eda personal, adem\u00e1s de coordinar con los gustos en color del estilo personal, as\u00ed como la tipolog\u00eda corporal.\u00a0<\/span><\/li>\n<\/ul>\n<p><span style=\"font-weight: 400;\">Gu\u00eda de caracter\u00edsticas para las prendas y accesorios<\/span><b>:<\/b><span style=\"font-weight: 400;\"> indica los tipos de cuellos, escotes, mangas, cortes y silueta de las prendas que ayuden a estilizar, equilibrar y\/o resaltar las caracter\u00edsticas del cuerpo. Tambi\u00e9n especifica lo referente a la elecci\u00f3n correcta de los accesorios y estampados seg\u00fan la complexi\u00f3n corporal.\u00a0<\/span><\/p>\n<a href=\"https:\/\/entretejidos.iconos.edu.mx\/thesite\/wp-content\/uploads\/2022\/04\/Captura-de-Pantalla-2022-04-20-a-las-8.50.24-p.m..png\"><img loading=\"lazy\" decoding=\"async\" class=\"size-medium wp-image-6262 aligncenter\" src=\"https:\/\/entretejidos.iconos.edu.mx\/thesite\/wp-content\/uploads\/2022\/04\/Captura-de-Pantalla-2022-04-20-a-las-8.50.24-p.m.-300x177.png\" alt=\"\" width=\"300\" height=\"177\" srcset=\"https:\/\/entretejidos.iconos.edu.mx\/thesite\/wp-content\/uploads\/2022\/04\/Captura-de-Pantalla-2022-04-20-a-las-8.50.24-p.m.-300x177.png 300w, https:\/\/entretejidos.iconos.edu.mx\/thesite\/wp-content\/uploads\/2022\/04\/Captura-de-Pantalla-2022-04-20-a-las-8.50.24-p.m..png 603w\" sizes=\"auto, (max-width: 300px) 100vw, 300px\" \/><\/a>\n<p style=\"text-align: center;\"><span style=\"font-weight: 400;\">Imagen 6. Elecci\u00f3n de los cuellos de las prendas para clientes con cuello corto seg\u00fan T. Woodal y S. Constantine en su libro <\/span><i><span style=\"font-weight: 400;\">What not to wear<\/span><\/i><span style=\"font-weight: 400;\">, p\u00e1gs. 24 y 25, 2002.<\/span><\/p>\n<ul>\n<li style=\"font-weight: 400;\" aria-level=\"1\"><span style=\"font-weight: 400;\">Gu\u00eda para el arreglo facial:<\/span> <span style=\"font-weight: 400;\">incluye el dise\u00f1o de cejas para mujeres y varones, as\u00ed como el de barba y bigote en caso de ser solicitado por estos \u00faltimos. Para esta gu\u00eda se requiere tener el contacto de una est\u00e9tica o barber\u00eda que realice el servicio con calidad y de acuerdo con las indicaciones del consultor. Adem\u00e1s, cuenta con una lista de productos de cuidado facial. En casos espec\u00edficos se puede requerir la consulta con un dermat\u00f3logo. Para las recomendaciones de maquillaje y su aplicaci\u00f3n es conveniente que el consultor se capacite en el \u00e1rea o cuente con un maquillador que elabore esta parte de la gu\u00eda y, en caso necesario, le imparta un curso de automaquillaje al cliente.<\/span><\/li>\n<li aria-level=\"1\"><\/li>\n<li style=\"font-weight: 400;\" aria-level=\"1\"><span style=\"font-weight: 400;\">Gu\u00eda para el arreglo del cabello: debe de incluir las caracter\u00edsticas del corte, peinado y elecci\u00f3n de tinte o efecto de color ideal seg\u00fan las caracter\u00edsticas del cliente. El consultor debe tener el contacto de uno o varios estilistas que realicen el servicio bajo su instrucci\u00f3n.<\/span><\/li>\n<\/ul>\n<p><span style=\"font-weight: 400;\">La consideraci\u00f3n m\u00e1s importante al realizar la gu\u00eda es que no se pueden hacer recomendaciones que no sean compatibles con el estilo, colorimetr\u00eda, tipolog\u00eda corporal\/facial y los objetivos del cliente.\u00a0<\/span><b><\/b><\/p>\n<ul>\n<li aria-level=\"1\"><b>D) Propuesta de indumentaria para la renovaci\u00f3n de la Imagen Personal<\/b><\/li>\n<\/ul>\n<p><span style=\"font-weight: 400;\">Como previamente se mencion\u00f3, la indumentaria es comunicaci\u00f3n no verbal sujeta a interpretaci\u00f3n gracias a un c\u00f3digo de vestimenta que indica las prendas ideales para determinadas actividades y transmite mensajes espec\u00edficos como: autoridad, calidez, masculinidad, etc. Por lo que, seg\u00fan las necesidades, objetivos y roles sociales del cliente se planear\u00e1n las propuestas de indumentaria. Los c\u00f3digos de vestimenta que se consideran son: informal, casual, casual de negocios, formal, formal de playa, coctel, etiqueta y etiqueta rigurosa.\u00a0\u00a0\u00a0\u00a0<\/span><\/p>\n<p><span style=\"font-weight: 400;\">Entonces, las gu\u00edas para la producci\u00f3n de la Imagen Personal son la suma de las pautas para la producci\u00f3n de la Imagen F\u00edsica del cliente.<\/span><b><\/b><\/p>\n<ul>\n<li aria-level=\"1\"><b>E)Servicios adicionales<\/b><\/li>\n<\/ul>\n<p><span style=\"font-weight: 400;\">Se incluyen en las consultor\u00edas de Imagen Personal integrales, pero se ofrecen como complemento en las b\u00e1sicas y son:\u00a0<\/span><\/p>\n<ul>\n<li style=\"font-weight: 400;\" aria-level=\"1\"><span style=\"font-weight: 400;\">An\u00e1lisis de guardarropa: el consultor acude al domicilio del cliente y revisa su indumentaria para recomendar qu\u00e9 conservar, qu\u00e9 reparar y qu\u00e9 descartar; adem\u00e1s de indicar el correcto almacenaje para la conservaci\u00f3n y mejor uso de las prendas y accesorios.<\/span><\/li>\n<li style=\"font-weight: 400;\" aria-level=\"1\"><i><span style=\"font-weight: 400;\">Personal shopper<\/span><\/i><span style=\"font-weight: 400;\">: consiste en acompa\u00f1ar al cliente a comprar las prendas y accesorios indicadas en las gu\u00edas, incluyendo b\u00e1sicos de guardarropa y prendas en tendencia que brinden versatilidad y actualidad al <\/span><i><span style=\"font-weight: 400;\">outfit<\/span><\/i><span style=\"font-weight: 400;\">. Requiere que el consultor planee una ruta de compra, revise la oferta de producto de las tiendas previo al d\u00eda de compras y confirme que est\u00e9 <\/span><i><span style=\"font-weight: 400;\">ad hoc<\/span><\/i><span style=\"font-weight: 400;\"> con los objetivos y presupuesto del cliente.\u00a0<\/span><\/li>\n<li style=\"font-weight: 400;\" aria-level=\"1\"><span style=\"font-weight: 400;\">Otros servicios son: nutrici\u00f3n, psicolog\u00eda, entrenamiento f\u00edsico, cirug\u00eda pl\u00e1stica, capacitaci\u00f3n en lenguaje corporal, etc. Requiere que el consultor cuente con el contacto de profesionales calificados.<\/span><\/li>\n<li aria-level=\"1\"><\/li>\n<li aria-level=\"1\"><b>F) Sesi\u00f3n fotogr\u00e1fica<\/b><\/li>\n<\/ul>\n<p><span style=\"font-weight: 400;\">Es la implementaci\u00f3n de la gu\u00eda para la producci\u00f3n de la Imagen Personal y su registro. Se fotograf\u00eda al cliente luciendo diferentes <\/span><i><span style=\"font-weight: 400;\">outfits<\/span><\/i><span style=\"font-weight: 400;\"> seg\u00fan lo propuesto en el paso tres y cuatro. Durante la consultor\u00eda, el cliente aprende a interpretar su imagen y lo que comunica con ella, que es un proceso de interpretaci\u00f3n de signos y significados, y que le permitir\u00e1 planear su vestuario para generar ciertas reacciones con las personas que convivir\u00e1, es decir, aprende a producir su Imagen Personal.\u00a0<\/span><\/p>\n<p><span style=\"font-weight: 400;\">El consultor debe de revisar el <\/span><i><span style=\"font-weight: 400;\">outfit<\/span><\/i><span style=\"font-weight: 400;\"> antes de la toma de la foto y, en caso necesario, orientar al cliente para corregirlo. Se capturan un m\u00ednimo de cinco cambios y deben incluir producci\u00f3n de rostro y cabello.<\/span><b><\/b><\/p>\n<ul>\n<li aria-level=\"1\"><b>\u00a0G) Evaluaci\u00f3n y conclusiones<\/b><\/li>\n<\/ul>\n<p><span style=\"font-weight: 400;\">Con los <\/span><i><span style=\"font-weight: 400;\">outfits<\/span><\/i><span style=\"font-weight: 400;\"> implementados y registrados en las fotos se hace el comparativo del \u2018antes y despu\u00e9s\u2019 de la Imagen Personal del cliente y se eval\u00faan los resultados obtenidos. Para ello se hace una entrevista en la que se conocer\u00e1 su grado de satisfacci\u00f3n con la consultor\u00eda y si considera que se logr\u00f3 el objetivo que estableci\u00f3.<\/span><\/p>\n<p><span style=\"font-weight: 400;\">Cabe se\u00f1alar que se hace el seguimiento del cliente por tres meses para comprobar si contin\u00faa o no con la Imagen Personal obtenida en la consultor\u00eda; en caso afirmativo el proceso se considera exitoso.<\/span><\/p>\n<p><b>Conclusiones<\/b><\/p>\n<p><span style=\"font-weight: 400;\">Para responder la pregunta planteada en la introducci\u00f3n: \u00bfcu\u00e1les y qu\u00e9 tan relevantes son los cambios en la persona tras el proceso de consultor\u00eda en Imagen Personal? Se presentan los testimonios inicial y final de un cliente del servicio de Consultor\u00eda en Imagen realizado por la autora, as\u00ed como los resultados y conclusiones de esta.<\/span><\/p>\n<table>\n<tbody>\n<tr>\n<td colspan=\"4\"><b>Consultor\u00eda en Imagen Personal Masculina<\/b><\/td>\n<\/tr>\n<tr>\n<td><b>Nombre<\/b><\/td>\n<td>\n<ul>\n<li aria-level=\"1\"><b>B. C.<\/b><\/li>\n<\/ul>\n<\/td>\n<td><b>Edad<\/b><\/td>\n<td><span style=\"font-weight: 400;\">41 a\u00f1os<\/span><\/td>\n<\/tr>\n<tr>\n<td><b>Ocupaci\u00f3n<\/b><\/td>\n<td colspan=\"3\"><span style=\"font-weight: 400;\">Investigaci\u00f3n de Mercados<\/span><\/td>\n<\/tr>\n<tr>\n<td><b>Objetivo del cliente\u00a0<\/b><\/p>\n<p><span style=\"font-weight: 400;\">(cita textual del formulario llenado)<\/span><\/td>\n<td colspan=\"3\"><span style=\"font-weight: 400;\">\u201cDar una imagen de inteligencia y que mis ideas sean tomadas en cuenta. Quiero cambiar el hecho de que mi imagen siempre ha sido inexpresiva y repetitiva. Me gustar\u00eda tener una imagen m\u00e1s vers\u00e1til y actualizar mi guardarropa\u201d.<\/span><\/td>\n<\/tr>\n<\/tbody>\n<\/table>\n<p><span style=\"font-weight: 400;\">Tabla 5. Datos de una Consultor\u00eda en Imagen Personal Masculina. Elaboraci\u00f3n propia.<\/span><\/p>\n<p><span style=\"font-weight: 400;\">Testimonio inicial del cliente:<\/span><\/p>\n<blockquote><p><span style=\"font-weight: 400;\">\u201cMeses antes me tomaron algunas fotos en las que no me gust\u00f3 c\u00f3mo me ve\u00eda y consider\u00e9 que algo estaba mal en m\u00ed. Mi abdomen hab\u00eda crecido mucho y ten\u00eda canas que me hac\u00edan ver muy mayor\u201d.<\/span><\/p><\/blockquote>\n<p><span style=\"font-weight: 400;\">Testimonio final del cliente:<\/span><\/p>\n<blockquote><p><span style=\"font-weight: 400;\">\u201cAl principio me sent\u00ed extra\u00f1o por someterme a un cambio que no sab\u00eda c\u00f3mo iba a resultar, pero conforme fue avanzando en el proceso me sent\u00ed con mayor confianza, sobretodo porque me sent\u00ed rejuvenecido y m\u00e1s animado. Disfruto saber qu\u00e9 atuendos y colores me quedan bien y me gust\u00f3 mucho la propuesta del corte de cabello. Noto que muchas personas me dicen que me veo bien, tanto amigos, como familiares y compa\u00f1eros de trabajo. Algunos les sorprendi\u00f3 el cambio y me calculan menos edad.<\/span><\/p>\n<p><span style=\"font-weight: 400;\">Se cumplieron mis objetivos en la consultor\u00eda, ya mis ideas y opiniones son tomadas en cuenta en el trabajo. Mi apariencia ya no es inexpresiva y renov\u00e9 mi guardarropa. Ahora me siento con m\u00e1s actitud y muy satisfecho\u201d.<\/span><\/p><\/blockquote>\n<p style=\"text-align: center;\"><a href=\"https:\/\/entretejidos.iconos.edu.mx\/thesite\/wp-content\/uploads\/2022\/04\/Captura-de-Pantalla-2022-04-20-a-las-8.53.19-p.m..png\"><img loading=\"lazy\" decoding=\"async\" class=\"size-medium wp-image-6263 aligncenter\" src=\"https:\/\/entretejidos.iconos.edu.mx\/thesite\/wp-content\/uploads\/2022\/04\/Captura-de-Pantalla-2022-04-20-a-las-8.53.19-p.m.-300x176.png\" alt=\"\" width=\"300\" height=\"176\" srcset=\"https:\/\/entretejidos.iconos.edu.mx\/thesite\/wp-content\/uploads\/2022\/04\/Captura-de-Pantalla-2022-04-20-a-las-8.53.19-p.m.-300x176.png 300w, https:\/\/entretejidos.iconos.edu.mx\/thesite\/wp-content\/uploads\/2022\/04\/Captura-de-Pantalla-2022-04-20-a-las-8.53.19-p.m..png 561w\" sizes=\"auto, (max-width: 300px) 100vw, 300px\" \/><\/a><br \/>\n<span style=\"font-weight: 400;\">Imagen 7. Antes y despu\u00e9s de una Consultor\u00eda en Imagen Personal Masculina.<\/span><\/p>\n<p><span style=\"font-weight: 400;\">En el testimonio inicial el cliente muestra el descontento que sinti\u00f3 al ver su imagen y considerar que su abdomen prominente y n\u00famero creciente de canas no le favorec\u00edan, ni era lo que quer\u00eda tener. Esto comprueba lo planteado en el apartado 2.1, en el que se menciona que todo proceso de consultor\u00eda en Imagen Personal va acompa\u00f1ado de un proceso reflexivo en el que el Ser busca un cambio en su apariencia para sentir satisfacci\u00f3n.\u00a0\u00a0<\/span><\/p>\n<p><span style=\"font-weight: 400;\">En el testimonio final se constatan los cambios que vivi\u00f3 el cliente durante el proceso de consultor\u00eda. En cuanto a su Imagen Interna reporta sentirse rejuvenecido, animado, m\u00e1s confiado y con m\u00e1s actitud, lo que impacta positivamente en su autopercepci\u00f3n; con ello se demuestra que la Consultor\u00eda en Imagen Personal es un proceso integral que impacta la apariencia f\u00edsica y el Ser.<\/span><\/p>\n<p><span style=\"font-weight: 400;\">El registro fotogr\u00e1fico presentado en la imagen 7 muestra la Imagen F\u00edsica antes y despu\u00e9s de la implementaci\u00f3n del arreglo personal propuesto en la consultor\u00eda y confirma, en las segundas, el impacto de la nueva autopercepci\u00f3n en el lenguaje corporal y la expresi\u00f3n facial. El cliente afirma que los objetivos se cumplieron y, despu\u00e9s de tres meses, contin\u00faa con la Imagen F\u00edsica lograda en el proceso de consultor\u00eda.<\/span><\/p>\n<p><span style=\"font-weight: 400;\">Se puede concluir que vemos y somos vistos de forma consciente e inconsciente, lo que cobra una gran importancia, ya que la vista es la que establece nuestro lugar en el mundo circundante. (Berger 13) Y es que el otro percibe nuestra existencia a trav\u00e9s de la visi\u00f3n justo en el momento que mira nuestra Imagen F\u00edsica, que es la representante de nuestra Imagen Interna en el mundo.<\/span><\/p>\n<p><span style=\"font-weight: 400;\">Sin embargo, la mirada no es pura al vivir en un mundo de im\u00e1genes que es modulado por un imaginario colectivo seg\u00fan el contexto, la sociedad y los s\u00edmbolos formados por la cultura que, en conjunto, crean modos particulares de ver. Aqu\u00ed es en donde se tiene que desarrollar y expresar la Imagen Personal. Por lo que la creaci\u00f3n de la identidad y su representaci\u00f3n f\u00edsica est\u00e1n condicionadas por una pantalla cultural.\u00a0<\/span><\/p>\n<p><span style=\"font-weight: 400;\">Adem\u00e1s, la mirada cultural influye en la autopercepci\u00f3n, lo que hace que la Imagen Personal se modele de acuerdo con esta y la manera en que queramos ser percibidos; esto implica un reconocimiento preliminar de la exterioridad y del car\u00e1cter culturalmente construido de las im\u00e1genes a trav\u00e9s de las cuales el sujeto asume una identidad visual. (Silverma 22)<\/span><\/p>\n<p><span style=\"font-weight: 400;\">Por \u00faltimo, la Consultor\u00eda en Imagen Personal es el medio para la creaci\u00f3n de una Imagen Personal que se convierte en una herramienta de comunicaci\u00f3n efectiva para la interacci\u00f3n social al producir una Imagen F\u00edsica basada en la Imagen Interna, en donde se proyecta la segunda en la primera y se modula seg\u00fan el contexto, las actividades y el rol a realizar.<\/span><\/p>\n<p><b>Fuentes de consulta<\/b><\/p>\n<p><span style=\"font-weight: 400;\">Berger, John. <\/span><i><span style=\"font-weight: 400;\">Modos de ver<\/span><\/i><span style=\"font-weight: 400;\">. Espa\u00f1a: Gustavo Gili. 2016. Digital.<\/span><\/p>\n<p><span style=\"font-weight: 400;\">Foucault, Michel. <\/span><i><span style=\"font-weight: 400;\">Hermen\u00e9utica del sujeto<\/span><\/i><span style=\"font-weight: 400;\">. Argentina: Altamira, 1996. Digital.<\/span><\/p>\n<p><span style=\"font-weight: 400;\">Garrido, Luis. Rese\u00f1a de \u201cLa Teor\u00eda de la acci\u00f3n comunicativa\u201d de J. Habermas. Quito: Raz\u00f3n y Palabra, 2011. Digital.<\/span><\/p>\n<p><span style=\"font-weight: 400;\">Gobantes, Maite. Rese\u00f1a de \u201cLa interpretaci\u00f3n de la imagen: entre memoria, estereotipos y seducci\u00f3n\u201d de Martine Joly. Murcia: Sphera P\u00fablica, 2004. Digital.<\/span><\/p>\n<p><span style=\"font-weight: 400;\">Gordoa, V\u00edctor. <\/span><i><span style=\"font-weight: 400;\">El poder de la Imagen P\u00fablica<\/span><\/i><span style=\"font-weight: 400;\">. M\u00e9xico: De bolsillo, 2007. Impreso.<\/span><\/p>\n<p><span style=\"font-weight: 400;\">Gordoa, V\u00edctor. <\/span><i><span style=\"font-weight: 400;\">Imagolog\u00eda<\/span><\/i><span style=\"font-weight: 400;\">. M\u00e9xico: De Bolsillo, 2008. Impreso.<\/span><\/p>\n<p><span style=\"font-weight: 400;\">Habermas, J\u00fcrgen. <\/span><i><span style=\"font-weight: 400;\">Teor\u00eda de la acci\u00f3n comunicativa, 1<\/span><\/i><span style=\"font-weight: 400;\">. Buenos Aires: Taurus, 1999. Digital.<\/span><\/p>\n<p><span style=\"font-weight: 400;\">Silverman, Kaja. <\/span><i><span style=\"font-weight: 400;\">El umbral del mundo visible<\/span><\/i><span style=\"font-weight: 400;\">. M\u00e9xico: Akal Ediciones. 2009<\/span><\/p>\n<p><a href=\"http:\/\/dle.rae.es\"><span style=\"font-weight: 400;\">http:\/\/dle.rae.es<\/span><\/a><span style=\"font-weight: 400;\"> (2 diciembre 2021)<\/span><\/p>\n<p><b>Semblanza<\/b><\/p>\n<p><b>Rebeca Navarrete Mondrag\u00f3n<\/b><\/p>\n<p><b>Formaci\u00f3n acad\u00e9mica: <\/b><span style=\"font-weight: 400;\">licenciada en Dise\u00f1o y Publicidad en Moda por la Universidad Jannette Klein. Ha realizado estudios en torno al Dise\u00f1o de Imagen Personal, Empresarial y Personal Shopper en el Instituto de Dise\u00f1o de Imagen Profesional. Maestra en Comunicaci\u00f3n y Lenguajes Visuales por ICONOS, Instituto de Investigaci\u00f3n en Comunicaci\u00f3n y Cultura.<\/span><\/p>\n<p><b>Experiencia laboral: <\/b><span style=\"font-weight: 400;\">docente con diez a\u00f1os de experiencia en la Licenciaturas en Dise\u00f1o de Modas de diferentes universidades. Tambi\u00e9n ha impartido cursos y diplomados de temas relacionados con el Dise\u00f1o de Modas y la Consultor\u00eda en Imagen Personal.<\/span><\/p>\n<p><b>Correo: <\/b><span style=\"font-weight: 400;\">rebe.navarrete83@gmail.com<\/span><\/p>\n","protected":false},"excerpt":{"rendered":"<p>La Imagen Personal se refiere a la Imagen P\u00fablica de una persona y la Consultor\u00eda en Imagen Personal se encarga del proceso que configura la imagen f\u00edsica del individuo con base en su imagen interna. Para entender lo anterior es necesario conocer el concepto de la Imagen P\u00fablica, sus im\u00e1genes subordinadas y su uso como&#8230;  <a class=\"excerpt-read-more\" href=\"https:\/\/entretejidos.iconos.edu.mx\/thesite\/la-consultoria-en-imagen-y-la-construccion-de-la-imagen-personal-como-herramienta-de-interaccion-social\/\" title=\"Read La Consultor\u00eda en imagen y la construcci\u00f3n de la Imagen Personal como herramienta de interacci\u00f3n social\">Leer m\u00e1s &raquo;<\/a><\/p>\n","protected":false},"author":66,"featured_media":6392,"comment_status":"open","ping_status":"open","sticky":false,"template":"","format":"standard","meta":{"_acf_changed":false,"_monsterinsights_skip_tracking":false,"_monsterinsights_sitenote_active":false,"_monsterinsights_sitenote_note":"","_monsterinsights_sitenote_category":0,"footnotes":""},"categories":[4],"tags":[811,809,810,807,808,812],"coauthors":[364],"class_list":["post-6216","post","type-post","status-publish","format-standard","has-post-thumbnail","hentry","category-lenguajes-visuales","tag-consultoria-en-imagen","tag-imagen-externa","tag-imagen-fisica","tag-imagen-personal","tag-imagen-publica","tag-ser"],"acf":[],"_links":{"self":[{"href":"https:\/\/entretejidos.iconos.edu.mx\/thesite\/wp-json\/wp\/v2\/posts\/6216","targetHints":{"allow":["GET"]}}],"collection":[{"href":"https:\/\/entretejidos.iconos.edu.mx\/thesite\/wp-json\/wp\/v2\/posts"}],"about":[{"href":"https:\/\/entretejidos.iconos.edu.mx\/thesite\/wp-json\/wp\/v2\/types\/post"}],"author":[{"embeddable":true,"href":"https:\/\/entretejidos.iconos.edu.mx\/thesite\/wp-json\/wp\/v2\/users\/66"}],"replies":[{"embeddable":true,"href":"https:\/\/entretejidos.iconos.edu.mx\/thesite\/wp-json\/wp\/v2\/comments?post=6216"}],"version-history":[{"count":10,"href":"https:\/\/entretejidos.iconos.edu.mx\/thesite\/wp-json\/wp\/v2\/posts\/6216\/revisions"}],"predecessor-version":[{"id":6378,"href":"https:\/\/entretejidos.iconos.edu.mx\/thesite\/wp-json\/wp\/v2\/posts\/6216\/revisions\/6378"}],"wp:featuredmedia":[{"embeddable":true,"href":"https:\/\/entretejidos.iconos.edu.mx\/thesite\/wp-json\/wp\/v2\/media\/6392"}],"wp:attachment":[{"href":"https:\/\/entretejidos.iconos.edu.mx\/thesite\/wp-json\/wp\/v2\/media?parent=6216"}],"wp:term":[{"taxonomy":"category","embeddable":true,"href":"https:\/\/entretejidos.iconos.edu.mx\/thesite\/wp-json\/wp\/v2\/categories?post=6216"},{"taxonomy":"post_tag","embeddable":true,"href":"https:\/\/entretejidos.iconos.edu.mx\/thesite\/wp-json\/wp\/v2\/tags?post=6216"},{"taxonomy":"author","embeddable":true,"href":"https:\/\/entretejidos.iconos.edu.mx\/thesite\/wp-json\/wp\/v2\/coauthors?post=6216"}],"curies":[{"name":"wp","href":"https:\/\/api.w.org\/{rel}","templated":true}]}}