{"id":6944,"date":"2024-03-28T11:35:33","date_gmt":"2024-03-28T17:35:33","guid":{"rendered":"https:\/\/entretejidos.iconos.edu.mx\/thesite\/?p=6944"},"modified":"2024-06-28T12:20:42","modified_gmt":"2024-06-28T18:20:42","slug":"tres-experiencias-de-mediacion-cultural-en-espacios-de-exhibicion-de-arte","status":"publish","type":"post","link":"https:\/\/entretejidos.iconos.edu.mx\/thesite\/tres-experiencias-de-mediacion-cultural-en-espacios-de-exhibicion-de-arte\/","title":{"rendered":"Tres experiencias de mediaci\u00f3n cultural en espacios de exhibici\u00f3n de arte."},"content":{"rendered":"<p>Este art\u00edculo busca mostrar las experiencias de la mediaci\u00f3n cultural en tres espacios de exhibici\u00f3n de arte distintos, el primero el Museo de Nacional Centro de Arte Reina Sof\u00eda en Espa\u00f1a (en adelante MNCARS), donde la figura del mediador cultural ha desarrollado m\u00e9todos de acercamiento que propician el di\u00e1logo entre la obra y el p\u00fablico en las instalaciones del propio recinto. El segundo espacio analizado es el trabajo de Ronda Cultural, una Asociaci\u00f3n Civil que naci\u00f3 como un esfuerzo del Ministerio de Cultura de Argentina, cuyo prop\u00f3sito es atraer a las comunidades hacia distintos espacios de exhibici\u00f3n para interesarlos en el arte y las narrativas culturales. Finalmente se revisa el caso de Espacio Diana, un centro cultural en Chile que ha integrado al espectador desde la participaci\u00f3n democr\u00e1tica, tomando en cuenta su opini\u00f3n en la decisi\u00f3n de lo que ah\u00ed se expone.<\/p>\n<p><strong>Palabras clave:<\/strong> mediaci\u00f3n cultural, lugares de exhibici\u00f3n, comunidades, narrativas, comunicaci\u00f3n.<\/p>\n<p><strong><em>Abstract<\/em><\/strong><\/p>\n<p><em>This article shows the experiences of cultural mediation in three different art exhibition spaces. The first one is the <\/em>Museo de Nacional Centro de Arte Reina Sof\u00eda (MNCARS) in Spain<em> where the cultural mediator has developed methods to approach a dialogue between the artworks and the public in the museum itself. The second space is the work of <\/em>Ronda Cultural<em>, a Civil Association that was established by the Ministry of Culture of Argentina in order to attract communities to different exhibition spaces and spark their interest in art and cultural narratives. Finally, the case of <\/em>Espacio Diana <em>is analyzed. This is a cultural center in Chile which has integrated the viewers\u2019 opinions in the sense of democratic participation when deciding on the contents of the exhibition.<\/em><\/p>\n<p><strong><em>Keywords:<\/em><\/strong><em> cultural mediation, exhibit places, comunities, storytelling, comunication.<\/em><\/p>\n<p><strong>J\u00f1i\u2019i k\u2019o para kja joku<\/strong><strong>\u0337<\/strong><strong> nga\u0331ra\u0331 kja xu<\/strong><strong>\u0337<\/strong><strong> tju<\/strong><strong>\u0337<\/strong><strong> kja k\u2019u<\/strong><strong>\u0337<\/strong><strong> ra j\u00f1andu<\/strong><strong>\u0337<\/strong><strong> ji kja k\u2019o kjaa yo tee mi na zoo.<\/strong><\/p>\n<p><strong>\u00a0<\/strong><strong>Ra tsapu<\/strong><strong>\u0337<\/strong><strong> ts\u2019ike j\u00f1aa<\/strong><\/p>\n<p><strong>\u00a0<\/strong>Nuna un artikulo jyod\u2018u\u0337 jichi yo ko pa\u0331ra\u0331 kja ne joku\u0337 nga\u0331ra\u0331 k\u2019a j\u00f1i\u2019i kja xu\u0337 tju\u0337 kja k\u2019u\u0337 ra j\u00f1andu\u0337 ji kja k\u2019o kjaa yo tee mi na zoo n\u2019a\u00f1o, ne daja ne Museo kja Nacional Centro kja Arte Reina Sofia kja Espa\u00f1a (k\u2019a a xo\u2019\u00f1i MNCARS), un mu\u0337 ne bu\u0337ntjo kja joku\u0337 nga\u0331ra\u0331 a ra tee a kjanu kja kuatu\u0337 pje ch<u>u<\/u>nbi ne \u00f1aa nde ne be\u0337pji \u00f1e ne texe yo tee kja ye ngich\u2019i sibi kja chje\u0337jui nunu. Ne yechp\u2019e xu\u0337 tju\u0337 jyod\u2019u\u0337 \u00f1\u2019iji in ne be\u0337pji kja e Ronda Cultural, daja Asociaci\u00f3n Civil pje mus\u2019u\u0337 nza kja naja jyad\u2019u\u0337 kjaa ne Ministerio de Cultura de Argentina, kjo nge k\u2019o nee ra tsjaa ne tuu o ye tee a manu n\u2019a\u00f1o xu\u0337tju\u0337 kja k\u2019u\u0337 ra j\u00f1andu\u0337 ji mbara \u00f1anteji kja ne k\u2019o kjaa yo tee mi na zoo \u00f1 ene pezhe nga\u0331ra\u0331. Mbara nguaru\u0337 kjaa yepe ra nuu ne po kja Espacio Diana, daja a ndee nga\u0331ra\u0331 kja Chile pje a ra jmutu\u0337 ne b\u2019u\u0337 b\u2019u\u0337 ndeze ne kjaa pjoxte ra s\u2019iya k\u00f3 j\u00f1aa, ndu\u0337nru\u0337 in k\u00fa mamu\u0337 kja ne pju\u0337 ru\u0337 b\u2019e\u0337pji kja o nujnu ne na\u0337mba\u0337 tjuu.<\/p>\n<p><strong>J\u00f1a\u2019a na joo<\/strong>: joku\u0337 nga\u0331ra\u0331, k\u2019a b\u2019u\u0337b\u2019u\u0337 kja k\u2019u\u0337 ra j\u00f1andu\u0337ji, ye tee, pezhe nga\u0331ra\u0331, o xipji.<\/p>\n<p>Traducci\u00f3n a la lengua mazahua, variante occidente del Estado de M\u00e9xico: Daniela Canuto Jer\u00f3nimo.<\/p>\n<p><a href=\"https:\/\/entretejidos.iconos.edu.mx\/thesite\/wp-content\/uploads\/2024\/05\/mediacion_exhibicion_ok.pdf\">PDF<\/a><\/p>\n<p><!--more--><\/p>\n<p><strong>Introducci\u00f3n<\/strong><\/p>\n<p>La mediaci\u00f3n cultural es una actividad necesaria, esto porque permite vincular a las comunidades, transformar realidades, involucrar creadores con consumidores, audiencias, p\u00fablicos y espectadores, desde el fomento de di\u00e1logos para la construcci\u00f3n e integraci\u00f3n sociales. El objetivo de este art\u00edculo es dar a conocer las acciones de la mediaci\u00f3n cultural en tres espacios de exhibici\u00f3n, MNCARS, Ronda Cultural y Espacio Diana, para ejemplificar acciones que han funcionado para el acercamiento con p\u00fablicos hasta espectadores dentro y fuera de espacios tradicionalmente planteados para la exhibici\u00f3n del arte.<\/p>\n<p>La pregunta que se busca responder en este art\u00edculo es \u00bfqu\u00e9 acciones de mediaci\u00f3n cultural han funcionado para atraer tanto al p\u00fablico como a espectadores a la experiencia de la b\u00fasqueda de exhibici\u00f3n del arte? Como hip\u00f3tesis se parte de que, el \u00e9xito de las acciones para el acercamiento del p\u00fablico al arte depende que el mediador dise\u00f1e experiencias, que se adapten a distintos usuarios para conseguir que los visitantes se interesen y se vuelvan espectadores fieles al consumo de arte.<\/p>\n<p>La metodolog\u00eda que se sigue es la revisi\u00f3n de los casos en los referentes de sus documentos electr\u00f3nicos, videos y redes como evidencia del trabajo y acciones que siguen para tener \u00e9xito en sus procesos de mediaci\u00f3n cultural, con esto se hace un recuento de operaciones para responder a la pregunta del art\u00edculo para contrastar con la hip\u00f3tesis que se plantea; para la realizaci\u00f3n de este art\u00edculo se analizan las propuestas del MNCARS, Ronda Cultural y Espacio Diana. La perspectiva que se sigue es documental, con revisi\u00f3n de materiales, videos y evidencias electr\u00f3nicas, propias de los casos analizados, que permiten observar las acciones que han seguido para establecer una comunicaci\u00f3n efectiva con sus comunidades.<\/p>\n<p>Para este an\u00e1lisis se utiliz\u00f3 el motor de b\u00fasqueda para videos de la plataforma YouTube, con el t\u00e9rmino mediaci\u00f3n cultural; el criterio fue encontrar experiencias que tengan continuidad m\u00e1s all\u00e1 de la pandemia, que se puedan replicar en otros espacios, que se den en comunidades de habla hispana, con acciones claras en programas de mediaci\u00f3n cultural, fuera de M\u00e9xico, con el prop\u00f3sito de dar a conocer acciones que se puedan adoptar y adaptar a la propia experiencia del pa\u00eds.<\/p>\n<ol>\n<li><strong>1, Mediaci\u00f3n Cultural Museos<\/strong><\/li>\n<li><strong>(caso de estudio, Espa\u00f1a, Museo Nacional Centro de Arte Reina Sof\u00eda)<\/strong><\/li>\n<\/ol>\n<p>La importancia del arte en la vida humana la expone Clifford Geertz como una acci\u00f3n performativa que transforma significados e historias en las culturas, esto implica que la experiencia est\u00e9tica involucra de manera sensible y personal al p\u00fablico que se acerca a \u00e9l, aun cuando no comparta referentes previos, porque algo se conecta con la experiencia cultural del individuo. Seg\u00fan Imanol Aguirre, el arte es parte de la representaci\u00f3n profunda de los hechos culturales, mientras sintetiza valores y socializa experiencias por medio del lenguaje de lo sensible (Aguirre 2008 2-5). Atendiendo a las propuestas del arte como una representaci\u00f3n cultura de una comunidad, se podr\u00eda considerar que la importancia del acercamiento de distintas culturas al arte tiene profunda relaci\u00f3n con el desarrollo de valores y significantes que son propios de la construcci\u00f3n de identidades, no limitativa, no excluyente, pero s\u00ed enriquecedora.<\/p>\n<p>Si bien el arte es parte de los bienes nacionales e internacionales, no siempre est\u00e1 cercano al p\u00fablico por diversos factores, entre otros y quiz\u00e1s uno de los m\u00e1s dolorosos es el miedo a la falibilidad en la interpretaci\u00f3n art\u00edstica, parece haber una percepci\u00f3n de que la experiencia est\u00e9tica, no es para todos, escapa al goce y a la exaltaci\u00f3n, a la reflexi\u00f3n, y a la curiosidad; de tal suerte que si alguien externo al museo, quisiera entrar, puede coincidir con un gu\u00eda que a manera de ex\u00e9geta<a href=\"#_ftn1\" name=\"_ftnref1\"><span id='easy-footnote-1-6944' class='easy-footnote-margin-adjust'><\/span><span class='easy-footnote'><a href='https:\/\/entretejidos.iconos.edu.mx\/thesite\/tres-experiencias-de-mediacion-cultural-en-espacios-de-exhibicion-de-arte\/#easy-footnote-bottom-1-6944' title='&lt;\/a&gt;&lt;a href=&quot;#_ftnref1&quot; name=&quot;_ftn1&quot;&gt;[1]&lt;\/a&gt;&lt;a href=&quot;#_ftn1&quot; name=&quot;_ftnref1&quot;&gt; Un ex\u00e9geta, hist\u00f3ricamente fue el personaje que en la tradici\u00f3n teol\u00f3gica era capaz de explicar las leyes desde el punto de vista del legislador, dado que no siempre eran de f\u00e1cil interpretaci\u00f3n. Para hacer su labor, requer\u00eda de investigaci\u00f3n y conocimiento de las circunstancias en las que se inscrib\u00edan las leyes, y que se requer\u00eda para poder mediar en temas de litigio en donde el dogma religioso era el C\u00f3digo de Derecho Can\u00f3nico. (Herbada 2007 92) Actualmente los ex\u00e9getas son personas con un conocimiento basto sobre alg\u00fan tema, por lo regular el t\u00e9rmino ex\u00e9geta se utiliza para nombrar a los expertos en arte.'><sup>1<\/sup><\/a><\/span><\/a> de la interpretaci\u00f3n del arte, le iluminar\u00e1 acerca de lo que le est\u00e1 permitido ver, sentir y pensar acerca de la obra expuesta, parece simple, pero puede constituirse en un acto de p\u00e9rdida del poder en la democratizaci\u00f3n del arte. Es ah\u00ed donde el mediador puede ser un puente que propicie la comunicaci\u00f3n abierta, si se observa al arte como a las estrellas por la noche, podr\u00edan las comunidades transformarse, del mismo modo que hist\u00f3ricamente la contemplaci\u00f3n permiti\u00f3 que distintas culturas contaran historias \u00e9picas sobre guerreros y dioses, y as\u00ed dieron sentido a sus identidades. Los valores en mitos tienen narrativas como las de los gemelos con Castor y Polux<a href=\"#_ftn2\" name=\"_ftnref2\"><span id='easy-footnote-2-6944' class='easy-footnote-margin-adjust'><\/span><span class='easy-footnote'><a href='https:\/\/entretejidos.iconos.edu.mx\/thesite\/tres-experiencias-de-mediacion-cultural-en-espacios-de-exhibicion-de-arte\/#easy-footnote-bottom-2-6944' title='&lt;\/a&gt;&lt;a href=&quot;#_ftnref2&quot; name=&quot;_ftn2&quot;&gt;[2]&lt;\/a&gt;&lt;a href=&quot;#_ftn2&quot; name=&quot;_ftnref2&quot;&gt; Gemelos mitol\u00f3gicos, dioscuros, dioses que cuidaban a los soldados y los marineros, por estar como estrellas gu\u00eda, hijos de Leda con dos padres, Zeus de Polux y Tindareo de C\u00e1stor, son estrellas de la constelaci\u00f3n de G\u00e9minis. (Wilkinson 2020 73,83)'><sup>2<\/sup><\/a><\/span><\/a>, o Xolotl<a href=\"#_ftn3\" name=\"_ftnref3\"><span id='easy-footnote-3-6944' class='easy-footnote-margin-adjust'><\/span><span class='easy-footnote'><a href='https:\/\/entretejidos.iconos.edu.mx\/thesite\/tres-experiencias-de-mediacion-cultural-en-espacios-de-exhibicion-de-arte\/#easy-footnote-bottom-3-6944' title='&lt;\/a&gt;&lt;a href=&quot;#_ftnref3&quot; name=&quot;_ftn3&quot;&gt;[3]&lt;\/a&gt;&lt;a href=&quot;#_ftn3&quot; name=&quot;_ftnref3&quot;&gt; Xolotl, el Dios perro, de la mitolog\u00eda nahua, que se corresponde con el planeta Venus. (Secretar\u00eda de Cultura 2020 p\u00e1rrafos 1-14)'><sup>3<\/sup><\/a><\/span><\/a>, figuras m\u00edticas que se representan en los astros cuya funci\u00f3n era acompa\u00f1ar al alma mortal y mostrar el aspecto fraterno de sus culturas; en el caso de Polux, un ser inmortal, al acompa\u00f1ar a su valiente gemelo Castor hasta lograr negociar la inmortalidad de su hermano; otro ejemplo en mitolog\u00eda nahua es el de Xolotl, el dios gemelo y estrella de tarde, que apoya en su labor a la estrella de la ma\u00f1ana, iluminando el mundo; Xolotl, representado en el cuerpo animal del perro, cuyas caracter\u00edsticas son las de un dios que adem\u00e1s es el alma gemela y fiel acompa\u00f1ante del ser a trav\u00e9s del inframundo. En ambos casos el esp\u00edritu de hermandad de sus culturas de origen se enaltece. En la construcci\u00f3n de los mitos que hablan sobre la fraternidad de los pueblos, las culturas pudieron ver sus valores e historias retratados en la experiencia sensible del observar el firmamento, como un pretexto que resignificaba la performatividad art\u00edstica en muros, escultura y distintas representaciones.<\/p>\n<p>Otros ejemplos, que podr\u00edan considerarse universales son las construcciones culturales del mito del sol, entre ellas Tonatiuh, Apolo o Malina (dioses del sol n\u00e1huatl, griego e inuit respectivamente), fueron la representaci\u00f3n del astro m\u00e1s grande en el cielo, como inspiraci\u00f3n de vida, arte y fuerza, respectivamente. En este art\u00edculo se considera que el arte debe ser el fuego de los dioses devuelto a los p\u00fablicos (considerando la multiplicidad de ellos), en donde cada mediador como Prometeo<a href=\"#_ftn1\" name=\"_ftnref1\"><span id='easy-footnote-4-6944' class='easy-footnote-margin-adjust'><\/span><span class='easy-footnote'><a href='https:\/\/entretejidos.iconos.edu.mx\/thesite\/tres-experiencias-de-mediacion-cultural-en-espacios-de-exhibicion-de-arte\/#easy-footnote-bottom-4-6944' title='&lt;\/a&gt;&lt;a href=&quot;#_ftnref1&quot; name=&quot;_ftn1&quot;&gt;[4]&lt;\/a&gt;&lt;a href=&quot;#_ftn1&quot; name=&quot;_ftnref1&quot;&gt; El mito griego de Prometeo narra como roba el fuego a los dioses para proveerlo a los hombres de tal modo que pudieran calentarse, utilizarlo para sacrificios y alimentos.'><sup>4<\/sup><\/a><\/span><\/a>, tiene el compromiso de atraer el objeto para poder interpretarlo y recrearlo en las distintas cosmovisiones performativas culturales de manera democr\u00e1tica, para que cada comunidad tenga la posibilidad de contar nuevas leyendas y resignificar desde sus valores, aquello que les representa y conmueve.<\/p>\n<p>En concordancia con el permitir releer la obra de arte los mediadores culturales del MNCARS hacen de su intervenci\u00f3n un nexo entre el espectador y la obra; el departamento de mediaci\u00f3n cultural tiene clara su funci\u00f3n, que es acercar al p\u00fablico y propiciar la reflexi\u00f3n en torno a la obra de arte. Los mediadores culturales esperan en las salas para contextualizar y generar discusi\u00f3n, no para educar, ni para formar, sino para ayudar a que se d\u00e9 el di\u00e1logo, de manera natural. Para acercar la obra al p\u00fablico se hace patente que no hay un tipo de usuario \u00fanico, por lo que en el museo contempla el \u00e1rea de interpretaci\u00f3n de lenguas, con un espacio especialmente dedicado a la exhibici\u00f3n de materiales sonoros, visuales, de lectura, audiovisuales, entre otros, esto para adaptarse a las necesidades de sus visitantes.<\/p>\n<p>El arte en los museos cuenta historias y revive experiencias que pueden ser olfativas, h\u00e1pticas, degustativas, ic\u00f3nicas y ecoicas<a href=\"#_ftn5\" name=\"_ftnref5\"><span id='easy-footnote-5-6944' class='easy-footnote-margin-adjust'><\/span><span class='easy-footnote'><a href='https:\/\/entretejidos.iconos.edu.mx\/thesite\/tres-experiencias-de-mediacion-cultural-en-espacios-de-exhibicion-de-arte\/#easy-footnote-bottom-5-6944' title='&lt;\/a&gt;&lt;a href=&quot;#_ftnref5&quot; name=&quot;_ftn5&quot;&gt;[5]&lt;\/a&gt;&lt;a href=&quot;#_ftn5&quot; name=&quot;_ftnref5&quot;&gt; Se considera en t\u00e9rminos de la neuropsicolog\u00eda que la memoria sensorial se activa seg\u00fan las caracter\u00edsticas del est\u00edmulo que se recibe. Un est\u00edmulo combinado promueve la memoria de largo plazo, es decir una memoria que supera los seis meses y se establece como parte de las vivencias que definen al ser. Las memorias sensoriales pueden ser ecoica-auditiva, h\u00e1ptica-t\u00e1ctil, ic\u00f3nica-visual, olfativa y gustativa, asociadas con los sentidos, activan zonas distintas del cerebro que al combinarse con la verbalizaci\u00f3n, localizada en la fisura de Silvio promueven recuerdos significativos. Las memorias sensoriales son disparadores de memoria de largo plazo, esto es aprovechado por el neuromarketing, cuesti\u00f3n que podr\u00eda suponer una oportunidad de acci\u00f3n para promover experiencias significativas en la propuesta de mediaci\u00f3n cultural del arte. (Kumar 2015 528-529)'><sup>5<\/sup><\/a><\/span><\/a>, hay tantos elementos perceptuales que la obra puede vivirse de manera dial\u00f3gica m\u00e1s all\u00e1 del tiempo, entre la expresi\u00f3n de una era y la revisi\u00f3n de otra, en un ejercicio sinest\u00e9sico podr\u00edamos preguntarnos \u00bfa qu\u00e9 huele, c\u00f3mo se oye y c\u00f3mo se siente \u00a0el \u201cGuernica\u201d ?, con la pregunta detonadora se puede impulsar al espectador a vincular la experiencia en la que se involucren los sentidos, formar recuerdos y resignificar nuestra identidad y valores, de tal forma que le conmueva hasta transformarle. El problema se encuentra cuando el contacto con la experiencia art\u00edstica se limita a lo que cuenta otro, porque el di\u00e1logo se interrumpe y se aleja del p\u00fablico de la reflexi\u00f3n.<\/p>\n<div id=\"attachment_7246\" style=\"width: 1334px\" class=\"wp-caption aligncenter\"><a href=\"https:\/\/entretejidos.iconos.edu.mx\/thesite\/wp-content\/uploads\/2024\/05\/Mediacion_01.png.png\"><img loading=\"lazy\" decoding=\"async\" aria-describedby=\"caption-attachment-7246\" class=\"wp-image-7246 size-full\" src=\"https:\/\/entretejidos.iconos.edu.mx\/thesite\/wp-content\/uploads\/2024\/05\/Mediacion_01.png.png\" alt=\"Fig 1. Guernica de Pablo Picasso, exhibici\u00f3n del Museo Nacional Centro de Arte Reina Sof\u00eda Picasso, Pablo. \u201cGuernica\u201d. Exhibici\u00f3n Museo Nacional Centro de Arte Reina Sof\u00eda. 1937. https:\/\/www.museoreinasofia.es\/coleccion\/obra\/guernica\" width=\"1324\" height=\"597\" srcset=\"https:\/\/entretejidos.iconos.edu.mx\/thesite\/wp-content\/uploads\/2024\/05\/Mediacion_01.png.png 1324w, https:\/\/entretejidos.iconos.edu.mx\/thesite\/wp-content\/uploads\/2024\/05\/Mediacion_01.png-300x135.png 300w, https:\/\/entretejidos.iconos.edu.mx\/thesite\/wp-content\/uploads\/2024\/05\/Mediacion_01.png-1024x462.png 1024w, https:\/\/entretejidos.iconos.edu.mx\/thesite\/wp-content\/uploads\/2024\/05\/Mediacion_01.png-768x346.png 768w\" sizes=\"auto, (max-width: 1324px) 100vw, 1324px\" \/><\/a><p id=\"caption-attachment-7246\" class=\"wp-caption-text\">Fig 1. Guernica de Pablo Picasso, exhibici\u00f3n del Museo Nacional Centro de Arte Reina Sof\u00eda Picasso, Pablo. \u201cGuernica\u201d. Exhibici\u00f3n Museo Nacional Centro de Arte Reina Sof\u00eda. 1937. https:\/\/www.museoreinasofia.es\/coleccion\/obra\/guernica<\/p><\/div>\n<p>El comprender que la percepci\u00f3n es la conexi\u00f3n que se mantiene con el mundo y provocar la sensopercepci\u00f3n en el museo, permitir\u00eda la interacci\u00f3n del universo sensible con el espectador desde sus experiencias propias, esto para posibilitar que se redescubra en el arte.<\/p>\n<p>La mediaci\u00f3n tiene contemplados los sentidos visual y auditivo en las salas de atenci\u00f3n en el MNCARS, en el que adem\u00e1s hay dos tipos de atenci\u00f3n, el primero consiste en mantener a los mediadores presentes en las salas de exhibici\u00f3n durante todo el horario de atenci\u00f3n al p\u00fablico, a la espera de las personas que lleguen. El segundo es la atenci\u00f3n a visitas y actividades programadas.<\/p>\n<div id=\"attachment_7247\" style=\"width: 1328px\" class=\"wp-caption aligncenter\"><a href=\"https:\/\/entretejidos.iconos.edu.mx\/thesite\/wp-content\/uploads\/2024\/05\/Mediacion_02.png.png\"><img loading=\"lazy\" decoding=\"async\" aria-describedby=\"caption-attachment-7247\" class=\"wp-image-7247 size-full\" src=\"https:\/\/entretejidos.iconos.edu.mx\/thesite\/wp-content\/uploads\/2024\/05\/Mediacion_02.png.png\" alt=\"Figura 2. Espacio dedicado a la mediaci\u00f3n del sitio web del Museo Nacional Centro de Arte Reina Sof\u00eda. Museo Nacional Centro de Arte Reina Sof\u00eda. \u201dMediaci\u00f3n\u201d. Sitio web del Museo Nacional Centro de Arte Reina Sof\u00eda. 00-00-2021 Web 20-10-2021\" width=\"1318\" height=\"588\" srcset=\"https:\/\/entretejidos.iconos.edu.mx\/thesite\/wp-content\/uploads\/2024\/05\/Mediacion_02.png.png 1318w, https:\/\/entretejidos.iconos.edu.mx\/thesite\/wp-content\/uploads\/2024\/05\/Mediacion_02.png-300x134.png 300w, https:\/\/entretejidos.iconos.edu.mx\/thesite\/wp-content\/uploads\/2024\/05\/Mediacion_02.png-1024x457.png 1024w, https:\/\/entretejidos.iconos.edu.mx\/thesite\/wp-content\/uploads\/2024\/05\/Mediacion_02.png-768x343.png 768w\" sizes=\"auto, (max-width: 1318px) 100vw, 1318px\" \/><\/a><p id=\"caption-attachment-7247\" class=\"wp-caption-text\">Figura 2. Espacio dedicado a la mediaci\u00f3n del sitio web del Museo Nacional Centro de Arte Reina Sof\u00eda. Museo Nacional Centro de Arte Reina Sof\u00eda. \u201dMediaci\u00f3n\u201d. Sitio web del Museo Nacional Centro de Arte Reina Sof\u00eda. 00-00-2021 Web 20-10-2021<\/p><\/div>\n<p>En la activaci\u00f3n por el sentido de la vista y el o\u00eddo, las visitas comentadas son una manera que ha resultado efectiva para programar un recorrido personalizado; no se trata de visitas guiadas, no hay hoja de sala<a href=\"#_ftn6\" name=\"_ftnref6\"><span id='easy-footnote-6-6944' class='easy-footnote-margin-adjust'><\/span><span class='easy-footnote'><a href='https:\/\/entretejidos.iconos.edu.mx\/thesite\/tres-experiencias-de-mediacion-cultural-en-espacios-de-exhibicion-de-arte\/#easy-footnote-bottom-6-6944' title='&lt;\/a&gt;&lt;a href=&quot;#_ftnref6&quot; name=&quot;_ftn6&quot;&gt;[6]&lt;\/a&gt;&lt;a href=&quot;#_ftn6&quot; name=&quot;_ftnref6&quot;&gt; Las hojas de sala son documentos tama\u00f1o carta impresos que en algunas ocasiones se colocan a la entrada de una sala de exhibici\u00f3n, son elementos museogr\u00e1ficos de acompa\u00f1amiento en donde el curador de exposici\u00f3n, desarrolla el gui\u00f3n de ayuda para que los visitantes del museo puedan seguir la narrativa propuesta y as\u00ed comprender las obras, contexto y la intenci\u00f3n del autor o los autores.'><sup>6<\/sup><\/a><\/span><\/a>, ni un gui\u00f3n, esto pretende que en la visita comentada, el mediador cultural est\u00e9 en las salas para provocar la conversaci\u00f3n acerca de lo expuesto. Las visitas comentadas, se trabajan como di\u00e1logo abierto al grupo que acude, en donde se evita educar dado que su objetivo principal es comprender la experiencia del grupo al que se atiende y fomentar la participaci\u00f3n para que la experiencia con la obra se d\u00e9 con la profundidad e intereses que el p\u00fablico solicite. En la siguiente imagen, de la p\u00e1gina de \u201cMediaci\u00f3n\u201d en el sitio <em>web<\/em> del MNCARS, se puede constatar la oferta de las visitas comentadas.<\/p>\n<div id=\"attachment_7248\" style=\"width: 912px\" class=\"wp-caption aligncenter\"><a href=\"https:\/\/entretejidos.iconos.edu.mx\/thesite\/wp-content\/uploads\/2024\/05\/Mediacion_03.png.png\"><img loading=\"lazy\" decoding=\"async\" aria-describedby=\"caption-attachment-7248\" class=\"wp-image-7248 size-full\" src=\"https:\/\/entretejidos.iconos.edu.mx\/thesite\/wp-content\/uploads\/2024\/05\/Mediacion_03.png.png\" alt=\"Figura 3. Ejemplo de las visitas comentadas en la mediaci\u00f3n del Museo Nacional Centro de Arte Reina Sof\u00eda.Museo Nacional Centro de Arte Reina Sof\u00eda. \u201dMediaci\u00f3n\u201d. Sitio web del Museo Nacional Centro de Arte Reina Sof\u00eda. 00-00-2021 Web 20-10-2021 &lt;URL&gt;\" width=\"902\" height=\"741\" srcset=\"https:\/\/entretejidos.iconos.edu.mx\/thesite\/wp-content\/uploads\/2024\/05\/Mediacion_03.png.png 902w, https:\/\/entretejidos.iconos.edu.mx\/thesite\/wp-content\/uploads\/2024\/05\/Mediacion_03.png-300x246.png 300w, https:\/\/entretejidos.iconos.edu.mx\/thesite\/wp-content\/uploads\/2024\/05\/Mediacion_03.png-768x631.png 768w\" sizes=\"auto, (max-width: 902px) 100vw, 902px\" \/><\/a><p id=\"caption-attachment-7248\" class=\"wp-caption-text\">Figura 3. Ejemplo de las visitas comentadas en la mediaci\u00f3n del Museo Nacional Centro de Arte Reina Sof\u00eda. Museo Nacional Centro de Arte Reina Sof\u00eda. \u201dMediaci\u00f3n\u201d. Sitio web del Museo Nacional Centro de Arte Reina Sof\u00eda. 00-00-2021 Web 20-10-2021<\/p><\/div>\n<p>El enfoque de la mediaci\u00f3n es comprender que quiere ver, aprender o saber el visitante, para ese prop\u00f3sito todos sus mediadores son personas que estudiaron historia o un grado de especialidad en arte.<\/p>\n<p>El objetivo principal de las visitas comentadas es, incentivar al p\u00fablico a argumentar, con modelos trasversales de comunicaci\u00f3n entre el arte, la realidad social, lo pol\u00edtico y lo antropol\u00f3gico, para construir conocimiento entre todos como comunidad, se puede consultarse el video \u201cMediaci\u00f3n Cultural\u201d que se encuentra en la plataforma YouTube, publicado por el MNCARS (Museo Nacional Centro de Arte Reina Sof\u00eda 2013 5:06 \u2013 5:30 min) &lt;<a href=\"https:\/\/www.youtube.com\/watch?v=XBgkG9_eDos\">URL<\/a>&gt;<\/p>\n<div id=\"attachment_7249\" style=\"width: 792px\" class=\"wp-caption aligncenter\"><a href=\"https:\/\/entretejidos.iconos.edu.mx\/thesite\/wp-content\/uploads\/2024\/05\/Mediacion_04.png.png\"><img loading=\"lazy\" decoding=\"async\" aria-describedby=\"caption-attachment-7249\" class=\"wp-image-7249 size-full\" src=\"https:\/\/entretejidos.iconos.edu.mx\/thesite\/wp-content\/uploads\/2024\/05\/Mediacion_04.png.png\" alt=\"Figura 4. Captura de pantalla del video dedicado a la mediaci\u00f3n cultural del Museo Nacional Centro de Arte Reina Sof\u00eda, en YouTube.Mediaci\u00f3n cultural. Museo Nacional Centro de Arte Reina Sof\u00eda. YouTube 07-09-2013 Web 19-10-2021 &lt;URL&gt;\" width=\"782\" height=\"708\" srcset=\"https:\/\/entretejidos.iconos.edu.mx\/thesite\/wp-content\/uploads\/2024\/05\/Mediacion_04.png.png 782w, https:\/\/entretejidos.iconos.edu.mx\/thesite\/wp-content\/uploads\/2024\/05\/Mediacion_04.png-300x272.png 300w, https:\/\/entretejidos.iconos.edu.mx\/thesite\/wp-content\/uploads\/2024\/05\/Mediacion_04.png-768x695.png 768w\" sizes=\"auto, (max-width: 782px) 100vw, 782px\" \/><\/a><p id=\"caption-attachment-7249\" class=\"wp-caption-text\">Figura 4. Captura de pantalla del video dedicado a la mediaci\u00f3n cultural del Museo Nacional Centro de Arte Reina Sof\u00eda, en YouTube. Mediaci\u00f3n cultural. Museo Nacional Centro de Arte Reina Sof\u00eda. YouTube 07-09-2013 Web 19-10-2021<\/p><\/div>\n<p>Los mediadores que narran su experiencia en el museo, comentan que su labor les obliga a estudiar siempre, conocer la l\u00ednea del curador<a href=\"#_ftn7\" name=\"_ftnref7\"><span id='easy-footnote-7-6944' class='easy-footnote-margin-adjust'><\/span><span class='easy-footnote'><a href='https:\/\/entretejidos.iconos.edu.mx\/thesite\/tres-experiencias-de-mediacion-cultural-en-espacios-de-exhibicion-de-arte\/#easy-footnote-bottom-7-6944' title='&lt;\/a&gt;&lt;a href=&quot;#_ftnref7&quot; name=&quot;_ftn7&quot;&gt;[7]&lt;\/a&gt;&lt;a href=&quot;#_ftn7&quot; name=&quot;_ftnref7&quot;&gt; El curador es el experto en la obra o l\u00ednea de desarrollo de un autor, colectivo o momento, que puede desarrollar la narrativa de una exposici\u00f3n considerando, las obras a exponer, el espacio, las condiciones ambientales, los cuidados de conservaci\u00f3n y cuestiones socioculturales en las que se presentar\u00e1 una exhibici\u00f3n.'><sup>7<\/sup><\/a><\/span><\/a>, adaptar los discursos a los p\u00fablicos que se acercan, escuchar y aprender del visitante que llega al museo, considerando sus condiciones e inclusi\u00f3n en el espacio. (Museo Nacional Centro de Arte Reina Sof\u00eda 2013 5:30 \u2013 6:00 min &lt;<a href=\"https:\/\/www.youtube.com\/watch?v=XBgkG9_eDos\">URL<\/a>&gt;) Ejemplo de inclusi\u00f3n es la visita comentada que se dise\u00f1\u00f3 para un p\u00fablico hipoac\u00fasico<a href=\"#_ftn8\" name=\"_ftnref8\"><span id='easy-footnote-8-6944' class='easy-footnote-margin-adjust'><\/span><span class='easy-footnote'><a href='https:\/\/entretejidos.iconos.edu.mx\/thesite\/tres-experiencias-de-mediacion-cultural-en-espacios-de-exhibicion-de-arte\/#easy-footnote-bottom-8-6944' title='&lt;\/a&gt;&lt;a href=&quot;#_ftnref8&quot; name=&quot;_ftn8&quot;&gt;[8]&lt;\/a&gt;&lt;a href=&quot;#_ftn8&quot; name=&quot;_ftnref8&quot;&gt; La hipoacusia es una discapacidad que afecta a las funciones auditivas y que pueden llegar a afectar de manera superficial (canal auditivo), media (canal auditivo a profundidad) o profunda (da\u00f1o que involucra al nervio auditivo), cuyo tratamiento puede incluir implante coclear, aud\u00edfonos, o sistemas aumentativos y alternativos de comunicaci\u00f3n.'><sup>8<\/sup><\/a><\/span><\/a> donde se garantizaron condiciones de atenci\u00f3n a personas con debilidad auditiva, por medio de colocaci\u00f3n de lazos de inducci\u00f3n magn\u00e9tica<a href=\"#_ftn9\" name=\"_ftnref9\"><span id='easy-footnote-9-6944' class='easy-footnote-margin-adjust'><\/span><span class='easy-footnote'><a href='https:\/\/entretejidos.iconos.edu.mx\/thesite\/tres-experiencias-de-mediacion-cultural-en-espacios-de-exhibicion-de-arte\/#easy-footnote-bottom-9-6944' title='&lt;\/a&gt;&lt;a href=&quot;#_ftnref9&quot; name=&quot;_ftn9&quot;&gt;[9]&lt;\/a&gt;&lt;a href=&quot;#_ftn9&quot; name=&quot;_ftnref9&quot;&gt; Los lazos de inducci\u00f3n magn\u00e9tica son dispositivos que ayudan a personas con hipoacusia media o profunda que utilizan aud\u00edfonos o implantes cocleares, impidiendo el ruido ambiental de tal forma que ayude a tener una mejor comprensi\u00f3n de las visitas comentadas. (Cabledesign 2022 p\u00e1rrafos 1-3)'><sup>9<\/sup><\/a><\/span><\/a>. (Museo Nacional Centro de Arte Reina Sof\u00eda 2021 indicaci\u00f3n art\u00edculo 6)<\/p>\n<div id=\"attachment_7250\" style=\"width: 676px\" class=\"wp-caption aligncenter\"><a href=\"https:\/\/entretejidos.iconos.edu.mx\/thesite\/wp-content\/uploads\/2024\/05\/Mediacion_05.png.png\"><img loading=\"lazy\" decoding=\"async\" aria-describedby=\"caption-attachment-7250\" class=\"wp-image-7250 size-full\" src=\"https:\/\/entretejidos.iconos.edu.mx\/thesite\/wp-content\/uploads\/2024\/05\/Mediacion_05.png.png\" alt=\"Figura 5. Ejemplo de visita comentada, destinada a un p\u00fablico espec\u00edfico y sus necesidades desde la mediaci\u00f3n cultural del Museo Nacional Centro de Arte Reina Sof\u00eda, en YouTube.Museo Nacional Centro de Arte Reina Sof\u00eda. \u201dVisita Comentada: Feminismo, Una Mirada Feminista sobre las Vanguardias\u201d. Sitio web del Museo Nacional Centro de Arte Reina Sof\u00eda. 00-00-2021 Web 20-10-2021 &lt;URL&gt;\" width=\"666\" height=\"729\" srcset=\"https:\/\/entretejidos.iconos.edu.mx\/thesite\/wp-content\/uploads\/2024\/05\/Mediacion_05.png.png 666w, https:\/\/entretejidos.iconos.edu.mx\/thesite\/wp-content\/uploads\/2024\/05\/Mediacion_05.png-274x300.png 274w\" sizes=\"auto, (max-width: 666px) 100vw, 666px\" \/><\/a><p id=\"caption-attachment-7250\" class=\"wp-caption-text\">Figura 5. Ejemplo de visita comentada, destinada a un p\u00fablico espec\u00edfico y sus necesidades desde la mediaci\u00f3n cultural del Museo Nacional Centro de Arte Reina Sof\u00eda, en YouTube. Museo Nacional Centro de Arte Reina Sof\u00eda. \u201dVisita Comentada: Feminismo, Una Mirada Feminista sobre las Vanguardias\u201d. Sitio web del Museo Nacional Centro de Arte Reina Sof\u00eda. 00-00-2021 Web 20-10-2021<\/p><\/div>\n<p>Una de las premisas del departamento de mediaci\u00f3n cultural del MNCARS consiste en que el p\u00fablico se pierda, porque el perderse implica encontrar nuevos caminos, una ruta segura no implica un descubrimiento ni un conocimiento. Si se analiza con cuidado esta afirmaci\u00f3n, podremos encontrarnos en un sendero que se abre, con opciones en las que el p\u00fablico se transforma y cambia al propio museo. (Museo Nacional Centro de Arte Reina Sof\u00eda 2013 6:30 \u2013 6:42 min &lt;<a href=\"https:\/\/www.youtube.com\/watch?v=XBgkG9_eDos\">URL<\/a>&gt;)<\/p>\n<p>Las opciones que ofrece el MNCARS le permiten consolidarse como un espacio abierto a m\u00faltiples voces, lo cual implica transformarse con sus usuarios, abrir panoramas y perspectivas en las que se involucran como un centro cultural donde el visitante puede perderse para encontrarse cada vez en un lugar de plena inclusi\u00f3n cultural.<\/p>\n<p>Como se menciona en el video, \u201cMediaci\u00f3n Cultural\u201d, publicado en YouTube por el MNCARS, el ser esc\u00e9ptico permite al visitante construir conocimiento, es necesario transformar el escepticismo en algo nuevo, y es la gran cualidad de no tener un gui\u00f3n para leer una colecci\u00f3n o una pieza. (Museo Nacional Centro de Arte Reina Sof\u00eda 2013 6:51 -7:08 <a href=\"https:\/\/www.youtube.com\/watch?v=XBgkG9_eDos&amp;t=183s\">&lt;URL&gt;<\/a>)<\/p>\n<p>El MNCARS, a pesar de contar con personal capacitado con estudios en arte y cultura, permite a los visitantes plantear nuevas posibilidades que no limiten su atenci\u00f3n. Su modelo de di\u00e1logo tiene como limitante que toda experiencia mediada se da en el espacio interior del museo, esto contrasta con el siguiente ejemplo en el que se permite la integraci\u00f3n de p\u00fablicos de todas las edades para crear comunidades. Cabe mencionar que las actividades de mediaci\u00f3n cultural del museo no son para todo p\u00fablico, por cuestiones de madurez emocional, si bien el MNCARS no tiene un espacio de mediaci\u00f3n para ni\u00f1os, s\u00ed cuenta con un espacio educativo para colegios, lo cual no es limitativo de la experiencia escolar, porque sus foros, visitas y experiencias est\u00e1n abiertas a los docentes, a su vez tienen \u00a0foros educativos muy bien planeados para j\u00f3venes que est\u00e1n formando criterios. El departamento educativo desarrolla estrategias con expertos en pedagog\u00eda para dar atenci\u00f3n a p\u00fablicos menores de edad.<\/p>\n<ol start=\"2\">\n<li><strong>2. Mediaci\u00f3n Cultural, del museo a la calle, de la calle al museo (caso de estudio, Argentina, Ronda Cultural)<\/strong><\/li>\n<\/ol>\n<p>Ronda Cultural es una organizaci\u00f3n que surgi\u00f3 como parte del Ministerio de Cultura de Argentina por la necesidad de atraer al p\u00fablico a distintos museos. Tiene como principal inter\u00e9s, la transformaci\u00f3n de las comunidades atendiendo a las narrativas de las calles, formas y discursos que les constituyen como cultura. Su modelo de trabajo consiste en repasar lo que sucede antes, durante, en y despu\u00e9s de las visitas a museos. \u00a0A trav\u00e9s de relatos tejen con madejas de palabras conexiones entre museos, para hacerlo act\u00faan, platican, cuentan historias y escuchan experiencias comunitarias.<\/p>\n<p>Ronda Cultural dise\u00f1\u00f3 un modelo de paseos culturales que inician dentro de un museo, en donde los mediadores culturales, convocan y sacan a las personas que ah\u00ed se encuentran, luego los usuarios son llevados en camionetas a un segundo museo en d\u00f3nde la pl\u00e1tica contin\u00faa en torno a un tema central que conecte ambos espacios de exhibici\u00f3n. La narraci\u00f3n se lleva a trav\u00e9s de un circuito en el que salen del primer museo, recorren el trayecto a otro, entran, transitan el segundo museo y regresan al primero donde los encontraron, mientras los usuarios dialogan con los mediadores acerca de las historias de las calles, de las colecciones en el museo, escuchan an\u00e9cdotas y datos curiosos sobre las obras expuestas en ambos. La idea general es que el museo transforma a las calles y las calles transforman al museo; la experiencia de visitar dos museos integra a las comunidades que entre los recorridos logran encontrar los caminos para contar sus propias historias a trav\u00e9s del arte en cualquier lugar.<\/p>\n<p>Los circuitos de los paseos culturales en ocasiones no son solo de museos, tambi\u00e9n tratan de espacios de exposici\u00f3n como las plazas p\u00fablicas y pueden integrar varios centros en un mismo circuito. Un ejemplo se puede ver en el video que explica a grandes rasgos la mec\u00e1nica que sigue la Ronda Cultural, y que se puede consultar en el siguiente v\u00ednculo &lt;<a href=\"https:\/\/www.youtube.com\/watch?v=xxXldZq-Ow8\">URL<\/a>&gt; (Ronda Cultural 2014 0:20 -3:07 min)<\/p>\n<div id=\"attachment_7251\" style=\"width: 835px\" class=\"wp-caption aligncenter\"><a href=\"https:\/\/entretejidos.iconos.edu.mx\/thesite\/wp-content\/uploads\/2024\/05\/Mediacion_06.png.png\"><img loading=\"lazy\" decoding=\"async\" aria-describedby=\"caption-attachment-7251\" class=\"wp-image-7251 size-full\" src=\"https:\/\/entretejidos.iconos.edu.mx\/thesite\/wp-content\/uploads\/2024\/05\/Mediacion_06.png.png\" alt=\"Figura 6. Ejemplo de paseo cultural por parte de la Ronda Cultural, del Ministerios de Cultura de la Naci\u00f3n, en YouTube.Ronda Cultural. Ministerio de Cultura de la Naci\u00f3n. Argentina. YouTube 07-04-2014 Web 20-10-2021 &lt;URL&gt;\" width=\"825\" height=\"628\" srcset=\"https:\/\/entretejidos.iconos.edu.mx\/thesite\/wp-content\/uploads\/2024\/05\/Mediacion_06.png.png 825w, https:\/\/entretejidos.iconos.edu.mx\/thesite\/wp-content\/uploads\/2024\/05\/Mediacion_06.png-300x228.png 300w, https:\/\/entretejidos.iconos.edu.mx\/thesite\/wp-content\/uploads\/2024\/05\/Mediacion_06.png-768x585.png 768w\" sizes=\"auto, (max-width: 825px) 100vw, 825px\" \/><\/a><p id=\"caption-attachment-7251\" class=\"wp-caption-text\">Figura 6. Ejemplo de paseo cultural por parte de la Ronda Cultural, del Ministerios de Cultura de la Naci\u00f3n, en YouTube. Ronda Cultural. Ministerio de Cultura de la Naci\u00f3n. Argentina. YouTube 07-04-2014 Web 20-10-2021<\/p><\/div>\n<p>&nbsp;<\/p>\n<p>En entrevista con la directora de Ronda Cultural, Valeria Escolar, ella comenta que, la mediaci\u00f3n cultural es una herramienta para tender puentes entre expresiones culturales y p\u00fablicos diversos, esto se da, porque la Ronda parte de su propio gui\u00f3n y se enriquece con los relatos, que se escuchan desde distintas cotidianidades.<\/p>\n<p>A pesar de que el proyecto naci\u00f3 como parte de las pol\u00edticas p\u00fablicas para acerca el arte a las comunidades, el 29 de enero de 2016, Ronda Cultural dej\u00f3 de ser parte del Ministerio de Cultura (Gato Griss 2017 0:39 \u2013 1:22 min), en revisi\u00f3n de su sitio web, se puede observar que Ronda Cultural se transform\u00f3 en una Asociaci\u00f3n Civil<a href=\"#_ftn10\" name=\"_ftnref10\"><span id='easy-footnote-10-6944' class='easy-footnote-margin-adjust'><\/span><span class='easy-footnote'><a href='https:\/\/entretejidos.iconos.edu.mx\/thesite\/tres-experiencias-de-mediacion-cultural-en-espacios-de-exhibicion-de-arte\/#easy-footnote-bottom-10-6944' title='&lt;\/a&gt;&lt;a href=&quot;#_ftnref10&quot; name=&quot;_ftn10&quot;&gt;[10]&lt;\/a&gt;&lt;a href=&quot;#_ftn10&quot; name=&quot;_ftnref10&quot;&gt; Es importante notar que, a diferencia del MNCARS, Somos Ronda Cultural fue parte de una pol\u00edtica p\u00fablica, auspiciada por el gobierno, esto podr\u00eda significar que hay un gui\u00f3n preestablecido, con una intenci\u00f3n de fomento del estado y que sirve de hilo conductor para su pr\u00e1ctica de mediaci\u00f3n cultural, esto con car\u00e1cter disruptor del espacio cl\u00e1sico de exhibici\u00f3n.'><sup>10<\/sup><\/a><\/span><\/a>, y siguen trabajando con su modelo de creaci\u00f3n de guiones, narrativas y conversaci\u00f3n en comunidad. (Somos Ronda Cultural 2020 0:00 \u2013 0:49 min)<\/p>\n<p>Para Ronda Cultural, con los paseos, la transformaci\u00f3n ocurre desde las preguntas, interrogantes y ejercicios intelectuales, que obligan a verbalizar las cosas que cada persona involucrada comprende, vive y apropia. De este modo, se establece una relaci\u00f3n, entre mediaci\u00f3n ling\u00fc\u00edstica y mediaci\u00f3n cultural desde el punto de vista de la traducci\u00f3n entre lenguajes y traducci\u00f3n en analog\u00eda con producci\u00f3n art\u00edstica y ling\u00fc\u00edstica de lo que provoca en lo sensible la obra de arte. Hist\u00f3ricamente las primeras formas de mediaci\u00f3n documentadas, se dieron en Granada del Siglo XIII<a href=\"#_ftn11\" name=\"_ftnref11\"><span id='easy-footnote-11-6944' class='easy-footnote-margin-adjust'><\/span><span class='easy-footnote'><a href='https:\/\/entretejidos.iconos.edu.mx\/thesite\/tres-experiencias-de-mediacion-cultural-en-espacios-de-exhibicion-de-arte\/#easy-footnote-bottom-11-6944' title='&lt;\/a&gt;&lt;a href=&quot;#_ftnref11&quot; name=&quot;_ftn11&quot;&gt;[11]&lt;\/a&gt;&lt;a href=&quot;#_ftn11&quot; name=&quot;_ftnref11&quot;&gt; Las primeras formas de mediaci\u00f3n documentadas en Granada del Siglo XIII, corresponden a actas de hechos, en las que se narra la forma en que guardias buscaban a personas que hablaran algarab\u00eda con el fin de comprender las conductas de los \u00e1rabes y los motivos que ten\u00edan para pasar por sus territorios, de ese modo procuraban no tener que encarcelarlos o azotarlos, dado que era lo que dictaban las leyes de la \u00e9poca.'><sup>11<\/sup><\/a><\/span><\/a> (donde la mediaci\u00f3n era un apoyo de traducci\u00f3n que permit\u00eda a vecinos migrantes vivir en armon\u00eda), en consideraci\u00f3n a lo que se encontr\u00f3, las pr\u00e1cticas de mediaci\u00f3n para fomentar el intercambio cultural entre migrantes en siglos pasados, se relaciona con la mediaci\u00f3n cultural por el intercambio que se da en los relatos, que mediante la construcci\u00f3n verbal ponen de manifiesto a un habitante desapercibido, en este caso el arte, que en ocasiones no habla la lengua de la comunidad que lo contiene y esto sucede porque la convivencia se solidifica con las palabras, estas al dialogar transforman a las comunidades, las integran, es casi como si lo que no se dijera dejara de existir para la comunidad, es decir que no se construye, por lo tanto el hablar del arte, lo revela, lo muestra y se asume como parte de una realidad de la que participamos.<\/p>\n<p>Los relatos se preparan y son para p\u00fablicos amplios, en todo proyecto hay un an\u00e1lisis del usuario, encaminado a provocar una pregunta, una introspecci\u00f3n, una celebraci\u00f3n de los sentidos, preponderantemente visual y auditivo, que canten en la integraci\u00f3n del momento cultural, en analog\u00eda a las voces que dan origen al universo del Silmarillion<a href=\"#_ftn12\" name=\"_ftnref12\"><span id='easy-footnote-12-6944' class='easy-footnote-margin-adjust'><\/span><span class='easy-footnote'><a href='https:\/\/entretejidos.iconos.edu.mx\/thesite\/tres-experiencias-de-mediacion-cultural-en-espacios-de-exhibicion-de-arte\/#easy-footnote-bottom-12-6944' title='&lt;\/a&gt;&lt;a href=&quot;#_ftnref12&quot; name=&quot;_ftn12&quot;&gt;[12]&lt;\/a&gt;&lt;a href=&quot;#_ftn12&quot; name=&quot;_ftnref12&quot;&gt; El Silmarillion, es una recopilaci\u00f3n de obra de JR Tolkien, que narra como el principio del universo en el que se desarrollan sus historias, hay sonidos sin sentido que permiten que todo sea posible, en esa posibilidad, lo bueno, lo malo, todo nace de esa armon\u00eda de voces, de lo que crean las palabras.'><sup>12<\/sup><\/a><\/span><\/a>, en el que el ser transforma a la realidad y se deja transformar por ella, gracias a las distintas voces que crean nuevas posibilidades en su entorno. (Tolkien 1977 9-13)<\/p>\n<p>La importancia de las voces y lo que construyen, se puede leer, en una canci\u00f3n de Weezer, <em>Island in<\/em> <em>The Sun<\/em>, un momento, en el que \u201c\u2026 no se necesita una memoria\u2026 s\u00f3lo un lugar al que llamar propio.\u201d (Cuomo 2001 p\u00e1rrafo 5) En ese sentido Ronda Cultural, no necesita una sola memoria, porque es un provocador de conversaciones de lugares que al fina se asumen en propiedad, para que distintos recuerdos creen nuevas memorias, de tal modo que el relato ya no sea la historia de uno solo, se transforma en memoria colectiva y se apropia de los espacios, ese es el momento en que la mediaci\u00f3n cultural cobra sentido, crea y construye comunidades.<\/p>\n<p>El di\u00e1logo cuenta y crea mundos culturales posibles en donde el artista invitado y el de casa<a href=\"#_ftn13\" name=\"_ftnref13\"><span id='easy-footnote-13-6944' class='easy-footnote-margin-adjust'><\/span><span class='easy-footnote'><a href='https:\/\/entretejidos.iconos.edu.mx\/thesite\/tres-experiencias-de-mediacion-cultural-en-espacios-de-exhibicion-de-arte\/#easy-footnote-bottom-13-6944' title=''><sup>13<\/sup><\/a><\/span><span id='easy-footnote-14-6944' class='easy-footnote-margin-adjust'><\/span><span class='easy-footnote'><a href='https:\/\/entretejidos.iconos.edu.mx\/thesite\/tres-experiencias-de-mediacion-cultural-en-espacios-de-exhibicion-de-arte\/#easy-footnote-bottom-14-6944' title='&lt;\/a&gt;&lt;a href=&quot;#_ftnref13&quot; name=&quot;_ftn13&quot;&gt;[13]&lt;\/a&gt;&lt;a href=&quot;#_ftn13&quot; name=&quot;_ftnref13&quot;&gt; Se habla del artista de casa, como los creadores argentinos, de los que se exhibe obra en los museos, los artistas invitados, son artistas extranjeros, de los que se hacen exposiciones.'><sup>14<\/sup><\/a><\/span><\/a>, son parte de la celebraci\u00f3n comunitaria de la creaci\u00f3n cultural, hay un aporte a la resignificaci\u00f3n de espacios urbanos, en donde se concentran memorias, son \u00e1lbumes vivos de historias que se dejan envolver en las narrativas de la creaci\u00f3n art\u00edstica, que conviven dentro y conversan fuera del museo.<\/p>\n<div id=\"attachment_7314\" style=\"width: 1434px\" class=\"wp-caption aligncenter\"><a href=\"https:\/\/entretejidos.iconos.edu.mx\/thesite\/wp-content\/uploads\/2024\/05\/Mediacion_07ok.png\"><img loading=\"lazy\" decoding=\"async\" aria-describedby=\"caption-attachment-7314\" class=\"wp-image-7314 size-full\" src=\"https:\/\/entretejidos.iconos.edu.mx\/thesite\/wp-content\/uploads\/2024\/05\/Mediacion_07ok.png\" alt=\"Figura 7. Ejemplo de promoci\u00f3n de los micropaseos culturales por parte de la Ronda Cultural, del Ministerios de Cultura de la Naci\u00f3n, en su sitio web. Ronda Cultural Argentina. \u201dFormaci\u00f3n\u201d. Sitio web del Museo Nacional Centro de Arte Reina Sof\u00eda. 00-00-2021 Web 20-10-2021\" width=\"1424\" height=\"1232\" srcset=\"https:\/\/entretejidos.iconos.edu.mx\/thesite\/wp-content\/uploads\/2024\/05\/Mediacion_07ok.png 1424w, https:\/\/entretejidos.iconos.edu.mx\/thesite\/wp-content\/uploads\/2024\/05\/Mediacion_07ok-300x260.png 300w, https:\/\/entretejidos.iconos.edu.mx\/thesite\/wp-content\/uploads\/2024\/05\/Mediacion_07ok-1024x886.png 1024w, https:\/\/entretejidos.iconos.edu.mx\/thesite\/wp-content\/uploads\/2024\/05\/Mediacion_07ok-768x664.png 768w\" sizes=\"auto, (max-width: 1424px) 100vw, 1424px\" \/><\/a><p id=\"caption-attachment-7314\" class=\"wp-caption-text\">Figura 7. Ejemplo de promoci\u00f3n de los micropaseos culturales por parte de la Ronda Cultural, del Ministerios de Cultura de la Naci\u00f3n, en su sitio web. Ronda Cultural Argentina. \u201dFormaci\u00f3n\u201d. Sitio web del Museo Nacional Centro de Arte Reina Sof\u00eda. 00-00-2021 Web 20-10-2021<\/p><\/div>\n<p>Ronda Cultural, cuenta con el Seminario de Mediaci\u00f3n Cultural, que se imparte en modalidad <em>online<\/em>, con tres l\u00edneas de acci\u00f3n:<\/p>\n<p>1. Reconocimiento de pr\u00e1cticas de la mediaci\u00f3n cultural.<\/p>\n<p>2. Ense\u00f1anza de las herramientas para la construcci\u00f3n de nuevas narrativas.<\/p>\n<p>3. Estimulaci\u00f3n de experiencias interdisciplinarias desde la mediaci\u00f3n cultural.<\/p>\n<p>La inscripci\u00f3n no es limitativa, tiene un perfil de ingreso de vinculaci\u00f3n hacia la cultura, la educaci\u00f3n y la comunicaci\u00f3n. Esto resulta significativo, ya que, son pilares de mediaci\u00f3n cultural con los que se busca abrir el di\u00e1logo, la figura del maestro, el comunicador y el promotor cultural, son por lo tanto esenciales en el proyecto Ronda Cultural y es congruente el planteamiento con su labor ya que ellos promueven, ense\u00f1an y crean espacios de comunicaci\u00f3n para todo aquel que quiera conversar en el \u00e1mbito cultural. Otras l\u00edneas de trabajo de Ronda Cultural son la creaci\u00f3n de narraciones con propuestas audiovisuales, trabajo de investigaci\u00f3n, seminarios, paseos, concursos, publicaciones, material did\u00e1ctico y modelos de integraci\u00f3n para todo p\u00fablico, adem\u00e1s de formaci\u00f3n para mediadores culturales.<\/p>\n<div id=\"attachment_7253\" style=\"width: 991px\" class=\"wp-caption aligncenter\"><a href=\"https:\/\/entretejidos.iconos.edu.mx\/thesite\/wp-content\/uploads\/2024\/05\/Mediacion_08.png\"><img loading=\"lazy\" decoding=\"async\" aria-describedby=\"caption-attachment-7253\" class=\"wp-image-7253 size-full\" src=\"https:\/\/entretejidos.iconos.edu.mx\/thesite\/wp-content\/uploads\/2024\/05\/Mediacion_08.png\" alt=\"Figura 8. Cartel del Seminario de Mediaci\u00f3n Cultural por parte de la Ronda Cultural, del Ministerios de Cultura de la Naci\u00f3n.Ronda Cultural Argentina. \u201dFormaci\u00f3n\u201d. Sitio web del Museo Nacional Centro de Arte Reina Sof\u00eda. 00-00-2021 Web 20-10-2021 &lt;URL&gt;\" width=\"981\" height=\"1283\" srcset=\"https:\/\/entretejidos.iconos.edu.mx\/thesite\/wp-content\/uploads\/2024\/05\/Mediacion_08.png 981w, https:\/\/entretejidos.iconos.edu.mx\/thesite\/wp-content\/uploads\/2024\/05\/Mediacion_08-229x300.png 229w, https:\/\/entretejidos.iconos.edu.mx\/thesite\/wp-content\/uploads\/2024\/05\/Mediacion_08-783x1024.png 783w, https:\/\/entretejidos.iconos.edu.mx\/thesite\/wp-content\/uploads\/2024\/05\/Mediacion_08-768x1004.png 768w\" sizes=\"auto, (max-width: 981px) 100vw, 981px\" \/><\/a><p id=\"caption-attachment-7253\" class=\"wp-caption-text\">Figura 8. Cartel del Seminario de Mediaci\u00f3n Cultural por parte de la Ronda Cultural, del Ministerios de Cultura de la Naci\u00f3n. Ronda Cultural Argentina. \u201dFormaci\u00f3n\u201d. Sitio web del Museo Nacional Centro de Arte Reina Sof\u00eda. 00-00-2021 Web 20-10-2021<\/p><\/div>\n<p>Coincide Ronda Cultural con el MNCARS en el car\u00e1cter disruptivo de la mediaci\u00f3n cultural, cuando su directora, menciona en la entrevista, \u201c<em>\u00bfQu\u00e9 es la mediaci\u00f3n cultural?\u201d, <\/em>en el canal de YouTube, \u201c<em>Hacer Cultura\u201d<\/em> que, es necesario deconstruir imaginarios y vivencias para reconstruirse, ese es el prop\u00f3sito de los paseos con relatos abiertos, que todos hablen, que los p\u00fablicos se abran para cambiar a las ciudades desde su coraz\u00f3n, es decir, las personas. (Hacer Cultura 2021 3:30 \u2013 4:10 min). Para Ronda Cultural, el trabajo m\u00e1s importante es generar espacios de encuentro y socializaci\u00f3n, el hablar de espacios transformantes requiere de m\u00fasica, salud, historia, naturaleza, artes pl\u00e1sticas, antropolog\u00eda, sociolog\u00eda, por mencionar algunos. Lo que ofrecen es vivir experiencias \u00fanicas desde distintos proyectos, reelaborar lo sensible, mediante narrativas art\u00edsticas.<\/p>\n<p>Uno de los \u00faltimos proyectos que tienen es \u201cComunidad Rondera\u201d, que integra casas viejas y abandonadas, como parte de los recorridos, y se visitan para revivir tiempos pasados, esto con el fin de generar un nuevo discurso de lo que se vive y construye con el paso del tiempo como parte del papel cultural de la intervenci\u00f3n arquitect\u00f3nica, que se suma a los contenidos basados en barrios como parte de la historia del artista y la obra; la premisa es que los barrios cambian a la gente, transformando y trastocando a la obra por su intervenci\u00f3n como creaci\u00f3n art\u00edstica. En el proyecto \u201cComunidad Rondera\u201d, se crean microrrelatos<a href=\"#_ftn14\" name=\"_ftnref14\"><span id='easy-footnote-15-6944' class='easy-footnote-margin-adjust'><\/span><span class='easy-footnote'><a href='https:\/\/entretejidos.iconos.edu.mx\/thesite\/tres-experiencias-de-mediacion-cultural-en-espacios-de-exhibicion-de-arte\/#easy-footnote-bottom-15-6944' title='&lt;\/a&gt;&lt;a href=&quot;#_ftnref14&quot; name=&quot;_ftn14&quot;&gt;[14]&lt;\/a&gt;&lt;a href=&quot;#_ftn14&quot; name=&quot;_ftnref14&quot;&gt; Ronda Cultural llama a los guiones de mediaci\u00f3n cultural microrrelatos.'><sup>15<\/sup><\/a><\/span><\/a> que se cuentan en \u00a0recorridos, mediante puestas en escena, donde hay una preparaci\u00f3n teatral, que se aprende, pero no se repite, con el fin de mantener el di\u00e1logo abierto con los p\u00fablicos. (Hacer Cultura 2021 6:50 \u2013 13:50)<\/p>\n<p>Como parte su metodolog\u00eda, Ronda Cultural, prepara lecturas para permitir la intervenci\u00f3n del p\u00fablico, en una b\u00fasqueda por transformarse a trav\u00e9s de los relatos. Las historias deben enriquecer lo que se pueda apreciar, es parte de la integraci\u00f3n del arte y la cultura. El recorrido lleva al espectador a la narraci\u00f3n, a la experiencia viva, la observaci\u00f3n consciente, trabajando la meditaci\u00f3n desde el tejido social. Despu\u00e9s de todo al museo no se entra de la nada, lo que sucede dentro del museo tiene relaci\u00f3n con lo que est\u00e1 fuera de \u00e9l y lo que est\u00e1 fuera de \u00e9l, es algo que se transforma a trav\u00e9s el contenido del museo.<\/p>\n<p>Acerca de la mediaci\u00f3n cultural constructiva, Ronda Cultural plantea una duda, \u00bfel mediador cultural puede ser neutral, si es capaz de transformarse a partir de lo que sabe y lo que entiende, adem\u00e1s de lo que descubre con el otro o escucha siempre con un sesgo acad\u00e9mico, y desde su historia personal?, es probable que ese planteamiento quede resuelto, con los esfuerzos que han hecho como el desarrollo de acciones de formaci\u00f3n para mediadores culturales, donde desde la malla curricular<a href=\"#_ftn15\" name=\"_ftnref15\"><span id='easy-footnote-16-6944' class='easy-footnote-margin-adjust'><\/span><span class='easy-footnote'><a href='https:\/\/entretejidos.iconos.edu.mx\/thesite\/tres-experiencias-de-mediacion-cultural-en-espacios-de-exhibicion-de-arte\/#easy-footnote-bottom-16-6944' title='&lt;\/a&gt;&lt;a href=&quot;#_ftnref15&quot; name=&quot;_ftn15&quot;&gt;[15]&lt;\/a&gt;&lt;a href=&quot;#_ftn15&quot; name=&quot;_ftnref15&quot;&gt; Malla curricular se refiere a las materias o m\u00f3dulos de aprendizaje que se dise\u00f1an para el logro de un determinado perfil profesional, para el que se hace un oferta educativa.'><sup>16<\/sup><\/a><\/span><\/a> difunden una metodolog\u00eda entre los interesados en sus talleres, por lo tanto, la idea de la neutralidad queda descartada dado que el sesgo acad\u00e9mico debe permear el trabajo de desarrollo de narrativas y guiones prearmados, por lo tanto es dif\u00edcil para el mediador no hacer hablar su propia subjetividad, sin antes escuchar las voces de la comunidad, porque los conoce, pero los intuye para hacer su labor.<\/p>\n<p>Acerca de la posibilidad de tomar un modelo como el de Ronda Cultural, en la Rep\u00fablica Mexicana no es posible tener programas de mediaci\u00f3n y visitas entre museos en todos los estados, por la lejan\u00eda de las opciones culturales, modelos como los <em>tours<\/em> y visitas guiadas que se proponen en distintos Pueblos M\u00e1gicos<a href=\"#_ftn16\" name=\"_ftnref16\"><span id='easy-footnote-17-6944' class='easy-footnote-margin-adjust'><\/span><span class='easy-footnote'><a href='https:\/\/entretejidos.iconos.edu.mx\/thesite\/tres-experiencias-de-mediacion-cultural-en-espacios-de-exhibicion-de-arte\/#easy-footnote-bottom-17-6944' title='&lt;\/a&gt;&lt;a href=&quot;#_ftnref16&quot; name=&quot;_ftn16&quot;&gt;[16]&lt;\/a&gt;&lt;a href=&quot;#_ftn16&quot; name=&quot;_ftnref16&quot;&gt; El programa de Pueblos M\u00e1gicos en M\u00e9xico est\u00e1 destinado a fomentar el turismo revalorando tradiciones, historias, leyendas y costumbres de sus pobladores y sitios de inter\u00e9s hist\u00f3rico.'><sup>17<\/sup><\/a><\/span><\/a>, son algunas de las opciones con las que se cuentan hoy en d\u00eda, aunque no siempre desde la mediaci\u00f3n, cuesti\u00f3n que de trabajarse podr\u00eda significar un proyecto enriquecedor para las comunidades, no s\u00f3lo para los turistas. (Secretar\u00eda de Turismo 2022 p\u00e1rrafos 1-4) Una posible medida requerir\u00eda de redescubrir barrios con tradici\u00f3n, espacios religiosos, cementerios antiguos, espacios de rituales, y posiblemente crear nuevas narrativas en donde se involucren historias de familias, leyendas, culturas, que promuevan no el lugar, sino la convivencia. En donde los cuentos sean pretexto y no prop\u00f3sito para hacer comunidad.<\/p>\n<p>Hasta este punto, se han analizado espacios muse\u00edsticos, con financiamiento p\u00fablico y financiamiento privado que surgi\u00f3 desde una pol\u00edtica p\u00fablica, es por lo que a continuaci\u00f3n, se revisa el caso de un centro cultural con financiamiento privado, autogenerado, en Chile.<\/p>\n<p><strong>3. Mediaci\u00f3n cultural en redes sociales:<\/strong><br \/>\n<strong>espacios de participaci\u00f3n social, problem\u00e1ticas de participaci\u00f3n en espacios democr\u00e1ticos (caso de estudio Chile, Espacio Diana)<\/strong><\/p>\n<p>Las experiencias en l\u00ednea tienden a la especializaci\u00f3n para diversidad de p\u00fablicos, a diferencia de lo que sucede en museos, teatros, cine, radio, televisi\u00f3n, por mencionar algunos, en las redes sociales virtuales los p\u00fablicos son productores de contenidos, prosumidores. M\u00e1s que hablar de cultura de masas, donde se multiplican las voces y est\u00e1n al alcance de todos, la producci\u00f3n cultural es tanta en nuestros d\u00edas que las opciones de consumo cultural parecen diluirse y dejar poco margen para b\u00fasquedas precisas y en ocasiones poco confiables.<\/p>\n<p>Las opciones para un mismo usuario se multiplican, desarrolladas por iguales y distribuidas por c\u00e1lculos y correlaciones, que predicen preferencias de consumo sobre par\u00e1metros aprendidos, algoritmos que ubican por sectores a sus usuarios, alimentados por <em>likes<\/em> e intercambios. Esto no busca sorprender, sino satisfacer, es aqu\u00ed el lugar en el que la mediaci\u00f3n cultural puede resultar mucho m\u00e1s que necesaria, urgente, para incentivar la vida m\u00e1s all\u00e1 de la monoton\u00eda del consumismo, es decir un suficientismo<a href=\"#_ftn1\" name=\"_ftnref1\"><span id='easy-footnote-18-6944' class='easy-footnote-margin-adjust'><\/span><span class='easy-footnote'><a href='https:\/\/entretejidos.iconos.edu.mx\/thesite\/tres-experiencias-de-mediacion-cultural-en-espacios-de-exhibicion-de-arte\/#easy-footnote-bottom-18-6944' title='&lt;\/a&gt;&lt;a href=&quot;#_ftnref1&quot; name=&quot;_ftn1&quot;&gt;[17]&lt;\/a&gt;&lt;a href=&quot;#_ftn1&quot; name=&quot;_ftnref1&quot;&gt; El suficientismo, es un movimiento cultural que se opone al consumismo obsesivo, que da\u00f1a al planeta, a los seres vivos, crea mayores desigualdades. (Daguerre 2012\u00a0 54-58)'><sup>18<\/sup><\/a><\/span><\/a> justo, bien pensado, con conciencia del da\u00f1o inherente que hacemos a otros, al satisfacer un vac\u00edo interminable, alimentado por la codicia de un espejo m\u00e1gico<a href=\"#_ftn2\" name=\"_ftnref2\"><span id='easy-footnote-19-6944' class='easy-footnote-margin-adjust'><\/span><span class='easy-footnote'><a href='https:\/\/entretejidos.iconos.edu.mx\/thesite\/tres-experiencias-de-mediacion-cultural-en-espacios-de-exhibicion-de-arte\/#easy-footnote-bottom-19-6944' title='&lt;\/a&gt;&lt;a href=&quot;#_ftnref2&quot; name=&quot;_ftn2&quot;&gt;[18]&lt;\/a&gt;&lt;a href=&quot;#_ftn2&quot; name=&quot;_ftnref2&quot;&gt; En la historia cl\u00e1sica de \u201cBlancanieves\u201d o \u201cLa Joven Esclava\u201d de Basile, el conflicto real no es la belleza de la chica, sino el conflicto ed\u00edpico de la reina malvada, porque la belleza de la chica, har\u00e1 que el rey la ame por encima de la propia madre, en este art\u00edculo se plantea que en cada dispositivo los prosumidores cuentan con un espejo m\u00e1gico que muestra gente m\u00e1s bella, m\u00e1s joven, m\u00e1s grande, m\u00e1s rica, m\u00e1s talentosa, y el vac\u00edo crece, porque no hay manera de llenar el amor perdido de alguien o de varios en la comparaci\u00f3n con el resto del mundo. (Bettelheim 2010 220-221)'><sup>19<\/sup><\/a><\/span><\/a> que son las redes virtuales, donde cada prosumidor siempre ser\u00e1 superado por alguien m\u00e1s, por lo tanto vivir\u00e1 atormentado por crear contenido y consumirlo <em>ad aeternum<\/em>.<\/p>\n<p>Ante la creciente demanda por propuestas, los p\u00fablicos, ahora son conocidos como omn\u00edvoros culturales<a href=\"#_ftn19\" name=\"_ftnref19\"><span id='easy-footnote-20-6944' class='easy-footnote-margin-adjust'><\/span><span class='easy-footnote'><a href='https:\/\/entretejidos.iconos.edu.mx\/thesite\/tres-experiencias-de-mediacion-cultural-en-espacios-de-exhibicion-de-arte\/#easy-footnote-bottom-20-6944' title='&lt;\/a&gt;&lt;a href=&quot;#_ftnref19&quot; name=&quot;_ftn19&quot;&gt;[19]&lt;\/a&gt;&lt;a href=&quot;#_ftn19&quot; name=&quot;_ftnref19&quot;&gt; Bordieu, define al omn\u00edvoro cultural como el consumidor de cultura por ocio, pero que no consume de manera arbitraria, consume porque su tiempo y recursos se lo permiten, aquello que emana de su c\u00edrculo social y de su nivel econ\u00f3mico, esto se extiende a los beneficios de las familias en educaci\u00f3n y actividades recreativas. (Miranda 1998 69-70)'><sup>20<\/sup><\/a><\/span><\/a>, cuyos intereses cambian de manera r\u00e1pida e incesante. Para los promotores culturales y mediadores de la cultura digital es necesario plantear estrategias, que tomen en cuenta a los nuevos productores art\u00edsticos, los tiempos de desarrollo y la proyecci\u00f3n de crecimiento, de tal forma que se multipliquen las voces que de otro modo jam\u00e1s tendr\u00e1n un espacio de expresi\u00f3n, con el tiempo suficiente de maduraci\u00f3n.<\/p>\n<p>Con las nuevas propuestas, es necesario cuidar los discursos de tal manera que permitan la participaci\u00f3n e incluso la creaci\u00f3n del p\u00fablico cada vez m\u00e1s activo, de manera regulada. En estas circunstancias, hay una nueva figura, la del prosumidor, es decir un consumidor que se vuelve productor y se vincula, participa con la facilidad de acceso que ofrecen plataformas y <em>softwares<\/em> de licencia cerrada y tambi\u00e9n de tipo <em>open access<\/em>. Esto lleva a los p\u00fablicos a participar en diferentes grupos, lo que genera una red diversa, porosa y cambiante. Los prosumidores, son p\u00fablicos que transitan desde la diversidad y se vinculan a trav\u00e9s de plataformas digitales, con nuevas ofertas art\u00edsticas, pero desde la comodidad de los medios digitales que llegan al hogar. En este sentido, las visitas f\u00edsicas a museos, galer\u00edas y otros espacios merman en virtud de falta de tiempo, dinero, de informaci\u00f3n, de preparaci\u00f3n, de costumbres y h\u00e1bitos, adem\u00e1s de la lejan\u00eda geogr\u00e1fica y el desinter\u00e9s por lo que pueda decir la obra cultural, \u00bfpara qu\u00e9 salir cuando en <em>streaming<\/em> la experiencia de un concierto est\u00e1 al alcance de una orden para Alexa<a href=\"#_ftn20\" name=\"_ftnref20\"><span id='easy-footnote-21-6944' class='easy-footnote-margin-adjust'><\/span><span class='easy-footnote'><a href='https:\/\/entretejidos.iconos.edu.mx\/thesite\/tres-experiencias-de-mediacion-cultural-en-espacios-de-exhibicion-de-arte\/#easy-footnote-bottom-21-6944' title='&lt;\/a&gt;&lt;a href=&quot;#_ftnref20&quot; name=&quot;_ftn20&quot;&gt;[20]&lt;\/a&gt;&lt;a href=&quot;#_ftn20&quot; name=&quot;_ftnref20&quot;&gt; Alexa es una AI, que se vincula a las redes y canales de un usuario espec\u00edfico o una familia de usuarios, por medio de una bocina-micr\u00f3fono y que hace b\u00fasquedas o ejecuta funciones de reproducci\u00f3n de contenidos digitales en diversos dispositivos inteligentes.'><sup>21<\/sup><\/a><\/span><\/a>?.<\/p>\n<p>Los espacios deben generar propuestas atractivas en m\u00e1s de un sentido, ofrecer lugares de desarrollo para los peque\u00f1os artistas y permitir un respiro que contrarreste una actitud hacia la actividad art\u00edstica o cultural, de desinter\u00e9s y apat\u00eda, ofrecer algo tan atractivo a los p\u00fablicos, que el costo-beneficio transforme el tedio de salir al mundo real, en el goce de encontrarse con olores, colores, sonidos, texturas y sabores, que s\u00f3lo pueden ocurrir cuando se est\u00e1 dispuesto a vivir la experiencia est\u00e9tica de la calle.<\/p>\n<p>Espacio Diana, es un centro cultural independiente y autogestionado que tiene una oferta rica y variada, en la que se ofrecen experiencias conocidas que, si bien no son nuevas, permiten desde las redes imaginar un lugar distinto que evoca sabores, colores y sonidos, su espacio transmite, invita y provoca a visitarlos. Al ingresar a su sitio se puede disfrutar de un concierto por pandemia<a href=\"#_ftn21\" name=\"_ftnref21\"><span id='easy-footnote-22-6944' class='easy-footnote-margin-adjust'><\/span><span class='easy-footnote'><a href='https:\/\/entretejidos.iconos.edu.mx\/thesite\/tres-experiencias-de-mediacion-cultural-en-espacios-de-exhibicion-de-arte\/#easy-footnote-bottom-22-6944' title='&lt;\/a&gt;&lt;a href=&quot;#_ftnref21&quot; name=&quot;_ftn21&quot;&gt;[21]&lt;\/a&gt;&lt;a href=&quot;#_ftn21&quot; name=&quot;_ftnref21&quot;&gt; Entre 2020 y 2022 varios pa\u00edses en el mundo mantuvieron al m\u00ednimo las salidas y el contacto en prevenci\u00f3n por la Pandemia derivada de la diseminaci\u00f3n del coronavirus y la morbilidad covid19.'><sup>22<\/sup><\/a><\/span><\/a>, del proyecto azotea ac\u00fastica, y con \u00e9l una opci\u00f3n de promoci\u00f3n y mediaci\u00f3n cultural.<\/p>\n<div id=\"attachment_7311\" style=\"width: 1435px\" class=\"wp-caption aligncenter\"><a href=\"https:\/\/entretejidos.iconos.edu.mx\/thesite\/wp-content\/uploads\/2024\/05\/Mediacion_09ok.png\"><img loading=\"lazy\" decoding=\"async\" aria-describedby=\"caption-attachment-7311\" class=\"wp-image-7311 size-full\" src=\"https:\/\/entretejidos.iconos.edu.mx\/thesite\/wp-content\/uploads\/2024\/05\/Mediacion_09ok.png\" alt=\"Figura 9. Concierto gratuito de Espacio Diana. Index del sitio Espacio Diana, ejemplo del proyecto azotea ac\u00fastica.Espacio Diana. \u201dEspacio Diana\u201d. Sitio web del Espacio Diana. 00-00-2021 Web 21-10-2021 &lt;URL&gt;\" width=\"1425\" height=\"970\" srcset=\"https:\/\/entretejidos.iconos.edu.mx\/thesite\/wp-content\/uploads\/2024\/05\/Mediacion_09ok.png 1425w, https:\/\/entretejidos.iconos.edu.mx\/thesite\/wp-content\/uploads\/2024\/05\/Mediacion_09ok-300x204.png 300w, https:\/\/entretejidos.iconos.edu.mx\/thesite\/wp-content\/uploads\/2024\/05\/Mediacion_09ok-1024x697.png 1024w, https:\/\/entretejidos.iconos.edu.mx\/thesite\/wp-content\/uploads\/2024\/05\/Mediacion_09ok-768x523.png 768w\" sizes=\"auto, (max-width: 1425px) 100vw, 1425px\" \/><\/a><p id=\"caption-attachment-7311\" class=\"wp-caption-text\">Figura 9. Concierto gratuito de Espacio Diana. Index del sitio Espacio Diana, ejemplo del proyecto azotea ac\u00fastica. Espacio Diana. \u201dEspacio Diana\u201d. Sitio web del Espacio Diana. 00-00-2021 Web 21-10-2021<\/p><\/div>\n<p>En Espacio Diana, construyen eventos para diversos grupos, con artistas emergentes, as\u00ed buscan crear juntos propuestas para p\u00fablicos \u00e1vidos de experiencias ricas, en distintos formatos, integrando de manera regular las proyecciones virtuales, como una promesa de la cultura que est\u00e1 fuera y que el espectador puede llegar a conocer.<\/p>\n<div id=\"attachment_7310\" style=\"width: 1419px\" class=\"wp-caption aligncenter\"><a href=\"https:\/\/entretejidos.iconos.edu.mx\/thesite\/wp-content\/uploads\/2024\/05\/Mediacion_10ok.png\"><img loading=\"lazy\" decoding=\"async\" aria-describedby=\"caption-attachment-7310\" class=\"wp-image-7310 size-full\" src=\"https:\/\/entretejidos.iconos.edu.mx\/thesite\/wp-content\/uploads\/2024\/05\/Mediacion_10ok.png\" alt=\"Figura 10. Ejemplo de obra teatral para toda la familia en el sitio Espacio Diana. Espacio Diana. \u201dEspacio Diana\u201d. Sitio web del Espacio Diana. 00-00-2021 Web 21-10-2021\" width=\"1409\" height=\"668\" srcset=\"https:\/\/entretejidos.iconos.edu.mx\/thesite\/wp-content\/uploads\/2024\/05\/Mediacion_10ok.png 1409w, https:\/\/entretejidos.iconos.edu.mx\/thesite\/wp-content\/uploads\/2024\/05\/Mediacion_10ok-300x142.png 300w, https:\/\/entretejidos.iconos.edu.mx\/thesite\/wp-content\/uploads\/2024\/05\/Mediacion_10ok-1024x485.png 1024w, https:\/\/entretejidos.iconos.edu.mx\/thesite\/wp-content\/uploads\/2024\/05\/Mediacion_10ok-768x364.png 768w\" sizes=\"auto, (max-width: 1409px) 100vw, 1409px\" \/><\/a><p id=\"caption-attachment-7310\" class=\"wp-caption-text\">Figura 10. Ejemplo de obra teatral para toda la familia en el sitio Espacio Diana. Espacio Diana. \u201dEspacio Diana\u201d. Sitio web del Espacio Diana. 00-00-2021 Web 21-10-2021<\/p><\/div>\n<p>Desde la concepci\u00f3n del Espacio Diana en un lugar de juegos mec\u00e1nicos de los a\u00f1os 30<a href=\"#_ftn22\" name=\"_ftnref22\"><span id='easy-footnote-23-6944' class='easy-footnote-margin-adjust'><\/span><span class='easy-footnote'><a href='https:\/\/entretejidos.iconos.edu.mx\/thesite\/tres-experiencias-de-mediacion-cultural-en-espacios-de-exhibicion-de-arte\/#easy-footnote-bottom-23-6944' title='&lt;\/a&gt;&lt;a href=&quot;#_ftnref22&quot; name=&quot;_ftn22&quot;&gt;[22]&lt;\/a&gt;&lt;a href=&quot;#_ftn22&quot; name=&quot;_ftnref22&quot;&gt; Los Juegos Diana se abrieron como un parque de diversiones con juegos mec\u00e1nicos en 1934, en 2016 el espacio fue remodelado y Espacio Diana se ha encargado de recuperar el espacio para incentivar la convivencia familiar y cultural.'><sup>23<\/sup><\/a><\/span><\/a>, su misi\u00f3n ha sido llevar la consistencia del costo-beneficio de los consumos culturales. De tal manera que la propuesta no sea una carga para el creador, sino que la correcta planeaci\u00f3n y gesti\u00f3n del mediador sea capaz de quitar la barrera simb\u00f3lica, de las distintas faltas de tiempo, dinero, entre otros, para que se impliquen los internautas, en el cambio de los contextos y se deje de pensar en las artes como industrias creativas para el consumidor voraz. Que no se piense en audiencias virtuales o presenciales, sino que su participaci\u00f3n como audiencias sufra una transformaci\u00f3n en p\u00fablicos, porque el p\u00fablico a diferencia de la audiencia siempre es presencial, de tal modo que la experiencia del arte sea por medio de la performatividad de lo sensible que se vive y se siente, no a trav\u00e9s de una pantalla, sino en presencia de los p\u00fablicos. (Parque Cultural Valpara\u00edso 2017 8:54-11:24)<\/p>\n<p>Entre otros elementos Espacio Diana cuenta con un restaurante, el tratamiento que se hace en su sitio <em>web <\/em>de la experiencia del gozo por la degustaci\u00f3n, permite a la audiencia desear el participar del espacio, incluso desde los sabores visuales, para convertirse en p\u00fablico, porque lo que se ve delicioso, debe juzgarse en vivo.<\/p>\n<div id=\"attachment_7256\" style=\"width: 1199px\" class=\"wp-caption aligncenter\"><a href=\"https:\/\/entretejidos.iconos.edu.mx\/thesite\/wp-content\/uploads\/2024\/05\/Mediacion_11.png.png\"><img loading=\"lazy\" decoding=\"async\" aria-describedby=\"caption-attachment-7256\" class=\"wp-image-7256 size-full\" src=\"https:\/\/entretejidos.iconos.edu.mx\/thesite\/wp-content\/uploads\/2024\/05\/Mediacion_11.png.png\" alt=\"Figura 11. Index del sitio Restaurante La Diana, perteneciente a Espacio DianaEspacio Diana. \u201dEspacio Diana\u201d. Sitio web del Espacio Diana. 00-00-2021 Web 21-10-2021 &lt;URL&gt;\" width=\"1189\" height=\"715\" srcset=\"https:\/\/entretejidos.iconos.edu.mx\/thesite\/wp-content\/uploads\/2024\/05\/Mediacion_11.png.png 1189w, https:\/\/entretejidos.iconos.edu.mx\/thesite\/wp-content\/uploads\/2024\/05\/Mediacion_11.png-300x180.png 300w, https:\/\/entretejidos.iconos.edu.mx\/thesite\/wp-content\/uploads\/2024\/05\/Mediacion_11.png-1024x616.png 1024w, https:\/\/entretejidos.iconos.edu.mx\/thesite\/wp-content\/uploads\/2024\/05\/Mediacion_11.png-768x462.png 768w\" sizes=\"auto, (max-width: 1189px) 100vw, 1189px\" \/><\/a><p id=\"caption-attachment-7256\" class=\"wp-caption-text\">Figura 11. Index del sitio Restaurante La Diana, perteneciente a Espacio Diana Espacio Diana. \u201dEspacio Diana\u201d. Sitio web del Espacio Diana. 00-00-2021 Web 21-10-2021<\/p><\/div>\n<p>&nbsp;<\/p>\n<p>La experiencia del p\u00fablico no puede quedarse s\u00f3lo como tal, la transformaci\u00f3n debe llevarlo a la forma final, el espectador, que es presencial, y, adem\u00e1s, est\u00e1 implicado. El espectador comparte inter\u00e9s, tiene criterio y consciencia, es el \u00faltimo nivel de consumidor cultural, es fiel a las propuestas, se interesa y le permite crecer y mejorar, a la propuesta cultural, es parte de la comunidad real y mantiene un di\u00e1logo profundo con el espacio de exhibici\u00f3n.<\/p>\n<p>Las nuevas audiencias esperan estar, el p\u00fablico ya est\u00e1, pero debe transformarse, el p\u00fablico debe cambiar, debe poder participar porque ah\u00ed es donde vive la democracia del arte, as\u00ed convertirse en espectador (Groys \u00a02008 14). El espectador conoce, opina, y puede seguir de manera clara la propuesta performativa del nuevo productor del arte, que conoce y se involucra en redes, pero est\u00e1 m\u00e1s all\u00e1 de ellas, porque tiene la gu\u00eda invaluable del espectador, de su voz, de lo que le narra de su realidad, y eso le permite transformarse en mediador artista, para crear obra que pueda dialogar con las comunidades vivas. Es decir, lo que sucedi\u00f3 con las estrellas que de adornar el cielo por la noche, contaron historias, cuidaron a los navegantes, se integraron a manera de mitos para devolver una mirada clara de fuerza, valor y compa\u00f1erismo. Mientras haya espectadores, el arte dejar\u00e1 de adornar paredes, podr\u00e1 contar historias, acompa\u00f1ar a su comunidad y ser parte de los relatos que se cuentan y que reflejan los valores humanos.<\/p>\n<p>Al parecer tener acceso al arte ser\u00eda suficiente para transformar comunidades, pero al no tener un di\u00e1logo con la forma art\u00edstica entonces se pierde una oportunidad \u00fanica de cambio. La diferencia entre democratizaci\u00f3n y los accesos culturales es el derecho a la cultura que es parte de la diversidad de identidades, en donde todos tiene derecho a una voz. La democratizaci\u00f3n se da cuando la <strong>audiencia<\/strong> que s\u00f3lo escucha se hace presente como <strong>p\u00fablico<\/strong>, luego el <strong>p\u00fablico<\/strong> crece y se involucra de tal manera que se vuelve <strong>espectador<\/strong>, porque a un <strong>espectador<\/strong> su identidad le permite involucrarse, decidir, hablar y cambiar, al museo, y a su comunidad, por lo tanto, es parte de una comunidad democr\u00e1tica que exige y participa de sus derechos en la vida cultural que se le presenta.(Groys 2008 14-17)<\/p>\n<p><strong>Conclusiones<\/strong><\/p>\n<p>La mediaci\u00f3n cultural en su dimensi\u00f3n de transformaci\u00f3n en pol\u00edticas de exhibici\u00f3n y proyectos de promoci\u00f3n cultural permite compartir voces desde la expresi\u00f3n, en este caso al describir distintos espacios desde el museo, la asociaci\u00f3n gubernamental y la fundaci\u00f3n no gubernamental, no se comprob\u00f3 la hip\u00f3tesis inicial, en la que se parte de que, el mediador genera narrativas y guiones dependiendo del usuario, dado que la mediaci\u00f3n debe partir del respeto por el otro y considerar sus posibilidades y necesidades del di\u00e1logo con el arte, al respecto se respondi\u00f3 a la pregunta, desde distintos principios, miradas y experiencias, en donde la narrativa depende del espacio de exhibici\u00f3n, de la comunidad, de conocimientos acad\u00e9micos y tambi\u00e9n del conocimiento de las poblaciones, y en una mirada ideal de la democracia cultural.<\/p>\n<p>La perspectiva del museo, la apertura y la b\u00fasqueda de las artes dentro y fuera de sus muros, en espacios de tr\u00e1nsito, en espacios virtuales, es propia del hambre de exploraci\u00f3n, pero se limita a sus paredes, en tal caso la mediaci\u00f3n cultural debe poder andar por las calles. Considerando los tres casos analizados, viene a la memoria, el mito de las musas que, hablaban al o\u00eddo a los hombres, inspir\u00e1ndolos para llegar al momento de la creaci\u00f3n, es en este sentido que el museo debe poder hablar, y si la audiencia no llega, debe buscarla, debe seducirla, atraerla para hacerla p\u00fablico, espectador, en su car\u00e1cter de espacio, ser\u00eda imposible sin la figura del mediador, que en ocasiones debe salir a la calle en busca de una audiencia dispuesta a transformarse en p\u00fablico y despu\u00e9s en espectador.<\/p>\n<p>En los espacios analizados se trata la mediaci\u00f3n cultural en el sentido de formaci\u00f3n para comunidades amplias. En el museo se habla de entablar di\u00e1logos con adultos por la conciencia cr\u00edtica y la capacidad de an\u00e1lisis con la que cuentan, mientras que en la fundaci\u00f3n incluso se hace la distinci\u00f3n de tres niveles de usuario: audiencia, p\u00fablico, espectador; a los que se debe provocar para lograr, la metamorfosis que permita potencializar el arte y llevarlo hacia una democratizaci\u00f3n del consumo cultural.<\/p>\n<p>En todo caso para la integraci\u00f3n de la promoci\u00f3n cultural considerando los elementos revisados, las recomendaciones y la literatura, los mediadores culturales deben integrarse, involucrarse y participar activamente de distintas experiencias art\u00edsticas en la formaci\u00f3n integral de los usuarios. La experiencia de la mediaci\u00f3n debe provocar desde narrativas multisensoriales, la pl\u00e1tica, la convivencia, y los cuestionamientos.<\/p>\n<p>La generaci\u00f3n de pensamiento en comunidad y desarrollo cultural dif\u00edcilmente podr\u00e1n crecer \u00fanicamente con apoyo de pol\u00edticas p\u00fablicas, para esto es necesario escuchar y acompa\u00f1arse de la mediaci\u00f3n cultural impulsada por la iniciativa de asociaciones. Las colectividades p\u00fablicas, privadas y mixtas de mediaci\u00f3n cultural, tienen en este aspecto una serie de pr\u00e1cticas creativas, para las comunidades y desde las comunidades, que consideran la memoria, en donde los p\u00fablicos deben poder perderse para encontrar nuevos caminos de intervenci\u00f3n, en los que participar activamente con todos sus sentidos, con conciencia, en libertad y democracia por la elecci\u00f3n de una vida cultural para todos.<\/p>\n<p><strong>FUENTES DE CONSULTA<\/strong><\/p>\n<p>Abad Merino, M. \u00abMediaci\u00f3n Cultural Y mediaci\u00f3n ling\u00fc\u00edstica En La Frontera De Granada\u00bb. Medievalismo, n.\u00ba 27, diciembre de 2017, pp. 13-43, doi:10.6018\/medievalismo.27.310541. &lt;<a href=\"https:\/\/bv.unir.net:2610\/2.0.0\/link\/0\/eLvHCXMwpV3JTsMwELWAXpAQO2KXT9zSJnbiuKgCmdKWiipAaJE4RU6cSAhBSwtI_QhOXPmb_hieLCw9cOE8OSR541k9bxCipGwaUzYhoZElpR07XBJWdaOYKIfGTLHEpFzl09LVm3PWbJGr_HIhjMbkcBdWMjXdqh9B1bwCdX0gL3Hp8eDJgD1S0G_Nl2rMopIOtl2t56WThnfpf9VdYBaVpYv0LItaBtf-NBsc1pkJr0BDG2i270YP_TJxdUarQxrrt8_6bbJTP9RcQqp45fAVGtFDqCwcaltfnaJ3_NdXLaPFPE7FIlOsFTQTj1bRekYqMsYHGBhrZboVeLyGwtqDHN4fAVWkqLcn7x6u9zrdni86tUoqwbd4-pFC0ml7rcnH5O26264L3PBwR-CmfwFMvQKfNnDLF544Feuo12x062dGvrzBgN311EgUqXKgH-ScWZEjWaJiZjP4-zJmOmrRliJMGJEmSZRWJMdOlCN5KG1uhy6VdAMtSLjk__icDgOqTYS1x7WUy6WOSnRGT0LoWcbcYqYMHR7RcAtVCpyCQUbWEegkB5ANfiIbEDfIkN1CuwUKQX54R8E3BNt_i3fQPAEvn1ZkdtHc8_Al3kNzAP9-rnef6pvkDw\">URL<\/a>&gt;<\/p>\n<p>Aguirre Arriaga, Imanol. \u00abLas artes en la trama de la cultura. Fundamentos para renovar la educaci\u00f3n art\u00edstica.\u00bb Revista digital do LAV 1.1 (2008).<\/p>\n<p>Bettelheim, Bruno. <em>Psicoan\u00e1lisis de los cuentos de hadas<\/em>. Biblioteca de Bolsillo. 2010<\/p>\n<p>Cabledesign.<em>\u00a0 \u00bfQu\u00e9 es un lazo de inducci\u00f3n magn\u00e9tica?. <\/em>(2022) URL <a href=\"https:\/\/www.cabledesign.es\/2017\/03\/20\/que-es-un-lazo-de-induccion-magnetica\/\">https:\/\/www.cabledesign.es\/2017\/03\/20\/que-es-un-lazo-de-induccion-magnetica\/<\/a><\/p>\n<p><em>Conferencia Javier Ibacache, Seminario \u00bfQu\u00e9 entendemos por Mediaci\u00f3n Cultural?<\/em> <strong>Parque Cultural de Valparaiso<\/strong>. YouTube 10-07-2017 Web 19-10-2021 &lt;<a href=\"https:\/\/www.youtube.com\/watch?v=itN12TaSqyU&amp;t=627s\">URL<\/a>&gt;<\/p>\n<p>Cuomo Rivers.<em> Island in the Sun [canci\u00f3n]. <\/em>En<em> The Green Album. Weezer. <\/em>(2001)<\/p>\n<p>Daguerre, Mart\u00edn. \u00abDesigualdad de ingresos, justicia y bienestar social.\u00bb (2012). &lt;URL&gt; <a href=\"https:\/\/ojs.uv.es\/index.php\/CEFD\/article\/view\/10496\/pdf\">https:\/\/ojs.uv.es\/index.php\/CEFD\/article\/view\/10496\/pdf<\/a><\/p>\n<p>Espacio Diana. \u201dEspacio Diana\u201d. Sitio web del Espacio Diana. 00-00-2021 Web 21-10-2021 &lt;<a href=\"https:\/\/www.espaciodiana.cl\/index_main.php\">URL<\/a>&gt;<\/p>\n<p>Espacio Diana. \u201dLa Diana\u201d. Sitio web del Restaurante La Diana. 00-00-2020 Web 21-10-2021 &lt;<a href=\"https:\/\/ladiana.cl\/\">URL<\/a>&gt;<\/p>\n<p>Groys, Boris. Art Power. MIT press 2008.<\/p>\n<p>Hervada, Javier<em>. Introducci\u00f3n al estudio del derecho can\u00f3nico. <\/em>Ediciones Universidad de Navarra, 2007. &lt;URL&gt; <a href=\"https:\/\/dadun.unav.edu\/bitstream\/10171\/56048\/1\/Introducci%C3%B3n%20al%20estudio%20DC.pdf\">https:\/\/dadun.unav.edu\/bitstream\/10171\/56048\/1\/Introducci%C3%B3n%20al%20estudio%20DC.pdf<\/a><\/p>\n<p>Kumar, Sunita. \u201c<em>Neuromarketing: the new science of advertising\u201d.<\/em><\/p>\n<p><em>Universal Journal of Management<\/em> 3.12 (2015): 524-531 &lt;URL&gt; <a href=\"https:\/\/bit.ly\/3xIghBd\">https:\/\/bit.ly\/3xIghBd<\/a><\/p>\n<p>Museo Nacional Centro de Arte Reina Sof\u00eda. \u201dMediaci\u00f3n\u201d. Sitio web del Museo Nacional Centro de Arte Reina Sof\u00eda. 00-00-2021 Web 20-10-2021 &lt;<a href=\"https:\/\/www.museoreinasofia.es\/educacion\/mediacion\">URL<\/a>&gt;<\/p>\n<p><em>Mediaci\u00f3n cultural<\/em>. Museo Nacional Centro de Arte Reina Sof\u00eda.YouTube 07-09-2013 Web 19-10-2021 &lt;<a href=\"https:\/\/www.youtube.com\/watch?v=XBgkG9_eDos\">URL<\/a>&gt;<\/p>\n<p>Miranda, F. J. N. (1998). Omn\u00edvoros sociables. Consumo y capital relacional en Espa\u00f1a. Sociol\u00f3gica: Revista de pensamiento social, (3), 69-92. &lt;URL&gt; <a href=\"https:\/\/bit.ly\/36S2xst\">https:\/\/bit.ly\/36S2xst<\/a><\/p>\n<p><em>Ronda Cultural.<\/em> Ministerio de Cultura de la Naci\u00f3n. Argentina. YouTube 07-04-2014 Web 20-10-2021 &lt;<a href=\"https:\/\/www.youtube.com\/watch?v=xxXldZq-Ow8\">URL<\/a>&gt;<\/p>\n<p>Ronda Cultural. \u201dFormaci\u00f3n\u201d. Sitio web del Museo Nacional Centro de Arte Reina Sof\u00eda. 00-00-2021 Web 20-10-2021 &lt;<a href=\"https:\/\/www.museoreinasofia.es\/educacion\/mediacion\">URL<\/a>&gt;<\/p>\n<p>Secretar\u00eda de Turismo. <em>Pueblos M\u00e1gicos de M\u00e9xico<\/em>. Web 11-04-2022 &lt;URL&gt; <a href=\"https:\/\/www.gob.mx\/sectur\/articulos\/pueblos-magicos-206528\">https:\/\/www.gob.mx\/sectur\/articulos\/pueblos-magicos-206528<\/a><\/p>\n<p>Secretar\u00eda de Cultural. El dios perro X\u00f3lotl [Blog]. 29-01-2020&lt;URL&gt; <a href=\"https:\/\/www.gob.mx\/cultura\/es\/articulos\/el-dios-perro-xolotl?idiom=es\">https:\/\/www.gob.mx\/cultura\/es\/articulos\/el-dios-perro-xolotl?idiom=es<\/a><\/p>\n<p><em>Ronda Cultural.<\/em> Ministerio de Cultura de la Naci\u00f3n. Argentina. YouTube 07-04-2014 Web 20-10-2021 &lt;<a href=\"https:\/\/www.youtube.com\/watch?v=xxXldZq-Ow8\">URL<\/a>&gt;<\/p>\n<p><em>\u00bfQu\u00e9 es la mediaci\u00f3n cultural? por Valeria Escolar.<\/em> Hacer Cultura. <strong>Fundaci\u00f3n Medif\u00e9<\/strong>. YouTube 10-07-2017 Web 19-10-2021 &lt;<a href=\"https:\/\/www.youtube.com\/watch?v=_cgvRTrbLS4\">URL<\/a>&gt;<\/p>\n<p>Wilkinson, Philip. <em>Mitos y Leyendas: Gu\u00eda Ilustrada de su origen y significado<\/em>. Penguin Random House. 2020<\/p>\n<p><a href=\"#_ftnref1\" name=\"_ftn1\"><\/a><\/p>\n<div class=\"page\" title=\"Page 26\">\n<div class=\"layoutArea\">\n<div class=\"column\">\n<p><em><span style=\"font-size: 14pt;\"><strong><span style=\"color: #f37376;\">Semblanza<\/span><\/strong><\/span><\/em><\/p>\n<\/div>\n<\/div>\n<p>&nbsp;<\/p>\n<div class=\"layoutArea\">\n<div class=\"column\">\n<p>Darzee Aime Odalmira Santiago Ortega<\/p>\n<p>&nbsp;<\/p>\n<p><span style=\"color: #f37376;\">Formacio\u0301n acade\u0301mica:<\/span> licenciada en Disen\u0303o de la Comunicacio\u0301n Gra\u0301fica por la Universidad Auto\u0301noma Metropolitana-Azcapotzalco; estudios de maestri\u0301a en Comunicacio\u0301n y Estudios Culturales por ICONOS, Instituto de Investigacio\u0301n en Comunicacio\u0301n y Cultura.<\/p>\n<p><span style=\"color: #f37376;\">Actividad laboral:<\/span> docente de la carrera Te\u0301cnico en Disen\u0303o Gra\u0301fico Digital (TDGD) desde 2008, con siete an\u0303os de experiencia en el desarrollo de direccio\u0301n de investigacio\u0301n de la li\u0301nea de comunicacio\u0301n en medios digitales e investigacio\u0301n participante en la li\u0301nea de competencias docentes. Disen\u0303o\u0301 cursos de actualizacio\u0301n y formacio\u0301n docente de taller de video, comunicacio\u0301n corporativa, disen\u0303o web para docentes, mediacio\u0301n cultural y educacio\u0301n 4.0. Participo\u0301 como disen\u0303adora y asesora en la Evaluacio\u0301n de Proceso del Modelo Mexicano de Formacio\u0301n Dual 2017, y Diagno\u0301stico Anual de Violencia Escolar 2017 y 2019, en el estado de Guanajuato. Coordino\u0301 estudios de vigencia y pertinencia para la carrera TDGD de 2017 a 2021, coordino\u0301 el a\u0301rea de planeacio\u0301n dida\u0301ctica y formacio\u0301n docente de 2015 a 2018. Actualmente coordina el redisen\u0303o curricular TDGD y se desempen\u0303a desde 2018 como Coordinadora de la Plataforma Acade\u0301mica Digital, CECyT 2 del IPN, donde maneja redes y comunicacio\u0301n en li\u0301nea.<\/p>\n<p><span style=\"color: #f37376;\">Correo:<\/span> hagendash@gmail.com<\/p>\n<\/div>\n<\/div>\n<\/div>\n","protected":false},"excerpt":{"rendered":"<p>Este art\u00edculo busca mostrar las experiencias de la mediaci\u00f3n cultural en tres espacios de exhibici\u00f3n de arte distintos, el primero el Museo de Nacional Centro de Arte Reina Sof\u00eda en Espa\u00f1a (en adelante MNCARS), donde la figura del mediador cultural ha desarrollado m\u00e9todos de acercamiento que propician el di\u00e1logo entre la obra y el p\u00fablico&#8230;  <a class=\"excerpt-read-more\" href=\"https:\/\/entretejidos.iconos.edu.mx\/thesite\/tres-experiencias-de-mediacion-cultural-en-espacios-de-exhibicion-de-arte\/\" title=\"Read Tres experiencias de mediaci\u00f3n cultural en espacios de exhibici\u00f3n de arte.\">Leer m\u00e1s &raquo;<\/a><\/p>\n","protected":false},"author":190,"featured_media":7188,"comment_status":"open","ping_status":"open","sticky":false,"template":"","format":"standard","meta":{"_acf_changed":false,"_monsterinsights_skip_tracking":false,"_monsterinsights_sitenote_active":false,"_monsterinsights_sitenote_note":"","_monsterinsights_sitenote_category":0,"footnotes":""},"categories":[3],"tags":[],"coauthors":[934],"class_list":["post-6944","post","type-post","status-publish","format-standard","has-post-thumbnail","hentry","category-estudios-de-la-cultura"],"acf":[],"_links":{"self":[{"href":"https:\/\/entretejidos.iconos.edu.mx\/thesite\/wp-json\/wp\/v2\/posts\/6944","targetHints":{"allow":["GET"]}}],"collection":[{"href":"https:\/\/entretejidos.iconos.edu.mx\/thesite\/wp-json\/wp\/v2\/posts"}],"about":[{"href":"https:\/\/entretejidos.iconos.edu.mx\/thesite\/wp-json\/wp\/v2\/types\/post"}],"author":[{"embeddable":true,"href":"https:\/\/entretejidos.iconos.edu.mx\/thesite\/wp-json\/wp\/v2\/users\/190"}],"replies":[{"embeddable":true,"href":"https:\/\/entretejidos.iconos.edu.mx\/thesite\/wp-json\/wp\/v2\/comments?post=6944"}],"version-history":[{"count":11,"href":"https:\/\/entretejidos.iconos.edu.mx\/thesite\/wp-json\/wp\/v2\/posts\/6944\/revisions"}],"predecessor-version":[{"id":7377,"href":"https:\/\/entretejidos.iconos.edu.mx\/thesite\/wp-json\/wp\/v2\/posts\/6944\/revisions\/7377"}],"wp:featuredmedia":[{"embeddable":true,"href":"https:\/\/entretejidos.iconos.edu.mx\/thesite\/wp-json\/wp\/v2\/media\/7188"}],"wp:attachment":[{"href":"https:\/\/entretejidos.iconos.edu.mx\/thesite\/wp-json\/wp\/v2\/media?parent=6944"}],"wp:term":[{"taxonomy":"category","embeddable":true,"href":"https:\/\/entretejidos.iconos.edu.mx\/thesite\/wp-json\/wp\/v2\/categories?post=6944"},{"taxonomy":"post_tag","embeddable":true,"href":"https:\/\/entretejidos.iconos.edu.mx\/thesite\/wp-json\/wp\/v2\/tags?post=6944"},{"taxonomy":"author","embeddable":true,"href":"https:\/\/entretejidos.iconos.edu.mx\/thesite\/wp-json\/wp\/v2\/coauthors?post=6944"}],"curies":[{"name":"wp","href":"https:\/\/api.w.org\/{rel}","templated":true}]}}