{"id":7093,"date":"2024-03-18T11:47:51","date_gmt":"2024-03-18T17:47:51","guid":{"rendered":"https:\/\/entretejidos.iconos.edu.mx\/thesite\/?p=7093"},"modified":"2024-06-28T12:20:09","modified_gmt":"2024-06-28T18:20:09","slug":"ciudadania-digital-un-acercamiento-al-estado-del-arte","status":"publish","type":"post","link":"https:\/\/entretejidos.iconos.edu.mx\/thesite\/ciudadania-digital-un-acercamiento-al-estado-del-arte\/","title":{"rendered":"Ciudadan\u00eda digital. Un acercamiento al estado del arte."},"content":{"rendered":"<p>La ciudadan\u00eda digital es un concepto contempor\u00e1neo en el que convergen la construcci\u00f3n y aplicaci\u00f3n de los derechos humanos y la creciente complejidad del actuar individual y social en el ciberespacio. Los derechos humanos representan un constructo que se pone a prueba en su ejercicio mediado por la tecnolog\u00eda digital y sus expresiones comunicativas a trav\u00e9s de la Internet. El ejercicio de la ciudadan\u00eda, reconocida en el plano de la vida social como acuerdo que sostiene el valor, la participaci\u00f3n y la importancia de la vida de cada persona para incidir en las comunidades de las que forma parte, muestra diversos cambios y condiciones diferenciadoras cuando se ejerce mediada por la tecnolog\u00eda. Desde la brecha digital hasta la posesi\u00f3n de herramientas que habiliten el desempe\u00f1o medi\u00e1tico de la poblaci\u00f3n, pasando por la existencia de derechos digitales y la necesidad de la Alfabetizaci\u00f3n Medi\u00e1tica e Informacional son numerosos los retos que se enfrentan para definir, encauzar y posibilitar una ciudadan\u00eda digital plena para toda la poblaci\u00f3n.<\/p>\n<p><em><strong>\u00a0Abstract<\/strong><\/em><\/p>\n<p><em><strong>\u00a0<\/strong>Digital citizenship is a contemporary concept in which the construction and application of human rights and the growing complexity of individual and social action in cyberspace converge. Human rights represent a construct that is tested in its exercise mediated by digital technology and its communicative expressions through the Internet. The exercise of citizenship, recognized at the level of social life as an agreement that sustains the value, participation and importance of each person&#8217;s life to influence the communities of which they are part, shows various changes and differentiating conditions when It is exercised mediated by technology. From the digital divide to the possession of tools that enable the population&#8217;s media performance, through the existence of digital rights and the need for Media and Information Literacy, there are numerous challenges faced to define, channel and enable digital citizenship. full for the entire population.<\/em><\/p>\n<p><strong>\u00a0<\/strong><strong>Palabras clave: <\/strong>Ciudadan\u00eda digital,\u00a0Alfabetizaci\u00f3n medi\u00e1tica e informacional,\u00a0Derechos digitales,\u00a0Derechos humanos<\/p>\n<p><a href=\"https:\/\/entretejidos.iconos.edu.mx\/thesite\/wp-content\/uploads\/2024\/05\/ciudadania_digital_ok.pdf\">PDF<\/a><\/p>\n<p><!--more--><\/p>\n<p><strong>Introducci\u00f3n<\/strong><\/p>\n<p>En occidente, la construcci\u00f3n de ciudadan\u00eda, la noci\u00f3n de ciudadano o ciudadana, representa uno de los elementos fundamentales de la democracia y de los derechos humanos. Tener una ciudadan\u00eda, participar en procesos electorales y c\u00edvicos, intervenir en la toma de decisiones que afectan a todas las personas que integran una sociedad, interpelar a los aparatos estatales y gubernamentales, tener acceso a la informaci\u00f3n, participar de la discusi\u00f3n p\u00fablica entre otras actividades, forma parte del ser ciudadano. En un status que hoy en d\u00eda est\u00e1 claro y que, aunque con altibajos, se ejerce en extenso en casi todo el mundo, la de ser ciudadana o ciudadano es una condici\u00f3n humana fuera de dudas.<\/p>\n<p>En la perspectiva contempor\u00e1nea esta condici\u00f3n ciudadana se ve modalizada por diversos factores, que van desde la naturaleza de los gobiernos, la participaci\u00f3n social, el nivel educativo de los individuos, su nivel econ\u00f3mico, su horizonte cultural, el acceso a la riqueza y a los beneficios sociales. Un factor adicional, en el ejercicio de esa condici\u00f3n ciudadana, que habr\u00eda que ser considerado y que s\u00f3lo en el presente se manifiesta en extenso, es el desarrollo tecnol\u00f3gico y m\u00e1s a\u00fan el desarrollo tecnol\u00f3gico asociado a Internet, al ciberespacio y a los procesos de digitalizaci\u00f3n que intervienen en todas las esferas de la vida social -y privada, inclusive.<\/p>\n<p>La pandemia de COVID 19 representa un punto de inflexi\u00f3n social que dej\u00f3 de manifiesto \u2013 a lo largo de casi tres a\u00f1os de emergencia mundial- que las expresiones tecnol\u00f3gicas influyen en las configuraciones sociales, comunitarias y personales. El gran laboratorio mundial que signific\u00f3 el hacer frente a la pandemia y a un largo periodo de confinamiento mundial, puso a prueba la capacidad social para adaptarse a las pr\u00e1cticas de la vida <em>on line<\/em> frente a la vida <em>off line<\/em>. Las pr\u00e1cticas sociales, las actividades cotidianas personales, las relaciones entre los individuos, los horizontes de lo simb\u00f3lico, todas las esferas humanas se vieron trastocadas con la pandemia. La irrupci\u00f3n de lo digital en ellas, como hemos advertido, no se circunscribi\u00f3 a los a\u00f1os de la emergencia, sino que ha dejado su impronta hasta la actualidad, en un proceso que sigue su marcha y en el que no hay regreso, ni posibilidad de ralentizar y menos, detener. Si la condici\u00f3n social de ciudadan\u00eda daba sentido y significado al ser comunitario en su relaci\u00f3n f\u00edsica, sensorial, con el otro, \u00a0la emergencia sanitaria dio paso a una experiencia intensificada: la ciudadan\u00eda como pr\u00e1ctica social en ambientes virtuales, mediatizada por lo digital, expandida en el ciberespacio.<\/p>\n<p>De esta manera es que podemos hablar de una <em>ciudadan\u00eda digital<\/em> como un concepto que se ha popularizado y encontramos cada vez m\u00e1s presente en la conversaci\u00f3n social, en las redes sociodigitales, en los medios de comunicaci\u00f3n y en la academia. Indagar en el origen del concepto y sus implicaciones sociales es el objetivo del presente trabajo, que ofrece un reporte sobre la b\u00fasqueda de fuentes en Internet que contribuyan a configurar el estado del arte en la materia.<\/p>\n<p><strong>L\u00edmites, origen, principio y fin. Genealog\u00edas<\/strong>.<\/p>\n<p>Aun cuando la experiencia pand\u00e9mica representa un hito para la diseminaci\u00f3n del concepto de <em>ciudadan\u00eda digital<\/em>, la idea de ciudadan\u00eda asociada a la tecnolog\u00eda digital, ya se hab\u00eda venido trabajando en las reflexiones acad\u00e9micas y en documentos de agencias internacionales en los cuales se aborda el concepto vinculado a la instrumentaci\u00f3n de pol\u00edticas p\u00fablicas y en la perspectiva del desarrollo social. En el art\u00edculo \u201cEl enfoque de derechos humanos y ciudadan\u00eda digital en la ciudad\u201d, de L. E. Santana e I. Serra, de la CEPAL, se apunta que:<\/p>\n<blockquote><p>El concepto de ciudadan\u00eda se puede entender como el derecho a compartir y \u00a0participar plenamente del legado social y a tener la vida de un ser civilizado (Marshall, 1963). Es as\u00ed c\u00f3mo se puede ver una evoluci\u00f3n hist\u00f3rica del concepto de acuerdo a las caracter\u00edsticas y normas de cada sociedad, desde una ciudadan\u00eda civil a una ciudadan\u00eda pol\u00edtica, para luego incluir una ciudadan\u00eda social y econ\u00f3mica (Papacharissi, 2021). La ejecuci\u00f3n de esta participaci\u00f3n y ejercicio de derechos de la ciudadan\u00eda estaban, hasta hace poco, ligadas a una estructura geogr\u00e1fica, como pueden ser los Estado-naci\u00f3n o ciudades. Actualmente, la revoluci\u00f3n digital parece haber sentado las bases para otro tipo o \u00e1mbito de ciudadan\u00eda: la ciudadan\u00eda digital. (Santana y Serra, p. 7)<\/p><\/blockquote>\n<p>Como vemos, el concepto ciudadan\u00eda digital parte de lo establecido sociol\u00f3gica y pol\u00edticamente como el status de ciudadano, pero que en el presente se expresa tambi\u00e9n en los \u00e1mbitos virtuales de internet por lo que, a las caracter\u00edsticas del concepto <em>anal\u00f3gico<\/em> habr\u00eda que sumarle la dimensi\u00f3n <em>digital.<\/em><\/p>\n<p>En esta evoluci\u00f3n del concepto, los mismo autores apuntan que la noci\u00f3n contempor\u00e1nea de ciudadan\u00eda, aun en sus diferencias entre los diversos Estados \u2013 Naci\u00f3n es un concepto que se basa en derechos humanos, otra idea de lo contempor\u00e1neo que se sustenta a partir de 1948, con la Declaraci\u00f3n Universal de los Derechos Humanos, formulada por la ONU, as\u00ed<\/p>\n<blockquote><p>\u2026 es posible revisar el concepto como una progresi\u00f3n entre modelos conceptuales que se han complejizado junto a las propias sociedades: desde la ciudadan\u00eda civil a la ciudadan\u00eda pol\u00edtica, y de ah\u00ed a la ciudadan\u00eda econ\u00f3mica y social-econ\u00f3mica (Papacharissi, 2021), para actualmente hablar de una ciudadan\u00eda digital (Claro y otros, 2021; Schou y Hjelholt, 2018). Las diversas\u00a0 ciudadan\u00edas tambi\u00e9n se pueden ver como construidas a partir del ejercicio de \u00a0derechos, basados en la concepci\u00f3n contempor\u00e1nea de los derechos humanos. (Santana y Serra, p.14)<\/p><\/blockquote>\n<p>Sin embargo, como se ha venido se\u00f1alando, en las diversas esferas de la vida social y privada (la educaci\u00f3n, el derecho, el comercio entre muchas otras) pasar del \u00e1mbito de la realidad f\u00edsica al \u00e1mbito de la virtualidad no supone en modo alguno una transici\u00f3n \u201cen autom\u00e1tico\u201d. Para el caso de la ciudadan\u00eda digital no se pretende que los hechos de la ciudadan\u00eda, cuando se ejecutan mediados por dispositivos y diversas expresiones de <em>software<\/em>, sean de la misma calidad y efectos que \u00e9stos \u00faltimos.<\/p>\n<p>De hecho no existe una definici\u00f3n de consenso sobre el concepto de ciudadan\u00eda digital, al respecto, los mismos autores citados arriba mencionan que:<\/p>\n<blockquote><p>El concepto de ciudadan\u00eda digital, si bien popular, a\u00fan est\u00e1 en discusi\u00f3n. Hay \u00a0aproximaciones que lo limitan al \u00e1mbito educativo y la entienden como la habilitaci\u00f3n de competencias tecnol\u00f3gicas para poder ejercer los derechos propios y cumplir con las responsabilidades del mundo digital (Chen y otros, 2021; Ribble y Miller, 2013), donde se enmarca toda la l\u00ednea de alfabetizaci\u00f3n digital, popular en las \u00faltimas d\u00e9cadas. Por otro lado, una corriente distinta entiende la ciudadan\u00eda digital como las normas de conducta relacionadas con el uso de las tecnolog\u00edas, centr\u00e1ndose en cu\u00e1les ser\u00edan las formas apropiadas de comportamiento en l\u00ednea, etiqueta digital o bienestar digital (Chen y otros, 2021; Schou y Hjelholt, 2018). Una mirada distinta tiende a ver la ciudadan\u00eda digital como el prerrequisito para la participaci\u00f3n plena en la sociedad en l\u00ednea (Mossberger, Tolbert y McNeal, 2007). (Santana y Serra, p.\u00a0\u00a0 (*)<\/p><\/blockquote>\n<p>Por otra parte, en materia de derechos, donde la ciudadan\u00eda est\u00e1 relacionada con los Derechos Humanos, en un acuerdo de validez internacional, no existe un correlato preciso en una relaci\u00f3n ciudadan\u00eda digital \u2013 derechos digitales. Estos \u00faltimos no representan, ni equivalen a los Derechos Humanos en la esfera digital. En la segunda mitad del siglo XX y hasta nuestros d\u00edas el debate se ha ido enriqueciendo paulatinamente a trav\u00e9s de iniciativas de alcance internacional. Aun cuando no podemos establecer un consenso absoluto este debate podr\u00eda seguirse a trav\u00e9s de los siguientes momentos relevantes<\/p>\n<ol>\n<li>1. La Declaraci\u00f3n de los Derechos Humanos en el Ciberespacio, de Robert Gelman en 1997, con base en la declaraci\u00f3n universal de 1948<\/li>\n<li>2. La declaraci\u00f3n de Itacuru\u00e7\u00e1 de Naciones Unidas del a\u00f1o 2000, que establece los desaf\u00edos \u00e9ticos, jur\u00eddicos y sociales del ciberespacio<\/li>\n<li>3. La Cumbre Mundial sobre la Sociedad de la Informaci\u00f3n, en 2003 y 2005, en donde se estableci\u00f3 que la comunicaci\u00f3n se considera como un derecho del ser humano y que cada ciudadano tiene derecho de ser emisor y no s\u00f3lo receptor de informaci\u00f3n.<\/li>\n<\/ol>\n<p>Con estas primeras referencias, este estudio continu\u00f3 con una b\u00fasqueda de informaci\u00f3n en plataformas diversas, iniciando con la cuesti\u00f3n m\u00e1s elemental: \u00bfqu\u00e9 es la ciudadan\u00eda digital?<\/p>\n<p>Son dos los recursos m\u00e1s populares que se tienen al alcance -no obstante las limitaciones que se han identificado- para esta tarea: el Chat GPT, desarrollado por la empresa Open AI y Copilot, la herramienta de b\u00fasqueda desarrollada por Microsoft.<\/p>\n<p>A lo largo de seis semanas de trabajo, entre noviembre de 2023 y enero de 2024 se realizaron consultas en estas plataformas, combinadas con b\u00fasquedas en bases de datos acad\u00e9micas para cruzar informaci\u00f3n y construir un mapa de la genealog\u00eda del concepto y sus implicaciones actuales, a fin de configurar un estado del arte que pudiera servir como punto de partida para una investigaci\u00f3n de largo aliento.<\/p>\n<p>Una primera consulta b\u00e1sica, fue hecha a las dos herramientas mencionadas arriba:<\/p>\n<p>\u00bfCu\u00e1les son los primeros estudios acad\u00e9micos occidentales sobre ciudadan\u00eda digital? fue la pregunta planteada a ambas plataformas.<\/p>\n<p>Los resultados fueron los que se muestran a continuaci\u00f3n. Estos resultados se presentan como una transcripci\u00f3n literal -mediante las funciones <em>copiar<\/em> y <em>pegar<\/em>&#8211; a fin de mostrar gr\u00e1ficamente la interacci\u00f3n que se establece con la plataforma a trav\u00e9s de preguntas y el tipo y calidad de respuestas que ofrece. En el primer caso, sobre autores y obras y una breve referencia a los temas que aborda cada una, en el caso de ChatGPT 3.5 y con la presentaci\u00f3n de enlaces directos a fuentes complementarias, en Internet, en el caso de la plataforma COPILOT. Al presentar la informaci\u00f3n en el formato que manejan las plataformas, se abre la posibilidad de acercamiento al estilo y la l\u00f3gica con que ambas plataformas procesan la informaci\u00f3n solicitada y, por ende, la posibilidad de valorar la calidad y utilidad de los resultados obtenidos, para el estudio que se est\u00e1 realizando.<\/p>\n<p>En primer lugar se muestran los resultados que devolvi\u00f3 la plataforma ChatGPT 3.5:<\/p>\n<p><div id=\"attachment_7260\" style=\"width: 976px\" class=\"wp-caption aligncenter\"><a href=\"https:\/\/entretejidos.iconos.edu.mx\/thesite\/wp-content\/uploads\/2024\/05\/ciudadania_01.png.png\"><img loading=\"lazy\" decoding=\"async\" aria-describedby=\"caption-attachment-7260\" class=\"wp-image-7260 size-full\" src=\"https:\/\/entretejidos.iconos.edu.mx\/thesite\/wp-content\/uploads\/2024\/05\/ciudadania_01.png.png\" alt=\"Tabla 1. Respuesta obtenida\u00a0 de una consulta a ChatGPT 3.5. Se muestra la pregunta\/ consulta \u201c\u00bfCu\u00e1les son los primeros estudios acad\u00e9micos occidentales sobre ciudadan\u00eda digital&lt;span id=&#039;easy-footnote-1-7093&#039; class=&#039;easy-footnote-margin-adjust&#039;&gt;&lt;\/span&gt;&lt;span class=&#039;easy-footnote&#039;&gt;&lt;a href=&#039;https:\/\/entretejidos.iconos.edu.mx\/thesite\/ciudadania-digital-un-acercamiento-al-estado-del-arte\/#easy-footnote-bottom-1-7093&#039; title=&#039;1. Hao, Karen. Apellido. \u201cC\u00f3mo se produce el sesgo algor\u00edtmico y por qu\u00e9 es tan dif\u00edcil detenerlo.\u201d MIT Technology Review. https:\/\/www.technologyreview.es\/s\/10924\/como-se-produce-el-sesgo-algoritmico-y-por-que-es-tan-dificil-detenerlo#&#039;&gt;&lt;sup&gt;1&lt;\/sup&gt;&lt;\/a&gt;&lt;\/span&gt;?\u201d y las respuestas que la plataforma devolvi\u00f3, en el formato original. (ChatGPT, 17 de enero de 2024)\" width=\"966\" height=\"680\" srcset=\"https:\/\/entretejidos.iconos.edu.mx\/thesite\/wp-content\/uploads\/2024\/05\/ciudadania_01.png.png 966w, https:\/\/entretejidos.iconos.edu.mx\/thesite\/wp-content\/uploads\/2024\/05\/ciudadania_01.png-300x211.png 300w, https:\/\/entretejidos.iconos.edu.mx\/thesite\/wp-content\/uploads\/2024\/05\/ciudadania_01.png-768x541.png 768w\" sizes=\"auto, (max-width: 966px) 100vw, 966px\" \/><\/a><p id=\"caption-attachment-7260\" class=\"wp-caption-text\">Tabla 1. Respuesta obtenida\u00a0 de una consulta a ChatGPT 3.5. Se muestra la pregunta\/ consulta \u201c\u00bfCu\u00e1les son los primeros estudios acad\u00e9micos occidentales sobre ciudadan\u00eda digital[note]1. Hao, Karen. Apellido. \u201cC\u00f3mo se produce el sesgo algor\u00edtmico y por qu\u00e9 es tan dif\u00edcil detenerlo.\u201d MIT Technology Review. https:\/\/www.technologyreview.es\/s\/10924\/como-se-produce-el-sesgo-algoritmico-y-por-que-es-tan-dificil-detenerlo#[\/note]?\u201d y las respuestas que la plataforma devolvi\u00f3, en el formato original. (ChatGPT, 17 de enero de 2024)<\/p><\/div>Como se ve, en los resultados obtenidos, la informaci\u00f3n m\u00e1s valiosa es la que se refiere a los nombres de los autores y las obras. La min\u00fascula referencia a los temas que aborda cada uno constituye un m\u00ednimo punto de arranque. El comentario final que ofrece ChatGPT es absolutamente prescindible, dada su generalidad y superficialidad.<\/p>\n<p>A continuaci\u00f3n, se muestra la copia de los resultados que devolvi\u00f3 la plataforma COPILOT, de Microsoft, a la misma pregunta hecha al ChatGPT 3.5 \u2013\u201c\u00bfCu\u00e1les son los primeros estudios acad\u00e9micos occidentales sobre ciudadan\u00eda digital?\u201d-, los resultados se presentan en el formato y con los enlaces que provee la plataforma:<\/p>\n<p>\u00bfCu\u00e1les son los primeros estudios acad\u00e9micos occidentales sobre ciudadan\u00eda digital?<\/p>\n<p>Buscando:\u00a0primeros estudios acad\u00e9micos occidentales sobre ciudadan\u00eda digital<\/p>\n<p>Generando respuestas para usted\u2026<\/p>\n<p>Los primeros estudios acad\u00e9micos occidentales sobre ciudadan\u00eda digital se centraron en el an\u00e1lisis del fen\u00f3meno emergente de la ciudadan\u00eda digital y su impacto en la sociedad. Aqu\u00ed te dejo algunos ejemplos:<\/p>\n<p><a href=\"https:\/\/www.scielo.org.mx\/scielo.php?script=sci_arttext&amp;pid=S1405-84212015000300010\"><strong>1. \u00abCiudadan\u00eda digital: Entre la novedad del fen\u00f3meno y las limitaciones del concepto\u00bb<\/strong><\/a><a href=\"https:\/\/www.scielo.org.mx\/scielo.php?script=sci_arttext&amp;pid=S1405-84212015000300010\"><sup>1<\/sup><\/a>: Este estudio, publicado en 2015, explora el fen\u00f3meno de la ciudadan\u00eda digital y sus limitaciones conceptuales.\u00a0<a href=\"https:\/\/www.scielo.org.mx\/scielo.php?script=sci_arttext&amp;pid=S1405-84212015000300010\">Los autores discuten c\u00f3mo el encuentro entre las personas y el mundo digital ha transformado radicalmente la realidad y ha permeado en el \u00e1mbito pol\u00edtico, econ\u00f3mico, social y cultural<\/a><a href=\"https:\/\/www.scielo.org.mx\/scielo.php?script=sci_arttext&amp;pid=S1405-84212015000300010\"><sup>1<\/sup><\/a>.<\/p>\n<p><a href=\"https:\/\/www.scielo.org.mx\/scielo.php?script=sci_arttext&amp;pid=S0185-19182020000100081\"><strong>2. \u00abEscenarios y desaf\u00edos de la ciudadan\u00eda digital en M\u00e9xico\u00bb<\/strong><\/a><a href=\"https:\/\/www.scielo.org.mx\/scielo.php?script=sci_arttext&amp;pid=S0185-19182020000100081\"><sup>2<\/sup><\/a><a href=\"https:\/\/www.scielo.org.mx\/scielo.php?script=sci_arttext&amp;pid=S0185-19182020000100081\">: Este trabajo, publicado en 2020, analiza el incipiente panorama de la ciudadan\u00eda digital en M\u00e9xico, en el marco de los grandes procesos de restructuraci\u00f3n capitalista y del arduo tr\u00e1nsito hacia la democracia en el pa\u00eds<\/a><a href=\"https:\/\/www.scielo.org.mx\/scielo.php?script=sci_arttext&amp;pid=S0185-19182020000100081\"><sup>2<\/sup><\/a>.<\/p>\n<p><a href=\"https:\/\/repositorio.cepal.org\/bitstream\/handle\/11362\/47356\/1\/S2100562_es.pdf\"><strong>3. \u00abCiudadan\u00eda digital en Am\u00e9rica Latina\u00bb<\/strong><\/a><a href=\"https:\/\/repositorio.cepal.org\/bitstream\/handle\/11362\/47356\/1\/S2100562_es.pdf\"><sup>3<\/sup><\/a><a href=\"https:\/\/repositorio.cepal.org\/bitstream\/handle\/11362\/47356\/1\/S2100562_es.pdf\">: Este estudio de la CEPAL analiza la ciudadan\u00eda digital en el contexto latinoamericano<\/a><a href=\"https:\/\/repositorio.cepal.org\/bitstream\/handle\/11362\/47356\/1\/S2100562_es.pdf\"><sup>3<\/sup><\/a>.<\/p>\n<p>Estos estudios representan algunos de los primeros esfuerzos acad\u00e9micos para comprender y analizar el fen\u00f3meno de la ciudadan\u00eda digital en el contexto occidental. Sin embargo, la ciudadan\u00eda digital es un campo de estudio en constante evoluci\u00f3n y desarrollo, por lo que nuevos estudios y an\u00e1lisis contin\u00faan emergiendo.<\/p>\n<div id=\"attachment_7261\" style=\"width: 1111px\" class=\"wp-caption aligncenter\"><a href=\"https:\/\/entretejidos.iconos.edu.mx\/thesite\/wp-content\/uploads\/2024\/05\/ciudadania_02.png.png\"><img loading=\"lazy\" decoding=\"async\" aria-describedby=\"caption-attachment-7261\" class=\"wp-image-7261 size-full\" src=\"https:\/\/entretejidos.iconos.edu.mx\/thesite\/wp-content\/uploads\/2024\/05\/ciudadania_02.png.png\" alt=\"Tabla 2. Obtenida a trav\u00e9s de una consulta a COPILOT, de Microsoft. Se muestra la pregunta\/ consulta \u201c\u00bfCu\u00e1les son los primeros estudios acad\u00e9micos occidentales sobre ciudadan\u00eda digital?\u201d y las respuestas que la plataforma devolvi\u00f3, en su formato original. (COPILOT, 17 de enero de 2024)\" width=\"1101\" height=\"146\" srcset=\"https:\/\/entretejidos.iconos.edu.mx\/thesite\/wp-content\/uploads\/2024\/05\/ciudadania_02.png.png 1101w, https:\/\/entretejidos.iconos.edu.mx\/thesite\/wp-content\/uploads\/2024\/05\/ciudadania_02.png-300x40.png 300w, https:\/\/entretejidos.iconos.edu.mx\/thesite\/wp-content\/uploads\/2024\/05\/ciudadania_02.png-1024x136.png 1024w, https:\/\/entretejidos.iconos.edu.mx\/thesite\/wp-content\/uploads\/2024\/05\/ciudadania_02.png-768x102.png 768w\" sizes=\"auto, (max-width: 1101px) 100vw, 1101px\" \/><\/a><p id=\"caption-attachment-7261\" class=\"wp-caption-text\">Tabla 2. Obtenida a trav\u00e9s de una consulta a COPILOT, de Microsoft. Se muestra la pregunta\/ consulta \u201c\u00bfCu\u00e1les son los primeros estudios acad\u00e9micos occidentales sobre ciudadan\u00eda digital?\u201d y las respuestas que la plataforma devolvi\u00f3, en su formato original. (COPILOT, 17 de enero de 2024)<\/p><\/div>\n<p>Los resultados que devuelve la plataforma COPILOT, como se advierte, son de fuentes localizables en Internet, de las que no ofrece autor\u00eda, y al final proporciona un par de enlaces a otras fuentes sobre el tema, tambi\u00e9n localizables en Internet, y un comentario igualmente prescindible, como en el caso del generado por ChatGPT. Asimismo, Copilot, con la misma pregunta hecha a ChatGPT, ofrece fuentes de informaci\u00f3n provenientes del \u00e1mbito Iberoamericano, en espa\u00f1ol y la plataforma desarrollada por la empresa OpeaAI, presenta fuentes del \u00e1mbito anglosaj\u00f3n.<\/p>\n<p>Una brev\u00edsima comparaci\u00f3n entre los resultados obtenidos en cada plataforma -sin que este sea el objetivo del presente estudio- nos hace ver que en el primer caso hay una respuesta m\u00e1s puntual a la pregunta realizada, toda vez que se consignan textos que abordan el tema planteado y en el segundo caso, la respuesta devuelve fuentes que abordan la inquietud planteada s\u00f3lo en t\u00e9rminos generales, sin que ninguno la responda directamente, pues con lo que nos encontramos es con textos generales, que abordan la tem\u00e1tica en una perspectiva amplia. Esto \u00faltimo no significa que se trate de materiales de mala calidad o intrascendentes, sino que no presentan respuestas puntuales a la pregunta planteada. En el primer caso estar\u00edamos frente a resultados m\u00e1s cercanos a la solicitud hecha, pero que no consideran ning\u00fan material en otra lengua que no sea el ingl\u00e9s, situaci\u00f3n que probablemente tenga que ver con la programaci\u00f3n y dise\u00f1o de ambas plataformas, en relaci\u00f3n con los denominados <em>sesgos, <\/em>que son distorsiones o inclinaciones en los datos o algoritmos, derivado de las estrategias de \u201centrenamiento\u201d de las plataformas que dan por resultado que se muestre una parte de la informaci\u00f3n y se excluya a otras.<a href=\"#_ftn1\" name=\"_ftnref1\"><span id='easy-footnote-2-7093' class='easy-footnote-margin-adjust'><\/span><span class='easy-footnote'><a href='https:\/\/entretejidos.iconos.edu.mx\/thesite\/ciudadania-digital-un-acercamiento-al-estado-del-arte\/#easy-footnote-bottom-2-7093' title='&lt;\/a&gt;&lt;a href=&quot;#_ftnref1&quot; name=&quot;_ftn1&quot;&gt;[1]&lt;\/a&gt;&lt;a href=&quot;#_ftn1&quot; name=&quot;_ftnref1&quot;&gt; Hao, Karen. Apellido. \u201cC\u00f3mo se produce el sesgo algor\u00edtmico y por qu\u00e9 es tan dif\u00edcil detenerlo.\u201d MIT Technology Review. https:\/\/www.technologyreview.es\/s\/10924\/como-se-produce-el-sesgo-algoritmico-y-por-que-es-tan-dificil-detenerlo#'><sup>2<\/sup><\/a><\/span><\/a>\u00a0 Dado el vertiginoso desarrollo de estas tecnolog\u00edas es probable que en breve la precisi\u00f3n de las respuestas pueda ser mejorada.<\/p>\n<p>Para verificar la informaci\u00f3n que estas plataformas ofrecieron, en ambos casos se corrobor\u00f3 la existencia de las fuentes, por lo que tenemos que la informaci\u00f3n recibida s\u00ed responde, en lo general, a la solicitud planteada, con las anotaciones se\u00f1aladas arriba.<\/p>\n<p>Derivado de la informaci\u00f3n que se obtuvo y para iniciar la b\u00fasqueda por el documento de mayor antig\u00fcedad, se busc\u00f3 el volumen <em>New Community Networks: Wired for Change<\/em>, del investigador estadounidense, Douglas Schuler, quien de acuerdo con Chat GPT\u00a0 \u201c\u2026examin\u00f3 c\u00f3mo las comunidades en l\u00ednea podr\u00edan ser herramientas para el cambio social y destac\u00f3 la importancia de la participaci\u00f3n ciudadana en el ciberespacio\u201d. Este texto se encuentra disponible en la p\u00e1gina del Internet Archive, de la UNESCO <a href=\"#_ftn1\" name=\"_ftnref1\"><span id='easy-footnote-3-7093' class='easy-footnote-margin-adjust'><\/span><span class='easy-footnote'><a href='https:\/\/entretejidos.iconos.edu.mx\/thesite\/ciudadania-digital-un-acercamiento-al-estado-del-arte\/#easy-footnote-bottom-3-7093' title='&lt;\/a&gt;&lt;a href=&quot;#_ftnref1&quot; name=&quot;_ftn1&quot;&gt;[2]&lt;\/a&gt;&lt;a href=&quot;#_ftn1&quot; name=&quot;_ftnref1&quot;&gt; Disponible en &lt;\/a&gt;&lt;a href=&quot;https:\/\/archive.org\/details\/newcommunitynetw0000schu\/page\/n7\/mode\/2up?q=digital+citizenship&quot;&gt;https:\/\/archive.org\/details\/newcommunitynetw0000schu\/page\/n7\/mode\/2up?q=digital+citizenship&lt;\/a&gt;&lt;a href=&quot;#_ftn1&quot; name=&quot;_ftnref1&quot;&gt; p\u00e1gina 256 de la publicaci\u00f3n; cita hallada con la entrada \u201cdigital citinzenship\u201d.'><sup>3<\/sup><\/a><\/span><\/a>, en una versi\u00f3n digitalizada y con la posibilidad de b\u00fasqueda de los t\u00e9rminos. Al solicitar la b\u00fasqueda del concepto \u201cdigital citizenship\u201d la p\u00e1gina arroja varias entradas, una de ellas, nos permite acercarnos al concepto que estamos buscando. Si bien el autor no habla de \u201cciudadan\u00eda digital\u201d s\u00ed advierte sobre la importancia del concepto <em>community network citizenship<\/em>, el cual \u201c\u2026ayuda a definir la responsabilidad que los individuos deber\u00edan tener ante las comunidades <em>on line<\/em> y las comunidades <em>on line<\/em> deber\u00edan tener ante los individuos\u201d. El autor refiere que en las m\u00faltiples expresiones de la comunicaci\u00f3n en l\u00ednea intervienen una gran cantidad de peque\u00f1as comunidades con intereses diversos y distintos grados de cercan\u00eda. Schuler invoca a la civilidad como un factor que deber\u00eda investigarse en la relaci\u00f3n de esas \u201cpeque\u00f1as comunidades\u201d que se relacionan <em>on line<\/em>. No utiliza las palabras Internet, ni plataforma o herramienta digital, pero delinea un principio de interactividad que toma como referencia las pr\u00e1cticas de la vida en sociedad, la democracia, el respeto, la participaci\u00f3n social y de manera muy relevante, la interrelaci\u00f3n entre el individuo y la comunidad.<\/p>\n<p>Esta primera b\u00fasqueda fue \u00fatil en tanto que posibilita un inicio de investigaci\u00f3n cierto. Ah\u00ed es donde comienza una siguiente etapa de indagaci\u00f3n preliminar.<\/p>\n<p><strong>B\u00fasqueda en bases de datos.<\/strong><\/p>\n<p>En un segundo momento la b\u00fasqueda se traslad\u00f3 a las bases de datos acad\u00e9micas. World Cat, Google Academic y Scielo fueron las bases elegidas.<\/p>\n<p>En cada una de ellas se realizaron b\u00fasquedas b\u00e1sicas de conceptos igualmente b\u00e1sicos, como se muestra en los siguientes cuadros<\/p>\n<p><a href=\"#_ftnref1\" name=\"_ftn1\"><\/a><\/p>\n<div id=\"attachment_7262\" style=\"width: 1115px\" class=\"wp-caption aligncenter\"><a href=\"https:\/\/entretejidos.iconos.edu.mx\/thesite\/wp-content\/uploads\/2024\/05\/ciudadania_03.png.png\"><img loading=\"lazy\" decoding=\"async\" aria-describedby=\"caption-attachment-7262\" class=\"wp-image-7262 size-full\" src=\"https:\/\/entretejidos.iconos.edu.mx\/thesite\/wp-content\/uploads\/2024\/05\/ciudadania_03.png.png\" alt=\"Tabla 3. Resultados de b\u00fasqueda de entradas en ingl\u00e9s y espa\u00f1ol en la base de datos acad\u00e9mica WorldCat. Al principio de la tabla se se\u00f1alan los filtros utilizados.\u00a0 Elaboraci\u00f3n propia.\" width=\"1105\" height=\"717\" srcset=\"https:\/\/entretejidos.iconos.edu.mx\/thesite\/wp-content\/uploads\/2024\/05\/ciudadania_03.png.png 1105w, https:\/\/entretejidos.iconos.edu.mx\/thesite\/wp-content\/uploads\/2024\/05\/ciudadania_03.png-300x195.png 300w, https:\/\/entretejidos.iconos.edu.mx\/thesite\/wp-content\/uploads\/2024\/05\/ciudadania_03.png-1024x664.png 1024w, https:\/\/entretejidos.iconos.edu.mx\/thesite\/wp-content\/uploads\/2024\/05\/ciudadania_03.png-768x498.png 768w\" sizes=\"auto, (max-width: 1105px) 100vw, 1105px\" \/><\/a><p id=\"caption-attachment-7262\" class=\"wp-caption-text\">Tabla 3. Resultados de b\u00fasqueda de entradas en ingl\u00e9s y espa\u00f1ol en la base de datos acad\u00e9mica WorldCat. Al principio de la tabla se se\u00f1alan los filtros utilizados.\u00a0 Elaboraci\u00f3n propia.<\/p><\/div>\n<div id=\"attachment_7263\" style=\"width: 1674px\" class=\"wp-caption aligncenter\"><a href=\"https:\/\/entretejidos.iconos.edu.mx\/thesite\/wp-content\/uploads\/2024\/05\/ciudadania_04.png.png\"><img loading=\"lazy\" decoding=\"async\" aria-describedby=\"caption-attachment-7263\" class=\"wp-image-7263 size-full\" src=\"https:\/\/entretejidos.iconos.edu.mx\/thesite\/wp-content\/uploads\/2024\/05\/ciudadania_04.png.png\" alt=\"Tabla 4. Resultados de b\u00fasqueda de entradas en ingl\u00e9s y espa\u00f1ol en la base de datos acad\u00e9mica Google Academic. Al principio de la tabla se se\u00f1alan los filtros utilizados.\u00a0 Elaboraci\u00f3n propia.\" width=\"1664\" height=\"597\" srcset=\"https:\/\/entretejidos.iconos.edu.mx\/thesite\/wp-content\/uploads\/2024\/05\/ciudadania_04.png.png 1664w, https:\/\/entretejidos.iconos.edu.mx\/thesite\/wp-content\/uploads\/2024\/05\/ciudadania_04.png-300x108.png 300w, https:\/\/entretejidos.iconos.edu.mx\/thesite\/wp-content\/uploads\/2024\/05\/ciudadania_04.png-1024x367.png 1024w, https:\/\/entretejidos.iconos.edu.mx\/thesite\/wp-content\/uploads\/2024\/05\/ciudadania_04.png-768x276.png 768w, https:\/\/entretejidos.iconos.edu.mx\/thesite\/wp-content\/uploads\/2024\/05\/ciudadania_04.png-1536x551.png 1536w\" sizes=\"auto, (max-width: 1664px) 100vw, 1664px\" \/><\/a><p id=\"caption-attachment-7263\" class=\"wp-caption-text\">Tabla 4. Resultados de b\u00fasqueda de entradas en ingl\u00e9s y espa\u00f1ol en la base de datos acad\u00e9mica Google Academic. Al principio de la tabla se se\u00f1alan los filtros utilizados.\u00a0 Elaboraci\u00f3n propia.<\/p><\/div>\n<div id=\"attachment_7264\" style=\"width: 1670px\" class=\"wp-caption aligncenter\"><a href=\"https:\/\/entretejidos.iconos.edu.mx\/thesite\/wp-content\/uploads\/2024\/05\/ciudadania_05.png.png\"><img loading=\"lazy\" decoding=\"async\" aria-describedby=\"caption-attachment-7264\" class=\"wp-image-7264 size-full\" src=\"https:\/\/entretejidos.iconos.edu.mx\/thesite\/wp-content\/uploads\/2024\/05\/ciudadania_05.png.png\" alt=\"Tabla 5. Resultados de b\u00fasqueda de entradas en ingl\u00e9s y espa\u00f1ol en la base de datos acad\u00e9mica Scielo. Al principio de la tabla se se\u00f1alan los filtros utilizados.\u00a0 Elaboraci\u00f3n propia.\" width=\"1660\" height=\"638\" srcset=\"https:\/\/entretejidos.iconos.edu.mx\/thesite\/wp-content\/uploads\/2024\/05\/ciudadania_05.png.png 1660w, https:\/\/entretejidos.iconos.edu.mx\/thesite\/wp-content\/uploads\/2024\/05\/ciudadania_05.png-300x115.png 300w, https:\/\/entretejidos.iconos.edu.mx\/thesite\/wp-content\/uploads\/2024\/05\/ciudadania_05.png-1024x394.png 1024w, https:\/\/entretejidos.iconos.edu.mx\/thesite\/wp-content\/uploads\/2024\/05\/ciudadania_05.png-768x295.png 768w, https:\/\/entretejidos.iconos.edu.mx\/thesite\/wp-content\/uploads\/2024\/05\/ciudadania_05.png-1536x590.png 1536w\" sizes=\"auto, (max-width: 1660px) 100vw, 1660px\" \/><\/a><p id=\"caption-attachment-7264\" class=\"wp-caption-text\">Tabla 5. Resultados de b\u00fasqueda de entradas en ingl\u00e9s y espa\u00f1ol en la base de datos acad\u00e9mica Scielo. Al principio de la tabla se se\u00f1alan los filtros utilizados.\u00a0 Elaboraci\u00f3n propia.<\/p><\/div>\n<p>La b\u00fasqueda en estas bases de datos se concentr\u00f3 en dos conceptos individuales: Ciudadan\u00eda digital y derechos digitales (tanto en espa\u00f1ol como en ingl\u00e9s) y en tres entradas combinadas: Ciudadan\u00eda digital y derechos digitales, ciudadan\u00eda digital y alfabetizaci\u00f3n medi\u00e1tica y ciudadan\u00eda digital y derechos humanos.<\/p>\n<p>En cada una de las bases se utilizaron los mismos filtros para refinar la b\u00fasqueda, o en su caso, filtros equivalentes. Dos aspectos destacan de esta decisi\u00f3n: el periodo de b\u00fasqueda, que se limit\u00f3 de 2019 a 2024 y las diferencias en el volumen de las referencias encontradas cuando es en espa\u00f1ol o en ingl\u00e9s. Como se advierte, las b\u00fasquedas en ingl\u00e9s son superiores en n\u00famero, lo que reitera el nivel de productividad en esa lengua.<\/p>\n<p>Respecto al periodo de b\u00fasqueda, \u00e9ste se circunscribi\u00f3 a esos a\u00f1os puesto que, como se apuntaba l\u00edneas arriba, la emergencia por COVID fue determinante para la explosi\u00f3n del desarrollo tecnol\u00f3gico en el campo de lo digital y para la verificaci\u00f3n emp\u00edrica de su impacto en la vida social y personal de todas las poblaciones y los individuos.<\/p>\n<p>La b\u00fasqueda de esas entradas, precisamente -tanto las individuales como las combinadas- provino de sendas decisiones de procedimiento: Ciudadan\u00eda digital se eligi\u00f3 como punto de partida del campo a investigar. Las otras entradas fueron resultado de otras consultas a las plataformas de inteligencia artificial, b\u00fasquedas combinadas con la revisi\u00f3n de los resultados arrojados por la primera consulta b\u00e1sica: ciudadan\u00eda digital.<\/p>\n<p><strong>Toma de decisiones auxiliadas por la IA<\/strong><\/p>\n<p>Para complementar las b\u00fasquedas anteriores se regres\u00f3 a las plataformas de IA para plantearles sendas preguntas:<\/p>\n<p>1. Pensando como especialista de la cultura y la comunicaci\u00f3n, \u00bfcu\u00e1les son las \u00e1reas que deber\u00eda considerar al hacer una investigaci\u00f3n sobre ciudadan\u00eda digital?<\/p>\n<p>2. \u00bfCu\u00e1les son los subtemas m\u00e1s relevantes de la investigaci\u00f3n contempor\u00e1nea, en el mundo, sobre ciudadan\u00eda digital?<\/p>\n<p>Los resultados fueron los siguientes<\/p>\n<div id=\"attachment_7265\" style=\"width: 1662px\" class=\"wp-caption aligncenter\"><a href=\"https:\/\/entretejidos.iconos.edu.mx\/thesite\/wp-content\/uploads\/2024\/05\/ciudadania_06.png.png\"><img loading=\"lazy\" decoding=\"async\" aria-describedby=\"caption-attachment-7265\" class=\"wp-image-7265 size-full\" src=\"https:\/\/entretejidos.iconos.edu.mx\/thesite\/wp-content\/uploads\/2024\/05\/ciudadania_06.png.png\" alt=\"Tabla 6. Consulta al ChatGPT. Comparaci\u00f3n de respuestas de dos preguntas (prompts) sobre el concepto Ciudadan\u00eda Digital. Elaboraci\u00f3n propia\" width=\"1652\" height=\"1432\" srcset=\"https:\/\/entretejidos.iconos.edu.mx\/thesite\/wp-content\/uploads\/2024\/05\/ciudadania_06.png.png 1652w, https:\/\/entretejidos.iconos.edu.mx\/thesite\/wp-content\/uploads\/2024\/05\/ciudadania_06.png-300x260.png 300w, https:\/\/entretejidos.iconos.edu.mx\/thesite\/wp-content\/uploads\/2024\/05\/ciudadania_06.png-1024x888.png 1024w, https:\/\/entretejidos.iconos.edu.mx\/thesite\/wp-content\/uploads\/2024\/05\/ciudadania_06.png-768x666.png 768w, https:\/\/entretejidos.iconos.edu.mx\/thesite\/wp-content\/uploads\/2024\/05\/ciudadania_06.png-1536x1331.png 1536w\" sizes=\"auto, (max-width: 1652px) 100vw, 1652px\" \/><\/a><p id=\"caption-attachment-7265\" class=\"wp-caption-text\">Tabla 6. Consulta al ChatGPT. Comparaci\u00f3n de respuestas de dos preguntas (prompts) sobre el concepto Ciudadan\u00eda Digital. Elaboraci\u00f3n propia<\/p><\/div>\n<div id=\"attachment_7266\" style=\"width: 978px\" class=\"wp-caption aligncenter\"><a href=\"https:\/\/entretejidos.iconos.edu.mx\/thesite\/wp-content\/uploads\/2024\/05\/ciudadania_07.png.png\"><img loading=\"lazy\" decoding=\"async\" aria-describedby=\"caption-attachment-7266\" class=\"wp-image-7266 size-full\" src=\"https:\/\/entretejidos.iconos.edu.mx\/thesite\/wp-content\/uploads\/2024\/05\/ciudadania_07.png.png\" alt=\"Tabla 7. Consulta a Copilot Microsoft Comparaci\u00f3n de respuestas de dos preguntas sobre el concepto Ciudadan\u00eda Digital. Elaboraci\u00f3n propia.\" width=\"968\" height=\"758\" srcset=\"https:\/\/entretejidos.iconos.edu.mx\/thesite\/wp-content\/uploads\/2024\/05\/ciudadania_07.png.png 968w, https:\/\/entretejidos.iconos.edu.mx\/thesite\/wp-content\/uploads\/2024\/05\/ciudadania_07.png-300x235.png 300w, https:\/\/entretejidos.iconos.edu.mx\/thesite\/wp-content\/uploads\/2024\/05\/ciudadania_07.png-768x601.png 768w\" sizes=\"auto, (max-width: 968px) 100vw, 968px\" \/><\/a><p id=\"caption-attachment-7266\" class=\"wp-caption-text\">Tabla 7. Consulta a Copilot Microsoft Comparaci\u00f3n de respuestas de dos preguntas sobre el concepto Ciudadan\u00eda Digital. Elaboraci\u00f3n propia.<\/p><\/div>\n<div id=\"attachment_7267\" style=\"width: 976px\" class=\"wp-caption aligncenter\"><a href=\"https:\/\/entretejidos.iconos.edu.mx\/thesite\/wp-content\/uploads\/2024\/05\/ciudadania_08.png.png\"><img loading=\"lazy\" decoding=\"async\" aria-describedby=\"caption-attachment-7267\" class=\"wp-image-7267 size-full\" src=\"https:\/\/entretejidos.iconos.edu.mx\/thesite\/wp-content\/uploads\/2024\/05\/ciudadania_08.png.png\" alt=\"Tabla 8 Comparaci\u00f3n de primera\u00a0 pregunta (prompt):Pensando como especialista de la cultura y la comunicaci\u00f3n, \u00bfcu\u00e1les son las \u00e1reas que deber\u00eda considerar al hacer una investigaci\u00f3n sobre ciudadan\u00eda digital? En color azul, \u00e1reas relacionadas amplia o parcialmente. Elaboraci\u00f3n propia.\" width=\"966\" height=\"750\" srcset=\"https:\/\/entretejidos.iconos.edu.mx\/thesite\/wp-content\/uploads\/2024\/05\/ciudadania_08.png.png 966w, https:\/\/entretejidos.iconos.edu.mx\/thesite\/wp-content\/uploads\/2024\/05\/ciudadania_08.png-300x233.png 300w, https:\/\/entretejidos.iconos.edu.mx\/thesite\/wp-content\/uploads\/2024\/05\/ciudadania_08.png-768x596.png 768w\" sizes=\"auto, (max-width: 966px) 100vw, 966px\" \/><\/a><p id=\"caption-attachment-7267\" class=\"wp-caption-text\">Tabla 8 Comparaci\u00f3n de primera\u00a0 pregunta (prompt): Pensando como especialista de la cultura y la comunicaci\u00f3n, \u00bfcu\u00e1les son las \u00e1reas que deber\u00eda considerar al hacer una investigaci\u00f3n sobre ciudadan\u00eda digital? En color azul, \u00e1reas relacionadas amplia o parcialmente. Elaboraci\u00f3n propia.<\/p><\/div>\n<div id=\"attachment_7268\" style=\"width: 1656px\" class=\"wp-caption aligncenter\"><a href=\"https:\/\/entretejidos.iconos.edu.mx\/thesite\/wp-content\/uploads\/2024\/05\/ciudadania_09.png.png\"><img loading=\"lazy\" decoding=\"async\" aria-describedby=\"caption-attachment-7268\" class=\"wp-image-7268 size-full\" src=\"https:\/\/entretejidos.iconos.edu.mx\/thesite\/wp-content\/uploads\/2024\/05\/ciudadania_09.png.png\" alt=\"Tabla 9.\u00a0 Comparaci\u00f3n de segunda\u00a0 pregunta (prompt):\u00bfCu\u00e1les son los subtemas m\u00e1s relevantes de la investigaci\u00f3n contempor\u00e1nea, en el mundo, sobre ciudadan\u00eda digital? En color rojo, subtemas relacionados amplia o parcialmente. Elaboraci\u00f3n propia.\" width=\"1646\" height=\"1618\" srcset=\"https:\/\/entretejidos.iconos.edu.mx\/thesite\/wp-content\/uploads\/2024\/05\/ciudadania_09.png.png 1646w, https:\/\/entretejidos.iconos.edu.mx\/thesite\/wp-content\/uploads\/2024\/05\/ciudadania_09.png-300x295.png 300w, https:\/\/entretejidos.iconos.edu.mx\/thesite\/wp-content\/uploads\/2024\/05\/ciudadania_09.png-1024x1007.png 1024w, https:\/\/entretejidos.iconos.edu.mx\/thesite\/wp-content\/uploads\/2024\/05\/ciudadania_09.png-768x755.png 768w, https:\/\/entretejidos.iconos.edu.mx\/thesite\/wp-content\/uploads\/2024\/05\/ciudadania_09.png-1536x1510.png 1536w\" sizes=\"auto, (max-width: 1646px) 100vw, 1646px\" \/><\/a><p id=\"caption-attachment-7268\" class=\"wp-caption-text\">Tabla 9.\u00a0 Comparaci\u00f3n de segunda\u00a0 pregunta (prompt): \u00bfCu\u00e1les son los subtemas m\u00e1s relevantes de la investigaci\u00f3n contempor\u00e1nea, en el mundo, sobre ciudadan\u00eda digital? En color rojo, subtemas relacionados amplia o parcialmente. Elaboraci\u00f3n propia.<\/p><\/div>\n<p>Tomando en consideraci\u00f3n que los conceptos ciudadan\u00eda y Derechos Humanos est\u00e1n bien establecidos en leyes, acuerdos internacionales y cuentan con estudios acad\u00e9micos de relevancia y gran tradici\u00f3n, frente a los conceptos de ciudadan\u00eda digital y derechos digitales que son conceptos recientes y un tanto elusivos en su definici\u00f3n, tambi\u00e9n se realizaron consultas a las plataformas de IA sobre estos temas.<\/p>\n<div id=\"attachment_7269\" style=\"width: 1393px\" class=\"wp-caption aligncenter\"><a href=\"https:\/\/entretejidos.iconos.edu.mx\/thesite\/wp-content\/uploads\/2024\/05\/ciudadania_10.png.png\"><img loading=\"lazy\" decoding=\"async\" aria-describedby=\"caption-attachment-7269\" class=\"wp-image-7269 size-full\" src=\"https:\/\/entretejidos.iconos.edu.mx\/thesite\/wp-content\/uploads\/2024\/05\/ciudadania_10.png.png\" alt=\"Tabla 10. Comparativo de respuestas a la pregunta (prompt): \u00bfCu\u00e1les son los elementos que constituyen a la ciudadan\u00eda en las democracias contempor\u00e1neas? Entre ChatGPT y COPILOT. Elaboraci\u00f3n propia.\" width=\"1383\" height=\"782\" srcset=\"https:\/\/entretejidos.iconos.edu.mx\/thesite\/wp-content\/uploads\/2024\/05\/ciudadania_10.png.png 1383w, https:\/\/entretejidos.iconos.edu.mx\/thesite\/wp-content\/uploads\/2024\/05\/ciudadania_10.png-300x170.png 300w, https:\/\/entretejidos.iconos.edu.mx\/thesite\/wp-content\/uploads\/2024\/05\/ciudadania_10.png-1024x579.png 1024w, https:\/\/entretejidos.iconos.edu.mx\/thesite\/wp-content\/uploads\/2024\/05\/ciudadania_10.png-768x434.png 768w\" sizes=\"auto, (max-width: 1383px) 100vw, 1383px\" \/><\/a><p id=\"caption-attachment-7269\" class=\"wp-caption-text\">Tabla 10. Comparativo de respuestas a la pregunta (prompt): \u00bfCu\u00e1les son los elementos que constituyen a la ciudadan\u00eda en las democracias contempor\u00e1neas? Entre ChatGPT y COPILOT. Elaboraci\u00f3n propia.<\/p><\/div>\n<div id=\"attachment_7308\" style=\"width: 1041px\" class=\"wp-caption aligncenter\"><a href=\"https:\/\/entretejidos.iconos.edu.mx\/thesite\/wp-content\/uploads\/2024\/05\/Mapa_aestudio_CD.png\"><img loading=\"lazy\" decoding=\"async\" aria-describedby=\"caption-attachment-7308\" class=\"wp-image-7308 size-full\" src=\"https:\/\/entretejidos.iconos.edu.mx\/thesite\/wp-content\/uploads\/2024\/05\/Mapa_aestudio_CD.png\" alt=\"Imagen 1. Mapa de las principales \u00e1reas de estudio e investigaci\u00f3n sobre ciudadan\u00eda digital. Elaboraci\u00f3n propia.\" width=\"1031\" height=\"775\" srcset=\"https:\/\/entretejidos.iconos.edu.mx\/thesite\/wp-content\/uploads\/2024\/05\/Mapa_aestudio_CD.png 1031w, https:\/\/entretejidos.iconos.edu.mx\/thesite\/wp-content\/uploads\/2024\/05\/Mapa_aestudio_CD-300x226.png 300w, https:\/\/entretejidos.iconos.edu.mx\/thesite\/wp-content\/uploads\/2024\/05\/Mapa_aestudio_CD-1024x770.png 1024w, https:\/\/entretejidos.iconos.edu.mx\/thesite\/wp-content\/uploads\/2024\/05\/Mapa_aestudio_CD-768x577.png 768w\" sizes=\"auto, (max-width: 1031px) 100vw, 1031px\" \/><\/a><p id=\"caption-attachment-7308\" class=\"wp-caption-text\">Imagen 1. Mapa de las principales \u00e1reas de estudio e investigaci\u00f3n sobre ciudadan\u00eda digital. Elaboraci\u00f3n propia.<\/p><\/div>\n<p>En la intenci\u00f3n de mostrar de manera gr\u00e1fica los hallazgos anteriores, se construy\u00f3 un mapa con los diversos temas asociados a la ciudadan\u00eda digital en los siguientes t\u00e9rminos:<\/p>\n<p>En 2021, la Comisi\u00f3n Econ\u00f3mica para Am\u00e9rica Latina y el Caribe (CEPAL), public\u00f3 el estudio \u201cCiudadan\u00eda digital en Am\u00e9rica Latina: revisi\u00f3n conceptual de iniciativas\u201d, en el que recoge una serie de definiciones en torno a la ciudadan\u00eda digital, que contribuyen a orientarnos en torno a la b\u00fasqueda que aqu\u00ed se ha referido:<\/p>\n<p>1. El Banco Mundial trabaja este concepto en el marco de un documento que ofrece criterios para evaluar programas de ciudadan\u00eda digital. M\u00e1s espec\u00edficamente, la Participaci\u00f3n Ciudadana Digital (DCE, por su siglas en ingl\u00e9s) se define como el uso de nuevos medios\/tecnolog\u00edas digitales de informaci\u00f3n y comunicaci\u00f3n, para crear o mejorar los canales de comunicaci\u00f3n que facilitan la interacci\u00f3n entre los ciudadanos y los gobiernos o el sector privado. El DCE puede usarse para mejorar la toma de decisiones a trav\u00e9s de una participaci\u00f3n ciudadana m\u00e1s efectiva, representaci\u00f3n y expresi\u00f3n, o para mejorar los resultados de desarrollo. (Claro, 2021, p. 20)<\/p>\n<p>2. La OCDE define el concepto como garantizar que los ni\u00f1os, ni\u00f1as y adolescentes se involucren de manera segura y efectiva con las tecnolog\u00edas digitales, ya sea en el hogar, en la escuela y m\u00e1s adelante en la vida en el lugar de trabajo. Propone que el compromiso efectivo con la tecnolog\u00eda digital incluye acceso y uso, planteando el problema de las brechas en el uso de las tecnolog\u00edas digitales y las habilidades correspondientes, especialmente en ni\u00f1os, ni\u00f1as y adolescentes en desventaja (Claro, 2021, p. 21)<\/p>\n<p>3. La UNESCO plantea que es necesario ir m\u00e1s all\u00e1 de las habilidades digitales o medi\u00e1ticas e incluir capacidades cognitivas, cr\u00edticas y creativas. En consecuencia, define ciudadan\u00eda digital como \u00ab\u2026poder encontrar, acceder, usar y crear informaci\u00f3n de manera efectiva; interactuar con otros usuarios y con contenido de forma activa, cr\u00edtica, sensible y de manera \u00e9tica y navegar en el entorno en l\u00ednea y de las TIC de manera segura y responsable, al mismo tiempo que conocer los propios derechos\u00bb . (Claro, 2021, p. 21)<\/p>\n<p>4. El Consejo Europeo define a un ciudadano digital como aquel que, a trav\u00e9s del desarrollo de una amplia gama de competencias, es capaz de participar de manera activa, positiva y responsable en comunidades locales, nacionales o globales. Como las tecnolog\u00edas digitales son disruptivas por naturaleza y evolucionan constantemente, el desarrollo de competencias es una actividad permanente. Se plantea que es un proceso que debe comenzar desde la primera infancia en el hogar y en la escuela, en entornos educativos formales, informales y no formales (Claro, 2021, p. 21)<\/p>\n<p>Con estas definiciones y con las consultas previamente realizadas, contamos con un marco de referencia que nos permite avanzar en la b\u00fasqueda de informaci\u00f3n y establecer los conceptos m\u00e1s importantes para iniciar una investigaci\u00f3n relativa a la Ciudadan\u00eda digital: la configuraci\u00f3n de derechos digitales con base en los derechos humanos.<\/p>\n<p><strong>Hacia una selecci\u00f3n preliminar de textos, autores y autoras<\/strong><\/p>\n<p>Tomando en consideraci\u00f3n lo expresado hasta aqu\u00ed y con el cruce de informaci\u00f3n entre las diversas bases de datos, los buscadores en Internet (Google y Microsoft Start) y aplicaciones de IA (Chat GPT y COPILOT) la selecci\u00f3n de l\u00edneas de trabajo y autoras\/autores preliminares para esta investigaci\u00f3n se concentrar\u00e1n en tres temas: Participaci\u00f3n pol\u00edtica, Educaci\u00f3n y cultura digital (Alfabetizaci\u00f3n Medi\u00e1tica e Informacional) y Ciudadan\u00eda digital y derechos humanos. Considerando que este es el inicio de la investigaci\u00f3n, de estos tres campos se decantar\u00e1n los aspectos m\u00e1s relevantes y pertinentes relativos a la construcci\u00f3n de un concepto contempor\u00e1neo de ciudadan\u00eda digital en el marco de los Derechos Humanos, tomando en consideraci\u00f3n, por supuesto, el planteamiento de objetivos, el problema de investigaci\u00f3n y la orientaci\u00f3n metodol\u00f3gica que se proponga derivada de la presente b\u00fasqueda.<\/p>\n<p>La primera l\u00ednea de inter\u00e9s se refiere a la participaci\u00f3n pol\u00edtica como expresi\u00f3n de la ciudadan\u00eda digital contempor\u00e1nea, uno de los campos en los que se identific\u00f3 un mayor n\u00famero de trabajos citados y referidos por las plataformas y las IA\u00b4s (con resultados verificados, luego de consultar cu\u00e1les son los autores m\u00e1s importantes en el campo de la ciudadan\u00eda digital, en los \u00faltimos diez a\u00f1os).<\/p>\n<p>La segunda l\u00ednea de trabajo es la que se integra con estudios sobre educaci\u00f3n y cultura digital, un amplio, acaso difuso espacio en donde convergen derechos humanos, formaci\u00f3n curricular y \u00e9tica en la evaluaci\u00f3n de conductas y relaci\u00f3n en internet. Y la tercera l\u00ednea de inter\u00e9s para este trabajo es la relacionada con propiamente, trabajos que enuncian y desarrollan de distintas maneras el concepto ciudadan\u00eda digital. El resumen de autores y textos de referencia en cada l\u00ednea de investigaci\u00f3n se anotan en el siguiente cuadro, con los nombres de los textos realizados por cada autor:<\/p>\n<div id=\"attachment_7270\" style=\"width: 1575px\" class=\"wp-caption aligncenter\"><a href=\"https:\/\/entretejidos.iconos.edu.mx\/thesite\/wp-content\/uploads\/2024\/05\/ciudadania_11.png.png\"><img loading=\"lazy\" decoding=\"async\" aria-describedby=\"caption-attachment-7270\" class=\"wp-image-7270 size-full\" src=\"https:\/\/entretejidos.iconos.edu.mx\/thesite\/wp-content\/uploads\/2024\/05\/ciudadania_11.png.png\" alt=\"Tabla 11. L\u00edneas de investigaci\u00f3n de mayor inter\u00e9s para esta investigaci\u00f3n sobre ciudadan\u00eda digital (Participaci\u00f3n pol\u00edtica. Alfabetizaci\u00f3n Medi\u00e1tica e Informacional. Ciudadan\u00eda digital y derechos humanos) y resumen de principales textos y autores de referencia. Elaboraci\u00f3n propia.\" width=\"1565\" height=\"664\" srcset=\"https:\/\/entretejidos.iconos.edu.mx\/thesite\/wp-content\/uploads\/2024\/05\/ciudadania_11.png.png 1565w, https:\/\/entretejidos.iconos.edu.mx\/thesite\/wp-content\/uploads\/2024\/05\/ciudadania_11.png-300x127.png 300w, https:\/\/entretejidos.iconos.edu.mx\/thesite\/wp-content\/uploads\/2024\/05\/ciudadania_11.png-1024x434.png 1024w, https:\/\/entretejidos.iconos.edu.mx\/thesite\/wp-content\/uploads\/2024\/05\/ciudadania_11.png-768x326.png 768w, https:\/\/entretejidos.iconos.edu.mx\/thesite\/wp-content\/uploads\/2024\/05\/ciudadania_11.png-1536x652.png 1536w\" sizes=\"auto, (max-width: 1565px) 100vw, 1565px\" \/><\/a><p id=\"caption-attachment-7270\" class=\"wp-caption-text\">Tabla 11. L\u00edneas de investigaci\u00f3n de mayor inter\u00e9s para esta investigaci\u00f3n sobre ciudadan\u00eda digital (Participaci\u00f3n pol\u00edtica. Alfabetizaci\u00f3n Medi\u00e1tica e Informacional. Ciudadan\u00eda digital y derechos humanos) y resumen de principales textos y autores de referencia. Elaboraci\u00f3n propia.<\/p><\/div>\n<p>No omito mencionar que, adem\u00e1s de los que se citan en el cuadro, para la etapa inicial de la investigaci\u00f3n se tomar\u00e1n en cuenta cuatro trabajos de referencia a los que con insistencia se cita en diversos textos que se revisaron como parte del presente documento. Estos trabajos tienen como caracter\u00edstica com\u00fan el hecho de ser investigaciones seminales para la configuraci\u00f3n de los conceptos fundamentales de esta propuesta de investigaci\u00f3n: ciudadan\u00eda digital, derechos digitales y alfabetizaci\u00f3n medi\u00e1tica e informacional. Estos textos son:<\/p>\n<ol>\n<li>1. Howard Rheingold &#8211; \u00abThe Virtual Community: Homesteading on the Electronic Frontier\u00bb (1993).<\/li>\n<li>2. Douglas Schuler &#8211; \u00abNew Community Networks: Wired for Change\u00bb (1996).<\/li>\n<li>3. Henry Jenkins &#8211; \u00abConvergence Culture: Where Old and New Media Collide\u00bb (2006).<\/li>\n<li>4. J\u00fcrgen Habermas. <em>Historia y cr\u00edtica de la opini\u00f3n p\u00fablica<\/em>. (2005).<\/li>\n<\/ol>\n<p>Luego de este recorrido por el estado del arte sobre ciudadan\u00eda digital, derechos digitales y alfabetizaci\u00f3n medi\u00e1tica e informacional, el camino de investigaci\u00f3n se muestra como un territorio de conocimiento amplio, por el que cruzan diversos elementos y factores de car\u00e1cter social, educativo, pol\u00edtico y filos\u00f3fico cuya pertinencia se incorpora a los debates de hoy en d\u00eda sobre el estatus civilizatorio y el papel de la humanidad en su responsabilidad en dicho proceso y su compromiso actual con los tiempos por venir, no s\u00f3lo en una perspectiva antropocentrista sino en una que considere los m\u00faltiples actores del mundo que comparte en su diversidad e importancia vital. La ciudadan\u00eda digital impele a recolocar el lugar y la relaci\u00f3n entre la participaci\u00f3n social, la tecnolog\u00eda y la noci\u00f3n de mundo que las sociedades han construido. A esta reflexi\u00f3n aspira a contribuir la investigaci\u00f3n que se desprender\u00e1 de este estudio preliminar que aqu\u00ed se ha documentado.<\/p>\n<p><strong>FUENTES DE CONSULTA<\/strong><\/p>\n<p>Aitamurto, T., &amp; Otros. (2016). Civic Crowd Analytics: Making Sense of Crowdsourced Civic Input with Big Data Tools. Proceedings of the 20th International Academic Mindtrek Conference, 86\u201394. https:\/\/doi.org\/10.1145\/2994310.2994366<\/p>\n<p>Alva de la Selva, Alma Rosa. (2020). Escenarios y desaf\u00edos de la ciudadan\u00eda digital en M\u00e9xico. Revista Mexicana de Ciencias Pol\u00edticas y Sociales, 65(238), 81-105. https:\/\/doi.org\/10.22201\/fcpys.2448492xe.2020.238.68337<\/p>\n<p>Appadurai, Arjun. (1997). La globalizaci\u00f3n y la imaginaci\u00f3n en la investigaci\u00f3n. UNESCO. http:\/\/www.unesco.org\/issj\/rics160\/appaduraispa.html#aa.40(2), 337-358.<\/p>\n<p>Avello, R., &amp; Otros. (2013). Evoluci\u00f3n de la alfabetizaci\u00f3n digital: nuevos conceptos y nuevas alfabetizaciones. Medisur, 11(4), 450-457.<\/p>\n<p>Banco Mundial. (2016). World Development Report 2016: Digital Dividends. Washington: World Bank.<\/p>\n<p>Bennett, W. Lance. (2008). Changing Citizenship in the Digital Age. Civic Life Online: Learning How Digital Media Can Engage Youth (pp. 1\u201324). MIT Press. doi:10.1162\/dmal.9780262524827.001<\/p>\n<p>Bennett, W. Lance, &amp; Segerberg, A. (2012). The logic of connective action: Digital media and the personalization of contentious politics. Information, Communication &amp; Society, 15(5), 739\u2013768. doi:10.1080\/1369118X.2012.670661<\/p>\n<p>B\u00f6rzel, Tanja A., &amp; Risse, Thomas. (2010). Governance without a state: Can it work? Regulation &amp; Governance, 4(2), 113\u2013134. https:\/\/doi.org\/10.1111\/j.1748-5991.2010.01076.x<\/p>\n<p>Campbell, S. W., &amp; Kwak, N. (2010). Mobile Communication and Civic Life: Linking Patterns of Use to Civic and Political Engagement. Journal of Communication, 60(3), 536-555. http:\/\/hdl.handle.net\/2027.42\/79332<\/p>\n<p>Canclini, N\u00e9stor Garc\u00eda. (2004). Diferentes, desiguales o desconectados. Revista CIDOB d&#8217;Afers Internacionals, 113-133.<\/p>\n<p>Castells, Manuel. (2009). Comunicaci\u00f3n y poder. Alianza Editorial.<\/p>\n<p>&#8212;. (2002). La dimensi\u00f3n cultural de Internet. Debolsillo.<\/p>\n<p>Castells, Manuel, &amp; Chemla, P. (2001). La galaxia Internet. Debolsillo.<\/p>\n<p>CEPAL (Comisi\u00f3n Econ\u00f3mica para Am\u00e9rica Latina y el Caribe). (2021). Tecnolog\u00edas digitales para un nuevo futuro (LC\/TS.2021\/43). Publicaci\u00f3n de las Naciones Unidas. https:\/\/www.cepal.org\/es\/publicaciones\/46816-tecnologias-digitales-un-nuevo-futuro<\/p>\n<p>&#8212;. (2020). Agenda Regional de Desarrollo Social Inclusivo (LC\/CDS.3\/5). Publicaci\u00f3n de las Naciones Unidas. https:\/\/www.cepal.org\/es\/publicaciones\/45324-agenda-regionaldesarrollo-social-inclusivo<\/p>\n<p>&#8212;. (2018a). Agenda digital para Am\u00e9rica Latina y el Caribe (eLAC2020). Publicaci\u00f3n de las Naciones Unidas. https:\/\/conferenciaelac.cepal.org\/6\/sites\/elac2020\/files\/cmsi.6_agenda_digital.pdf<\/p>\n<p>&#8212;. (2018b). La ineficiencia de la desigualdad (LC\/SES.37\/3-P). Publicaci\u00f3n de las Naciones Unidas. https:\/\/repositorio.cepal.org\/bitstream\/handle\/11362\/43442\/6\/S1800059_es.pdf<\/p>\n<p>&#8212;. (2017). Brechas, ejes y desaf\u00edos en el v\u00ednculo entre lo social y lo productivo (LC\/CDS.2\/3). Publicaci\u00f3n de las Naciones Unidas. https:\/\/repositorio.cepal.org\/bitstream\/handle\/11362\/42209\/1\/S1700769_es.pdf<\/p>\n<p>&#8212;. (2010). La hora de la igualdad: brechas por cerrar, caminos por abrir (LC\/G.2432(SES.33\/3)). Publicaci\u00f3n de las Naciones Unidas. https:\/\/www.cepal.org\/es\/publicaciones\/13309-la-hora-la-igualdad-brechas-cerrar-caminos-abrir-trigesimo-tercer-periodo<\/p>\n<p>CEPAL\/OEI (Comisi\u00f3n Econ\u00f3mica para Am\u00e9rica Latina y el Caribe\/Organizaci\u00f3n de Estados Iberoamericanos para la Educaci\u00f3n, la Ciencia y la Cultura). (2020). Educaci\u00f3n, juventud y trabajo: habilidades y competencias necesarias en un contexto cambiante (LC\/TS.2020\/116). https:\/\/repositorio.cepal.org\/bitstream\/handle\/11362\/46066\/4\/S2000522_es.pdf<\/p>\n<p>Cet.la (Centro de Estudios de Telecomunicaciones de Am\u00e9rica Latina). (2014). Programas de Alfabetizaci\u00f3n digital en Am\u00e9rica Latina. http:\/\/cet.la\/download\/4<\/p>\n<p>Chadwick, A. (2013). The hybrid media system: Politics and power. Oxford University Press Inc. https:\/\/doi.org\/10.1093\/acprof:oso\/9780199759477.001.0001<\/p>\n<p>Claro, M., &amp; Otros. (2021). Ciudadan\u00eda digital en Am\u00e9rica Latina: revisi\u00f3n conceptual de iniciativas (Serie Pol\u00edticas Sociales, N\u00b0 239). Comisi\u00f3n Econ\u00f3mica para Am\u00e9rica Latina y el Caribe (CEPAL). https:\/\/repositorio.cepal.org\/server\/api\/core\/bitstreams\/05d308b1-bb24-4e5e-a08e-e3d583407c42\/content<\/p>\n<p>Comisi\u00f3n Europea (Ed.). (2009). Recomendaci\u00f3n de la Comisi\u00f3n, 20 de agosto de 2009, sobre alfabetizaci\u00f3n medi\u00e1tica en el entorno digital para una industria audiovisual y de contenidos m\u00e1s competitiva y una sociedad del conocimiento incluyente. Diario Oficial de la Uni\u00f3n Europea L 277. https:\/\/eur-lex.europa.eu\/LexUriServ\/LexUriServ.do?uri=OJ:L:2009:227:0009:0012:ES:PDF<\/p>\n<p>Correa, Teresa. (2010). The participation divide among \u201conline experts\u201d: Experience, skills and psychological factors as predictors of college students\u2019 web content creation. Journal of Computer-Mediated Communication, 16(1), 71\u201392. https:\/\/doi.org\/10.1111\/j.1083-6101.2010.<\/p>\n<p>David, R., &amp; Otros. (2020). Education during the COVID-19 crisis. Opportunities and constraints of using EdTech in low-income countries (Policy Brief). EdTechHub. https:\/\/edtechhub.org\/wpcontent\/uploads\/2020\/04\/education-duringcovid-19-crisis.pdf<\/p>\n<p>Dutton, William H., &amp; Blank, G. (2011). Next Generation Users: The Internet in Britain. https:\/\/ssrn.com\/abstract=1960655 or http:\/\/dx.doi.org\/10.2139\/ssrn.1960655<\/p>\n<p>Dutton, William H., &amp; Reisdorf, B. C. (2017). Cultural divides and digital inequalities: attitudes shaping Internet and social media divides. Information, Communication &amp; Society. 10.1080\/1369118X.2017.1353640<\/p>\n<p>Fung, Archon, &amp; Otros. (2015). Technology for Democracy in Development: Lessons from Seven Case Studies. En Deliberation and Development: Rethinking the Role of Voice and Collective Action in Unequal Societies (pp. 229\u2013236). https:\/\/openknowledge.worldbank.org\/bitstream\/handle\/10986\/22167\/9781464805011.pdf<\/p>\n<p>Gainous, Jason, &amp; Otros. (2016). Internet freedom and social media effects: democracy and citizen attitudes in Latin America. Online Information Review, 40(5), 712 \u2013 738. http:\/\/dx.doi.org\/10.1108\/OIR-11-2015-0351<\/p>\n<p>Gallacher, James D., &amp; Otros. (2017). Junk News and Bots during the 2017 UK General Election: What Are UK Voters Sharing Over Twitter? https:\/\/blogs.oii.ox.ac.uk\/wpcontent\/uploads\/sites\/89\/2017\/06\/Junk-News-and-Bots-during-the-2017-UK-General-Election.pdf<\/p>\n<p>Galindo, Juan Antonio. (2019). Ciudadan\u00eda digital. Signo Y Pensamiento, 28(54), 164\u2013173. https:\/\/revistas.javeriana.edu.co\/index.php\/signoypensamiento\/article\/view\/26446<\/p>\n<p>Gil de Z\u00fa\u00f1iga, Homero, &amp; Otros. (2012). Social media use for news and individuals&#8217; social capital, civic engagement and political participation. Journal of Computer-Mediated Communication, 17(3), 319-336. http:\/\/dx.doi.org\/10.1111\/j.1083-6101.2012.01574.x<\/p>\n<p>Gim\u00e9nez, Gilberto. (2005). La cultura como identidad y la identidad como cultura. Consejo Nacional de la Cultura y las Artes. M\u00e9xico, 5-8. http:\/\/www.academia.edu\/download\/35120936\/7_LA_CULTURA_COMO_IDENTIDAD_Y_LA_IDENTIDAD_COMO_CULTURA.pdf<\/p>\n<p>GovLab, The. (2020, April 20). CrowdLaw Communiqu\u00e9: Continuity of Legislatures (April 2020). Medium. https:\/\/crowd.law\/crowdlaw-communiqu%C3%A9-continuity-of-legislaturesapril-2020-e13f0d4b0529<\/p>\n<p>Habermas, J\u00fcrgen. (2006). Political Communication in Media Society: Does Democracy Still Enjoy an Epistemic Dimension? The Impact of Normative Theory on Empirical Research. Communication Theory, 16(4), 411-426. https:\/\/doi.org\/10.1111\/j.1468-2885.2006.00280.x<\/p>\n<p>Haight, M., Quan-Haase, A., &amp; Corbett, B. A. (2014). Revisiting the digital divide in Canada: The impact of demographic factors on access to the internet, level of online activity, and social networking site usage. Information, Communication &amp; Society, 17(4), 503\u2013519. https:\/\/doi.org\/10.1080\/1369118X.2014.891633<\/p>\n<p>Haro-de-Rosario, Arturo, &amp; Otros. (2016). Using social media to enhance citizen engagement with local government: Twitter or Facebook? New Media &amp; Society, 20, 29-49. doi: 10.1177\/1461444816645652<\/p>\n<p>Hood, Christopher. (1995). The \u201cnew public management\u201d in the 1980s: Variations on a theme. Accounting, Organizations and Society, 20(2-3), 93-109. http:\/\/dx.doi.org\/10.1016\/0361-3682(93)E0001-W<\/p>\n<p>Livingstone, Sonia, &amp; Helsper, Ellen. (2010). Balancing opportunities and risks in teenagers\u2019 use of the internet: The role of online skills and internet self-efficacy. New Media &amp; Society, 12(2), 309\u2013329. https:\/\/doi.org\/10.1177\/1461444809342697<\/p>\n<p>Madianou, Mirca, &amp; Miller, Daniel. (2013). Polymedia: Towards a new theory of digital media in interpersonal communication. International Journal of Cultural Studies, 16(2), 169\u2013187. doi:10.1177\/1367877912452486<\/p>\n<p>Martin, Chris, &amp; Otros. (2016). The role of digital exclusion in social exclusion. Ipsos MORI Scotland, CarnegieUK trust. https:\/\/d1ssu070pg2v9i.cloudfront.net\/pex\/carnegie_uk_trust\/2016\/09\/LOW-2697-CUKT-Digital-Participation-Report-REVISE.pdf<\/p>\n<p>Min, Se Joo. (2010). From the Digital Divide to the Democratic Divide: Internet Skills, Political Interest, and the Second-Level Digital Divide in Political Internet Use. Journal of Information Technology &amp; Politics, 7(1), 22-35. doi: 10.1080\/19331680903109402<\/p>\n<p>Nieborg, David B., &amp; Poell, Thomas. (2018). The platformization of cultural production: Theorizing the contingent cultural commodity. New Media &amp; Society, 20(11), 4275\u20134292. https:\/\/doi.org\/10.1177\/1461444818769694<\/p>\n<p>OECD (Organisation for Economic Co-operation and Development). (2019). Skills Matter: Additional Results from the Survey of Adult Skills. OECD Skills Studies. OECD Publishing. https:\/\/doi.org\/10.1787\/1f029d8f-en<\/p>\n<p>&#8212;. (2016a). Skills Matter: Further Results from the Survey of Adult Skills. OECD Skills Studies. OECD Publishing. http:\/\/dx.doi.org\/10.1787\/9789264258051-en<\/p>\n<p>&#8212;. (2015). The OECD innovation strategy 2015. http:\/\/www.innovationpolicyplatform.org\/www.innovationpolicyplatform.org\/sti\/oecd-innovation-strategy-2015\/index.html<\/p>\n<p>&#8212;. (s.f.). Skills Matter. http:\/\/www.oecd.org\/skills\/<\/p>\n<p>ONU-Mujeres (Entidad de la ONU para la Igualdad de G\u00e9nero y el Empoderamiento de la Mujer). (2020). Propuesta para el desarrollo de una oferta formativa y asistencia t\u00e9cnica empresarial, de educaci\u00f3n financiera, en derechos humanos y g\u00e9nero a mujeres emprendedoras y empresarias rurales en el marco del programa MELIT. https:\/\/www2.unwomen.org\/-\/media\/field%20office%20americas\/documentos\/publicaciones\/2020\/05\/2020%2004%2021%20propuesta%20para%20capacitacion%20digital%20emprendedoras%20rurales.pdf?la=es&amp;vs=752<\/p>\n<p>Ortega-Gabriel, Walter. (2015). Ciudadan\u00eda digital: Entre la novedad del fen\u00f3meno y las limitaciones del concepto. Econom\u00eda, Sociedad y Territorio, 15(49), 835-844. http:\/\/www.scielo.org.mx\/scielo.php?script=sci_arttext&amp;pid=S1405-84212015000300010&amp;lng=es&amp;tlng=es<\/p>\n<p>Ramos Ch\u00e1vez, H\u00e9ctor Alejandro. (2019). Ciudadan\u00eda e informaci\u00f3n en ambientes digitales. Investigaci\u00f3n Bibliotecol\u00f3gica, 33(78), 143-163. https:\/\/doi.org\/10.22201\/iibi.24488321xe.2019.78.58045<\/p>\n<p>Richardson, J., &amp; Milovidov, E. (2019). Digital citizenship education handbook: Being online, well-being online, and rights online. Council of Europe.<\/p>\n<p>Richardson, K., &amp; Hessey, S. (2009). Archiving the self? Facebook as biography of social and relational memory. Journal of Information, Communication and Ethics in Society, 7(1), 25\u201338.<\/p>\n<p>Risse, Thomas, &amp; Stollenwerk, E. (2018). Legitimacy in Areas of Limited Statehood. Annual Review of Political Science, 21(1), 403\u2013418. https:\/\/doi.org\/10.1146\/annurev-polisci-041916-023610<\/p>\n<p>Rodr\u00edguez Morales, Daniel. (2016). Anilla cultural Latinoam\u00e9rica-Europa en Uruguay: un an\u00e1lisis evolutivo con estudio de casos sobre la interacci\u00f3n e inclusi\u00f3n participativa para la co-creaci\u00f3n en redes de Internet avanzado. Desde su fundaci\u00f3n a la actualidad. http:\/\/documentas.redclara.net\/bitstream\/10786\/1062\/1\/anilla.pdf<\/p>\n<p>Sanders, Rob. (2020). Digital inclusion, exclusion and participation. https:\/\/www.iriss.org.uk\/sites\/default\/files\/2020-04\/iriss_esss_outline_digital_inclusion_09042020_0.pdf<\/p>\n<p>Santana, Lourdes E. (2016). Ciudadan\u00eda en la esfera p\u00fablica h\u00edbrida. En A. Arriagada (Ed.), El mundo en mi mano: la revoluci\u00f3n de los datos m\u00f3viles (Cap\u00edtulo 5). Fundaci\u00f3n Pa\u00eds Digital y Entel Chile. https:\/\/bit.ly\/2yMQ8PU<\/p>\n<p>SCVO (Scottish Council for Voluntary Organisations). (2019). Scotland&#8217;s essential digital skills toolkit. https:\/\/storage.googleapis.com\/scvo-cms\/wp-content\/uploads\/2018\/10\/SCV-05-Report-A4-Portrait-V5.pdf<\/p>\n<p>Smith, Peter J., &amp; Smythe, E. (1999). Globalization, citizenship and technology: The mai meets the Internet. Canadian Foreign Policy Journal, 7(2), 83-105. doi: 10.1080\/11926422.1999.9673213<\/p>\n<p>T\u00e9llez-Carvajal, Enrique. (2017). Reflexiones en torno a la \u201cciudadan\u00eda digital\u201d. REVISTA DOXA DIGITAL, 7(13), 47\u201365. https:\/\/doi.org\/10.52191\/rdojs.2017.34<\/p>\n<p>UNTT (UN System Task Team on the Post-2015 UN Development Agenda). (2012). Realizing the future we want for all: Report to the Secretary-General. https:\/\/www.un.org\/millenniumgoals\/pdf\/Post_2015_UNTTreport.pdf<\/p>\n<p>Van Laar, E., &amp; Otros. (2017). The relation between 21st-century skills and digital skills: A systematic literature review. Computers in Human Behavior, 72, 577-588. doi: 10.1016\/j.chb.2017.03.010<\/p>\n<p>Winocur, Roberto. (2006). Internet en la vida cotidiana de los j\u00f3venes. Revista mexicana de sociolog\u00eda, 68(3), 551-580.<\/p>\n<div class=\"page\" title=\"Page 28\">\n<div class=\"layoutArea\">\n<div class=\"column\">\n<p>&nbsp;<\/p>\n<p><span style=\"font-size: 14pt; color: #f37376;\"><em><strong>Semblanza<\/strong><\/em><\/span><\/p>\n<p>&nbsp;<\/p>\n<p>Hilda Saray G\u00f3mez Gonz\u00e1lez<\/p>\n<p>&nbsp;<\/p>\n<p><span style=\"color: #f37376;\">Formacio\u0301n Acade\u0301mica:<\/span> Licenciatura en Periodismo y Comunicacio\u0301n Colectiva por la Universidad Nacional Auto\u0301noma de Me\u0301xico.<\/p>\n<p>Maestri\u0301a en Direccio\u0301n Estrate\u0301gica de Proyectos de Tecnologi\u0301as de Informacio\u0301n y Comunicacio\u0301n, por INFOTEC.<\/p>\n<p>Estudiante del Doctorado en Estudios Transdisciplinarios de la Cultura y la Comunicacio\u0301n en ICONOS, Instituto de Investigacio\u0301n en Comunicacio\u0301n y Cultura.<\/p>\n<p><span style=\"color: #f37376;\">Actividad Laboral:<\/span> Actualmente es titular de la Defensori\u0301a de las audiencias de UAM Radio 94.1 FM, emisora de la Universidad Auto\u0301noma Metropolitana, en la Ciudad de Me\u0301xico.<\/p>\n<p>Integrante del Consejo Directivo de la Asociacio\u0301n Mexicana de Defensori\u0301as de Audiencias (AMDA) y de la Organizacio\u0301n Interamericana de Defensori\u0301as de Audiencias (OID)<\/p>\n<p>Socia fundadora y presidenta de Desarrollo de Proyectos de AlfabetizaDigital AC, agencia especializada en temas de desarrollo y cultura digital.<\/p>\n<p>Conferencista y docente en materia de radio, medios de comunicacio\u0301n y cultura; medios y perspectiva de ge\u0301nero; comunicacio\u0301n y derechos humanos.<\/p>\n<p>Locutora, Conductora, guionista y productora de radio, podcast y contenidos sonoros.<\/p>\n<p>Ha coordinado y llevado a cabo numerosos proyectos de capacitacio\u0301n -cursos, talleres, diplomados- para las radios pu\u0301blicas de Me\u0301xico en materia de locucio\u0301n, guionismo, disen\u0303o de proyectos radiofo\u0301nicos, asi\u0301 como de normatividad y principios de los medios pu\u0301blicos, derechos y defensori\u0301as de las audiencias y gestio\u0301n de la radio pu\u0301blica en Me\u0301xico. Ha colaborado en esta a\u0301rea con la Red Me\u0301xico, la Red de Radios Universitarias de Me\u0301xico y numerosas entidades de cultura de los estados y universidades del pai\u0301s.<\/p>\n<p>Directora de Produccio\u0301n y Planeacio\u0301n de Radio Educacio\u0301n, o\u0301rgano desconcentrado de la Secretari\u0301a de Cultura del Gobierno de la Repu\u0301blica de Me\u0301xico, de septiembre de 2009 a febrero de 2019.<\/p>\n<p>En esta responsabilidad tuvo a su cargo la coordinacio\u0301n de la produccio\u0301n radio- fo\u0301nica general de la institucio\u0301n (42 series al aire, producciones especiales, controles remoto locales y fora\u0301neos) asi\u0301 como proyectos especiales tales como la Bienal Internacional de Radio -de la cual fue responsable de la organizacio\u0301n del programa acade\u0301mico y cultural en cinco ediciones- los Servicios digitales, la coordinacio\u0301n con la Defensori\u0301a de las audiencias y el Programa de dotacio\u0301n de contenidos para las radios pu\u0301blicas y sociales de todo el pai\u0301s<\/p>\n<p><span style=\"color: #f37376;\">Correo:<\/span> hsarayy64@gmail.com<\/p>\n<\/div>\n<\/div>\n<\/div>\n","protected":false},"excerpt":{"rendered":"<p>La ciudadan\u00eda digital es un concepto contempor\u00e1neo en el que convergen la construcci\u00f3n y aplicaci\u00f3n de los derechos humanos y la creciente complejidad del actuar individual y social en el ciberespacio. Los derechos humanos representan un constructo que se pone a prueba en su ejercicio mediado por la tecnolog\u00eda digital y sus expresiones comunicativas a&#8230;  <a class=\"excerpt-read-more\" href=\"https:\/\/entretejidos.iconos.edu.mx\/thesite\/ciudadania-digital-un-acercamiento-al-estado-del-arte\/\" title=\"Read Ciudadan\u00eda digital. Un acercamiento al estado del arte.\">Leer m\u00e1s &raquo;<\/a><\/p>\n","protected":false},"author":194,"featured_media":7189,"comment_status":"open","ping_status":"open","sticky":false,"template":"","format":"standard","meta":{"_acf_changed":false,"_monsterinsights_skip_tracking":false,"_monsterinsights_sitenote_active":false,"_monsterinsights_sitenote_note":"","_monsterinsights_sitenote_category":0,"footnotes":""},"categories":[3],"tags":[],"coauthors":[936],"class_list":["post-7093","post","type-post","status-publish","format-standard","has-post-thumbnail","hentry","category-estudios-de-la-cultura"],"acf":[],"_links":{"self":[{"href":"https:\/\/entretejidos.iconos.edu.mx\/thesite\/wp-json\/wp\/v2\/posts\/7093","targetHints":{"allow":["GET"]}}],"collection":[{"href":"https:\/\/entretejidos.iconos.edu.mx\/thesite\/wp-json\/wp\/v2\/posts"}],"about":[{"href":"https:\/\/entretejidos.iconos.edu.mx\/thesite\/wp-json\/wp\/v2\/types\/post"}],"author":[{"embeddable":true,"href":"https:\/\/entretejidos.iconos.edu.mx\/thesite\/wp-json\/wp\/v2\/users\/194"}],"replies":[{"embeddable":true,"href":"https:\/\/entretejidos.iconos.edu.mx\/thesite\/wp-json\/wp\/v2\/comments?post=7093"}],"version-history":[{"count":10,"href":"https:\/\/entretejidos.iconos.edu.mx\/thesite\/wp-json\/wp\/v2\/posts\/7093\/revisions"}],"predecessor-version":[{"id":7381,"href":"https:\/\/entretejidos.iconos.edu.mx\/thesite\/wp-json\/wp\/v2\/posts\/7093\/revisions\/7381"}],"wp:featuredmedia":[{"embeddable":true,"href":"https:\/\/entretejidos.iconos.edu.mx\/thesite\/wp-json\/wp\/v2\/media\/7189"}],"wp:attachment":[{"href":"https:\/\/entretejidos.iconos.edu.mx\/thesite\/wp-json\/wp\/v2\/media?parent=7093"}],"wp:term":[{"taxonomy":"category","embeddable":true,"href":"https:\/\/entretejidos.iconos.edu.mx\/thesite\/wp-json\/wp\/v2\/categories?post=7093"},{"taxonomy":"post_tag","embeddable":true,"href":"https:\/\/entretejidos.iconos.edu.mx\/thesite\/wp-json\/wp\/v2\/tags?post=7093"},{"taxonomy":"author","embeddable":true,"href":"https:\/\/entretejidos.iconos.edu.mx\/thesite\/wp-json\/wp\/v2\/coauthors?post=7093"}],"curies":[{"name":"wp","href":"https:\/\/api.w.org\/{rel}","templated":true}]}}